{"id":64950,"date":"2026-03-10T11:22:51","date_gmt":"2026-03-10T14:22:51","guid":{"rendered":"https:\/\/radiorevelacionfm.cl\/?p=64950"},"modified":"2026-03-10T11:22:51","modified_gmt":"2026-03-10T14:22:51","slug":"universidad-de-aysen-da-la-bienvenida-a-39-nuevos-estudiantes-del-programa-pace","status":"publish","type":"post","link":"https:\/\/radiorevelacionfm.cl\/?p=64950","title":{"rendered":"Universidad de Ays\u00e9n da la bienvenida a 39 nuevos estudiantes del programa PACE"},"content":{"rendered":"<div class=\"flex_column av_one_full  flex_column_div av-zero-column-padding first  avia-builder-el-0  el_before_av_one_full  avia-builder-el-first  \" style='border-radius:0px; '><div  class='avia-image-container  av-styling-    avia-builder-el-1  avia-builder-el-no-sibling  avia-align-center '  itemprop=\"image\" itemscope=\"itemscope\" itemtype=\"https:\/\/schema.org\/ImageObject\"  ><div class='avia-image-container-inner'><div class='avia-image-overlay-wrap'><img decoding=\"async\" class='wp-image-64951 avia-img-lazy-loading-not-64951 avia_image' src=\"https:\/\/radiorevelacionfm.cl\/wp-content\/uploads\/2026\/03\/dsc07923-1_optimized.jpg\" alt='' title='dsc07923-(1)_optimized' height=\"600\" width=\"900\"  itemprop=\"thumbnailUrl\" srcset=\"https:\/\/radiorevelacionfm.cl\/wp-content\/uploads\/2026\/03\/dsc07923-1_optimized.jpg 900w, https:\/\/radiorevelacionfm.cl\/wp-content\/uploads\/2026\/03\/dsc07923-1_optimized-300x200.jpg 300w, https:\/\/radiorevelacionfm.cl\/wp-content\/uploads\/2026\/03\/dsc07923-1_optimized-768x512.jpg 768w, https:\/\/radiorevelacionfm.cl\/wp-content\/uploads\/2026\/03\/dsc07923-1_optimized-705x470.jpg 705w, https:\/\/radiorevelacionfm.cl\/wp-content\/uploads\/2026\/03\/dsc07923-1_optimized-450x300.jpg 450w, https:\/\/radiorevelacionfm.cl\/wp-content\/uploads\/2026\/03\/dsc07923-1_optimized-600x400.jpg 600w\" sizes=\"(max-width: 900px) 100vw, 900px\" \/><\/div><\/div><\/div><\/div><div class=\"flex_column av_one_full  flex_column_div av-zero-column-padding first  avia-builder-el-2  el_after_av_one_full  el_before_av_one_full  column-top-margin\" style='border-radius:0px; '><section class=\"av_textblock_section \"  itemscope=\"itemscope\" itemtype=\"https:\/\/schema.org\/BlogPosting\" itemprop=\"blogPost\" ><div class='avia_textblock  '   itemprop=\"text\" ><p style=\"text-align: center;\"><strong><span style=\"font-size: 18pt;\">Universidad de Ays\u00e9n da la bienvenida a 39 nuevos estudiantes del programa PACE<\/span><\/strong><\/p>\n<div id=\"gtx-trans\" style=\"position: absolute; left: -50px; top: 4.31534px;\">\n<div class=\"gtx-trans-icon\"><\/div>\n<\/div>\n<\/div><\/section><\/div><div class=\"flex_column av_one_full  flex_column_div av-zero-column-padding first  avia-builder-el-4  el_after_av_one_full  el_before_av_hr  column-top-margin\" style='border-radius:0px; '><section class=\"av_textblock_section \"  itemscope=\"itemscope\" itemtype=\"https:\/\/schema.org\/BlogPosting\" itemprop=\"blogPost\" ><div class='avia_textblock  '   itemprop=\"text\" ><ul>\n<li dir=\"ltr\">\n<p dir=\"ltr\" style=\"text-align: justify;\" role=\"presentation\"><em>La actividad convoc\u00f3 a estudiantes provenientes de diversos liceos de la regi\u00f3n de Ays\u00e9n y de la Regi\u00f3n de Los Lagos, quienes iniciaron su vida universitaria con actividades de bienvenida, integraci\u00f3n y orientaci\u00f3n institucional.<\/em><\/p>\n<\/li>\n<\/ul>\n<p dir=\"ltr\" style=\"text-align: justify;\">Con el objetivo de acompa\u00f1ar su transici\u00f3n a la vida universitaria, la Universidad de Ays\u00e9n realiz\u00f3 el pasado 4 de marzo una jornada de bienvenida para las y los 39 estudiantes de la cohorte 2026 que ingresaron a la instituci\u00f3n a trav\u00e9s del Programa de Acceso a la Educaci\u00f3n Superior (PACE). La actividad se desarroll\u00f3 en el Campus Err\u00e1zuriz y convoc\u00f3 a autoridades universitarias, jefaturas de carrera, equipos de apoyo estudiantil y al equipo PACE, quienes recibieron a estudiantes provenientes de distintos liceos de la regi\u00f3n de Ays\u00e9n y de la Regi\u00f3n de Los Lagos.<\/p>\n<p dir=\"ltr\" style=\"text-align: justify;\">La instancia permiti\u00f3 presentar a las y los estudiantes el funcionamiento del programa PACE dentro de la universidad y los apoyos disponibles durante su trayectoria acad\u00e9mica, incluyendo orientaci\u00f3n acad\u00e9mica, acompa\u00f1amiento psicoeducativo y redes de apoyo institucional. Este proceso de acompa\u00f1amiento busca facilitar la adaptaci\u00f3n al entorno universitario y fortalecer las herramientas necesarias para el desarrollo de su formaci\u00f3n profesional.<\/p>\n<p dir=\"ltr\" style=\"text-align: justify;\">El coordinador de Admisi\u00f3n y del Programa PACE de la Universidad de Ays\u00e9n, David V\u00e1squez, valor\u00f3 este encuentro se\u00f1alando que \u201chemos dado la bienvenida a los 39 estudiantes PACE que ingresaron este a\u00f1o a las distintas carreras de la Universidad de Ays\u00e9n. Tenemos estudiantes de diversos lugares de la regi\u00f3n, desde las zonas m\u00e1s extremas y tambi\u00e9n estudiantes de la Regi\u00f3n de Los Lagos, del Liceo de Palena, de Dalcahue o del Liceo de Quell\u00f3n, por mencionar algunos. Estamos muy felices porque pr\u00e1cticamente hemos duplicado el n\u00famero de estudiantes que ingresan a trav\u00e9s de habilitaci\u00f3n PACE, quienes son estudiantes de excelencia acad\u00e9mica y alto rendimiento, y que hoy comienzan a recorrer su camino en la Universidad de Ays\u00e9n\u201d, se\u00f1al\u00f3.<\/p>\n<p dir=\"ltr\" style=\"text-align: justify;\">La directora acad\u00e9mica de la Universidad de Ays\u00e9n, Paulina Flores, destac\u00f3 el car\u00e1cter integrador de la jornada, se\u00f1alando que \u201cse realiz\u00f3 una actividad de esparcimiento con un juego l\u00fadico que termin\u00f3 con una instancia para conocer distintas secciones de la universidad, donde los estudiantes se van a involucrar y donde pueden resolver todas sus dudas. La actividad se desarroll\u00f3 con gran entusiasmo y, afortunadamente, contamos con la participaci\u00f3n de un n\u00famero importante de estudiantes, por lo que todos quedamos muy contentos de participar en esta jornada.\u201d<\/p>\n<p dir=\"ltr\" style=\"text-align: justify;\">Desde el estudiantado, Crist\u00f3bal Saldivia de Ingenier\u00eda Civil Industrial, valor\u00f3 la orientaci\u00f3n recibida durante su paso por el programa, destacando que \u201cnos hicieron hartas charlas donde nos guiaron sobre el proceso de c\u00f3mo se pod\u00eda ser parte del programa PACE en las diferentes universidades que ten\u00edan este programa y eso s\u00ed nos sirvi\u00f3 harto para mantenernos informados sobre esta opci\u00f3n, que es muy buena y que te abre la posibilidad de entrar a la universidad.\u201d<\/p>\n<p dir=\"ltr\" style=\"text-align: justify;\">Por su parte, Franshesca Vel\u00e1zquez, estudiante de Terapia Ocupacional, relev\u00f3 el acompa\u00f1amiento que contempla el programa durante los primeros a\u00f1os de formaci\u00f3n, se\u00f1alando que \u201cquienes estamos habilitados por PACE tenemos un gu\u00eda m\u00e1s o menos por dos a\u00f1os. Ese gu\u00eda nos va a estar ayudando durante ese tiempo y me parece muy bien, porque quienes somos del programa PACE nos hemos esforzado mucho para conseguir este cupo, porque quer\u00edamos entrar a estudiar a una universidad y fue un esfuerzo bastante sacrificado que vali\u00f3 la pena.\u201d<\/p>\n<p dir=\"ltr\" style=\"text-align: justify;\">La actividad contempl\u00f3 din\u00e1micas de integraci\u00f3n y un trabajo grupal por carreras, orientado a facilitar el conocimiento entre estudiantes y su v\u00ednculo con actores clave de la universidad. La jornada finaliz\u00f3 con un espacio de camarader\u00eda que permiti\u00f3 compartir \u00a0 experiencias y fortalecer los lazos entre quienes comienzan su trayectoria acad\u00e9mica en la casa de estudios regional. Esta instancia forma parte de las acciones del programa PACE destinadas a favorecer una transici\u00f3n exitosa a la vida universitaria y a promover el acceso a los servicios de apoyo institucional desde el inicio de la formaci\u00f3n.<\/p>\n<\/div><\/section><\/div><div  style='height:50px' class='hr hr-invisible   avia-builder-el-6  el_after_av_one_full  el_before_av_social_share '><span class='hr-inner ' ><span class='hr-inner-style'><\/span><\/span><\/div><\/p>\n<div  class='av-social-sharing-box  avia-builder-el-7  el_after_av_hr  el_before_av_hr  '><div class='av-share-box'><h5 class='av-share-link-description av-no-toc '>Compartir esta noticia<\/h5><ul class='av-share-box-list noLightbox'><li class='av-share-link av-social-link-facebook' ><a target=\"_blank\" aria-label=\"Compartir en Facebook\" href='https:\/\/www.facebook.com\/sharer.php?u=https:\/\/radiorevelacionfm.cl\/?p=64950&#038;t=Universidad%20de%20Ays%C3%A9n%20da%20la%20bienvenida%20a%2039%20nuevos%20estudiantes%20del%20programa%20PACE' aria-hidden='false' data-av_icon='\ue8f3' data-av_iconfont='entypo-fontello' title='' data-avia-related-tooltip='Compartir en Facebook' rel=\"noopener\"><span class='avia_hidden_link_text'>Compartir en Facebook<\/span><\/a><\/li><li class='av-share-link av-social-link-twitter' ><a target=\"_blank\" aria-label=\"Compartir en Twitter\" href='https:\/\/twitter.com\/share?text=Universidad%20de%20Ays%C3%A9n%20da%20la%20bienvenida%20a%2039%20nuevos%20estudiantes%20del%20programa%20PACE&#038;url=https:\/\/radiorevelacionfm.cl\/?p=64950' aria-hidden='false' data-av_icon='\ue8f1' data-av_iconfont='entypo-fontello' title='' data-avia-related-tooltip='Compartir en Twitter' rel=\"noopener\"><span class='avia_hidden_link_text'>Compartir en Twitter<\/span><\/a><\/li><li class='av-share-link av-social-link-whatsapp' ><a target=\"_blank\" aria-label=\"Compartir en Whatsapp\" href='https:\/\/api.whatsapp.com\/send?text=https:\/\/radiorevelacionfm.cl\/?p=64950' aria-hidden='false' data-av_icon='\uf232' data-av_iconfont='entypo-fontello' title='' data-avia-related-tooltip='Compartir en Whatsapp' rel=\"noopener\"><span class='avia_hidden_link_text'>Compartir en Whatsapp<\/span><\/a><\/li><li class='av-share-link av-social-link-linkedin' ><a target=\"_blank\" aria-label=\"Compartir en LinkedIn\" href='https:\/\/linkedin.com\/shareArticle?mini=true&#038;title=Universidad%20de%20Ays%C3%A9n%20da%20la%20bienvenida%20a%2039%20nuevos%20estudiantes%20del%20programa%20PACE&#038;url=https:\/\/radiorevelacionfm.cl\/?p=64950' aria-hidden='false' data-av_icon='\ue8fc' data-av_iconfont='entypo-fontello' title='' data-avia-related-tooltip='Compartir en LinkedIn' rel=\"noopener\"><span class='avia_hidden_link_text'>Compartir en LinkedIn<\/span><\/a><\/li><li class='av-share-link av-social-link-mail' ><a  aria-label=\"Compartir por correo\" href='mailto:?subject=Universidad%20de%20Ays%C3%A9n%20da%20la%20bienvenida%20a%2039%20nuevos%20estudiantes%20del%20programa%20PACE&#038;body=https:\/\/radiorevelacionfm.cl\/?p=64950' aria-hidden='false' data-av_icon='\ue805' data-av_iconfont='entypo-fontello' title='' data-avia-related-tooltip='Compartir por correo'><span class='avia_hidden_link_text'>Compartir por correo<\/span><\/a><\/li><\/ul><\/div><\/div>\n<div  style='height:50px' class='hr hr-invisible   avia-builder-el-8  el_after_av_social_share  el_before_av_comments_list '><span class='hr-inner ' ><span class='hr-inner-style'><\/span><\/span><\/div>\n<div  class='av-buildercomment  av-blog-meta-html-info-disabled av-blog-meta-tag-disabled  '><\/div>\n","protected":false},"excerpt":{"rendered":"","protected":false},"author":1,"featured_media":64951,"comment_status":"closed","ping_status":"closed","sticky":false,"template":"","format":"standard","meta":{"footnotes":""},"categories":[49],"tags":[],"class_list":["post-64950","post","type-post","status-publish","format-standard","has-post-thumbnail","hentry","category-educacion"],"jetpack_featured_media_url":"https:\/\/radiorevelacionfm.cl\/wp-content\/uploads\/2026\/03\/dsc07923-1_optimized.jpg","_links":{"self":[{"href":"https:\/\/radiorevelacionfm.cl\/index.php?rest_route=\/wp\/v2\/posts\/64950","targetHints":{"allow":["GET"]}}],"collection":[{"href":"https:\/\/radiorevelacionfm.cl\/index.php?rest_route=\/wp\/v2\/posts"}],"about":[{"href":"https:\/\/radiorevelacionfm.cl\/index.php?rest_route=\/wp\/v2\/types\/post"}],"author":[{"embeddable":true,"href":"https:\/\/radiorevelacionfm.cl\/index.php?rest_route=\/wp\/v2\/users\/1"}],"replies":[{"embeddable":true,"href":"https:\/\/radiorevelacionfm.cl\/index.php?rest_route=%2Fwp%2Fv2%2Fcomments&post=64950"}],"version-history":[{"count":2,"href":"https:\/\/radiorevelacionfm.cl\/index.php?rest_route=\/wp\/v2\/posts\/64950\/revisions"}],"predecessor-version":[{"id":64960,"href":"https:\/\/radiorevelacionfm.cl\/index.php?rest_route=\/wp\/v2\/posts\/64950\/revisions\/64960"}],"wp:featuredmedia":[{"embeddable":true,"href":"https:\/\/radiorevelacionfm.cl\/index.php?rest_route=\/wp\/v2\/media\/64951"}],"wp:attachment":[{"href":"https:\/\/radiorevelacionfm.cl\/index.php?rest_route=%2Fwp%2Fv2%2Fmedia&parent=64950"}],"wp:term":[{"taxonomy":"category","embeddable":true,"href":"https:\/\/radiorevelacionfm.cl\/index.php?rest_route=%2Fwp%2Fv2%2Fcategories&post=64950"},{"taxonomy":"post_tag","embeddable":true,"href":"https:\/\/radiorevelacionfm.cl\/index.php?rest_route=%2Fwp%2Fv2%2Ftags&post=64950"}],"curies":[{"name":"wp","href":"https:\/\/api.w.org\/{rel}","templated":true}]}}