{"id":64947,"date":"2026-03-10T10:30:41","date_gmt":"2026-03-10T13:30:41","guid":{"rendered":"https:\/\/radiorevelacionfm.cl\/?p=64947"},"modified":"2026-03-10T10:30:41","modified_gmt":"2026-03-10T13:30:41","slug":"colegio-kalem-destaca-en-resultados-simce-2025-con-primeros-lugares-comunales-y-regionales","status":"publish","type":"post","link":"https:\/\/radiorevelacionfm.cl\/?p=64947","title":{"rendered":"Colegio Kalem destaca en resultados SIMCE 2025 con primeros lugares comunales y regionales"},"content":{"rendered":"<div class=\"flex_column av_one_full  flex_column_div av-zero-column-padding first  avia-builder-el-0  el_before_av_one_full  avia-builder-el-first  \" style='border-radius:0px; '><div  class='avia-image-container  av-styling-    avia-builder-el-1  avia-builder-el-no-sibling  avia-align-center '  itemprop=\"image\" itemscope=\"itemscope\" itemtype=\"https:\/\/schema.org\/ImageObject\"  ><div class='avia-image-container-inner'><div class='avia-image-overlay-wrap'><img decoding=\"async\" class='wp-image-64948 avia-img-lazy-loading-not-64948 avia_image' src=\"https:\/\/radiorevelacionfm.cl\/wp-content\/uploads\/2026\/03\/KALEM-3-1-1.jpeg\" alt='' title='KALEM 3 (1) (1)' height=\"600\" width=\"800\"  itemprop=\"thumbnailUrl\" srcset=\"https:\/\/radiorevelacionfm.cl\/wp-content\/uploads\/2026\/03\/KALEM-3-1-1.jpeg 800w, https:\/\/radiorevelacionfm.cl\/wp-content\/uploads\/2026\/03\/KALEM-3-1-1-300x225.jpeg 300w, https:\/\/radiorevelacionfm.cl\/wp-content\/uploads\/2026\/03\/KALEM-3-1-1-768x576.jpeg 768w, https:\/\/radiorevelacionfm.cl\/wp-content\/uploads\/2026\/03\/KALEM-3-1-1-705x529.jpeg 705w, https:\/\/radiorevelacionfm.cl\/wp-content\/uploads\/2026\/03\/KALEM-3-1-1-450x338.jpeg 450w, https:\/\/radiorevelacionfm.cl\/wp-content\/uploads\/2026\/03\/KALEM-3-1-1-600x450.jpeg 600w\" sizes=\"(max-width: 800px) 100vw, 800px\" \/><\/div><\/div><\/div><\/div><div class=\"flex_column av_one_full  flex_column_div av-zero-column-padding first  avia-builder-el-2  el_after_av_one_full  el_before_av_one_full  column-top-margin\" style='border-radius:0px; '><section class=\"av_textblock_section \"  itemscope=\"itemscope\" itemtype=\"https:\/\/schema.org\/BlogPosting\" itemprop=\"blogPost\" ><div class='avia_textblock  '   itemprop=\"text\" ><p style=\"text-align: center;\"><strong><span style=\"font-size: 18pt;\">Colegio Kalem destaca en resultados SIMCE 2025 con primeros lugares comunales y regionales<\/span><\/strong><\/p>\n<div id=\"gtx-trans\" style=\"position: absolute; left: -50px; top: 4.31534px;\">\n<div class=\"gtx-trans-icon\"><\/div>\n<\/div>\n<\/div><\/section><\/div><div class=\"flex_column av_one_full  flex_column_div av-zero-column-padding first  avia-builder-el-4  el_after_av_one_full  el_before_av_hr  column-top-margin\" style='border-radius:0px; '><section class=\"av_textblock_section \"  itemscope=\"itemscope\" itemtype=\"https:\/\/schema.org\/BlogPosting\" itemprop=\"blogPost\" ><div class='avia_textblock  '   itemprop=\"text\" ><p style=\"text-align: justify;\">El <strong>Colegio Kalem de Puerto Ays\u00e9n<\/strong> celebr\u00f3 con orgullo los resultados obtenidos en el <strong>SIMCE 2025<\/strong>, donde sus estudiantes alcanzaron destacados lugares tanto a nivel comunal como regional, reflejando el trabajo sostenido de toda su comunidad educativa.<\/p>\n<p style=\"text-align: justify;\">Entre los resultados m\u00e1s relevantes, el establecimiento obtuvo <strong>1\u00b0 lugar comunal y 2\u00b0 lugar regional en Lenguaje y Matem\u00e1tica en 4\u00b0 B\u00e1sico<\/strong>, adem\u00e1s de importantes posiciones en otros niveles. En <strong>8\u00b0 B\u00e1sico<\/strong>, los estudiantes lograron <strong>1\u00b0 lugar regional en Lenguaje y 1\u00b0 lugar comunal \/ 2\u00b0 lugar regional en Matem\u00e1tica<\/strong>, mientras que en <strong>Historia<\/strong> tambi\u00e9n alcanzaron <strong>1\u00b0 lugar regional<\/strong>. Por su parte, <strong>2\u00b0 Medio<\/strong> destac\u00f3 con <strong>1\u00b0 lugar comunal \/ 2\u00b0 lugar regional en Lenguaje y 1\u00b0 lugar regional en Matem\u00e1tica<\/strong>.<\/p>\n<p style=\"text-align: justify;\">Estos resultados posicionan al establecimiento como uno de los referentes educativos de la comuna y de la regi\u00f3n.<\/p>\n<p style=\"text-align: justify;\">La directora del establecimiento, <strong>Marcela Jaramillo<\/strong>, valor\u00f3 este logro como un reflejo del compromiso de toda la comunidad educativa \u201cPara nuestro colegio estos resultados representan un enorme orgullo, porque son fruto del esfuerzo conjunto de estudiantes, docentes, asistentes de la educaci\u00f3n y, por supuesto, de las familias que conf\u00edan en nuestro proyecto educativo. Este logro nos motiva a seguir fortaleciendo el trabajo pedag\u00f3gico y a continuar acompa\u00f1ando a nuestros estudiantes en su desarrollo integral. A los padres y futuros apoderados les queremos decir que en el Colegio Kalem encontrar\u00e1n una comunidad comprometida con la formaci\u00f3n acad\u00e9mica y val\u00f3rica de sus hijos\u201d.<\/p>\n<p style=\"text-align: justify;\">Desde el \u00e1rea pedag\u00f3gica, la <strong>jefa de UTP de Ense\u00f1anza Media, Cristina Mayorga<\/strong>, destac\u00f3 que estos resultados responden a un trabajo sistem\u00e1tico que se ha desarrollado en los \u00faltimos a\u00f1os \u201cLa pandemia fue un momento complejo para todo el sistema educativo, pero como colegio supimos enfrentar ese desaf\u00edo con compromiso y estrategias pedag\u00f3gicas que permitieron sostener los aprendizajes de nuestros estudiantes. Hoy estamos viendo los frutos de ese trabajo sostenido en el tiempo, y estos resultados reflejan que el camino que hemos tomado ha sido positivo\u201d.<\/p>\n<p style=\"text-align: justify;\">Por su parte, la <strong>encargada de Convivencia Escolar, Alejandra P\u00e9rez Gallegos<\/strong>, explic\u00f3 que el rendimiento acad\u00e9mico tambi\u00e9n est\u00e1 vinculado al bienestar integral de los estudiantes\u201cEl SIMCE no solo mide conocimientos te\u00f3ricos, tambi\u00e9n refleja de alguna manera el ambiente escolar y las condiciones en que los estudiantes aprenden. Cuando hablamos de convivencia escolar, hablamos de bienestar, de vida saludable, de relaciones respetuosas y de estudiantes que se sienten seguros y apoyados dentro de su comunidad educativa\u201d.<\/p>\n<p style=\"text-align: justify;\">Desde el Colegio Kalem destacaron que estos logros fortalecen su compromiso con la educaci\u00f3n de calidad en la comuna de <strong>Puerto Ays\u00e9n<\/strong>, reafirmando su objetivo de seguir formando estudiantes con s\u00f3lidos conocimientos, valores y herramientas para enfrentar los desaf\u00edos del futuro.<\/p>\n<\/div><\/section><\/div><div  style='height:50px' class='hr hr-invisible   avia-builder-el-6  el_after_av_one_full  el_before_av_social_share '><span class='hr-inner ' ><span class='hr-inner-style'><\/span><\/span><\/div><\/p>\n<div  class='av-social-sharing-box  avia-builder-el-7  el_after_av_hr  el_before_av_hr  '><div class='av-share-box'><h5 class='av-share-link-description av-no-toc '>Compartir esta noticia<\/h5><ul class='av-share-box-list noLightbox'><li class='av-share-link av-social-link-facebook' ><a target=\"_blank\" aria-label=\"Compartir en Facebook\" href='https:\/\/www.facebook.com\/sharer.php?u=https:\/\/radiorevelacionfm.cl\/?p=64947&#038;t=Colegio%20Kalem%20destaca%20en%20resultados%20SIMCE%202025%20con%20primeros%20lugares%20comunales%20y%20regionales' aria-hidden='false' data-av_icon='\ue8f3' data-av_iconfont='entypo-fontello' title='' data-avia-related-tooltip='Compartir en Facebook' rel=\"noopener\"><span class='avia_hidden_link_text'>Compartir en Facebook<\/span><\/a><\/li><li class='av-share-link av-social-link-twitter' ><a target=\"_blank\" aria-label=\"Compartir en Twitter\" href='https:\/\/twitter.com\/share?text=Colegio%20Kalem%20destaca%20en%20resultados%20SIMCE%202025%20con%20primeros%20lugares%20comunales%20y%20regionales&#038;url=https:\/\/radiorevelacionfm.cl\/?p=64947' aria-hidden='false' data-av_icon='\ue8f1' data-av_iconfont='entypo-fontello' title='' data-avia-related-tooltip='Compartir en Twitter' rel=\"noopener\"><span class='avia_hidden_link_text'>Compartir en Twitter<\/span><\/a><\/li><li class='av-share-link av-social-link-whatsapp' ><a target=\"_blank\" aria-label=\"Compartir en Whatsapp\" href='https:\/\/api.whatsapp.com\/send?text=https:\/\/radiorevelacionfm.cl\/?p=64947' aria-hidden='false' data-av_icon='\uf232' data-av_iconfont='entypo-fontello' title='' data-avia-related-tooltip='Compartir en Whatsapp' rel=\"noopener\"><span class='avia_hidden_link_text'>Compartir en Whatsapp<\/span><\/a><\/li><li class='av-share-link av-social-link-linkedin' ><a target=\"_blank\" aria-label=\"Compartir en LinkedIn\" href='https:\/\/linkedin.com\/shareArticle?mini=true&#038;title=Colegio%20Kalem%20destaca%20en%20resultados%20SIMCE%202025%20con%20primeros%20lugares%20comunales%20y%20regionales&#038;url=https:\/\/radiorevelacionfm.cl\/?p=64947' aria-hidden='false' data-av_icon='\ue8fc' data-av_iconfont='entypo-fontello' title='' data-avia-related-tooltip='Compartir en LinkedIn' rel=\"noopener\"><span class='avia_hidden_link_text'>Compartir en LinkedIn<\/span><\/a><\/li><li class='av-share-link av-social-link-mail' ><a  aria-label=\"Compartir por correo\" href='mailto:?subject=Colegio%20Kalem%20destaca%20en%20resultados%20SIMCE%202025%20con%20primeros%20lugares%20comunales%20y%20regionales&#038;body=https:\/\/radiorevelacionfm.cl\/?p=64947' aria-hidden='false' data-av_icon='\ue805' data-av_iconfont='entypo-fontello' title='' data-avia-related-tooltip='Compartir por correo'><span class='avia_hidden_link_text'>Compartir por correo<\/span><\/a><\/li><\/ul><\/div><\/div>\n<div  style='height:50px' class='hr hr-invisible   avia-builder-el-8  el_after_av_social_share  el_before_av_comments_list '><span class='hr-inner ' ><span class='hr-inner-style'><\/span><\/span><\/div>\n<div  class='av-buildercomment  av-blog-meta-html-info-disabled av-blog-meta-tag-disabled  '><\/div>\n","protected":false},"excerpt":{"rendered":"","protected":false},"author":1,"featured_media":64948,"comment_status":"closed","ping_status":"closed","sticky":false,"template":"","format":"standard","meta":{"footnotes":""},"categories":[49],"tags":[],"class_list":["post-64947","post","type-post","status-publish","format-standard","has-post-thumbnail","hentry","category-educacion"],"jetpack_featured_media_url":"https:\/\/radiorevelacionfm.cl\/wp-content\/uploads\/2026\/03\/KALEM-3-1-1.jpeg","_links":{"self":[{"href":"https:\/\/radiorevelacionfm.cl\/index.php?rest_route=\/wp\/v2\/posts\/64947","targetHints":{"allow":["GET"]}}],"collection":[{"href":"https:\/\/radiorevelacionfm.cl\/index.php?rest_route=\/wp\/v2\/posts"}],"about":[{"href":"https:\/\/radiorevelacionfm.cl\/index.php?rest_route=\/wp\/v2\/types\/post"}],"author":[{"embeddable":true,"href":"https:\/\/radiorevelacionfm.cl\/index.php?rest_route=\/wp\/v2\/users\/1"}],"replies":[{"embeddable":true,"href":"https:\/\/radiorevelacionfm.cl\/index.php?rest_route=%2Fwp%2Fv2%2Fcomments&post=64947"}],"version-history":[{"count":2,"href":"https:\/\/radiorevelacionfm.cl\/index.php?rest_route=\/wp\/v2\/posts\/64947\/revisions"}],"predecessor-version":[{"id":64954,"href":"https:\/\/radiorevelacionfm.cl\/index.php?rest_route=\/wp\/v2\/posts\/64947\/revisions\/64954"}],"wp:featuredmedia":[{"embeddable":true,"href":"https:\/\/radiorevelacionfm.cl\/index.php?rest_route=\/wp\/v2\/media\/64948"}],"wp:attachment":[{"href":"https:\/\/radiorevelacionfm.cl\/index.php?rest_route=%2Fwp%2Fv2%2Fmedia&parent=64947"}],"wp:term":[{"taxonomy":"category","embeddable":true,"href":"https:\/\/radiorevelacionfm.cl\/index.php?rest_route=%2Fwp%2Fv2%2Fcategories&post=64947"},{"taxonomy":"post_tag","embeddable":true,"href":"https:\/\/radiorevelacionfm.cl\/index.php?rest_route=%2Fwp%2Fv2%2Ftags&post=64947"}],"curies":[{"name":"wp","href":"https:\/\/api.w.org\/{rel}","templated":true}]}}