{"id":64943,"date":"2026-03-09T18:52:57","date_gmt":"2026-03-09T21:52:57","guid":{"rendered":"https:\/\/radiorevelacionfm.cl\/?p=64943"},"modified":"2026-03-09T18:52:57","modified_gmt":"2026-03-09T21:52:57","slug":"linea-5-de-taxis-colectivos-estreno-recorrido-en-coyhaique","status":"publish","type":"post","link":"https:\/\/radiorevelacionfm.cl\/?p=64943","title":{"rendered":"L\u00ednea 5 de taxis colectivos estren\u00f3 recorrido en Coyhaique"},"content":{"rendered":"<div class=\"flex_column av_one_full  flex_column_div av-zero-column-padding first  avia-builder-el-0  el_before_av_one_full  avia-builder-el-first  \" style='border-radius:0px; '><div  class='avia-image-container  av-styling-    avia-builder-el-1  avia-builder-el-no-sibling  avia-align-center '  itemprop=\"image\" itemscope=\"itemscope\" itemtype=\"https:\/\/schema.org\/ImageObject\"  ><div class='avia-image-container-inner'><div class='avia-image-overlay-wrap'><img decoding=\"async\" class='wp-image-64944 avia-img-lazy-loading-not-64944 avia_image' src=\"https:\/\/radiorevelacionfm.cl\/wp-content\/uploads\/2026\/03\/20260309_1117172_-1_optimized-1.jpg\" alt='' title='20260309_111717(2)_-(1)_optimized (1)' height=\"600\" width=\"984\"  itemprop=\"thumbnailUrl\" srcset=\"https:\/\/radiorevelacionfm.cl\/wp-content\/uploads\/2026\/03\/20260309_1117172_-1_optimized-1.jpg 984w, https:\/\/radiorevelacionfm.cl\/wp-content\/uploads\/2026\/03\/20260309_1117172_-1_optimized-1-300x183.jpg 300w, https:\/\/radiorevelacionfm.cl\/wp-content\/uploads\/2026\/03\/20260309_1117172_-1_optimized-1-768x468.jpg 768w, https:\/\/radiorevelacionfm.cl\/wp-content\/uploads\/2026\/03\/20260309_1117172_-1_optimized-1-705x430.jpg 705w, https:\/\/radiorevelacionfm.cl\/wp-content\/uploads\/2026\/03\/20260309_1117172_-1_optimized-1-450x274.jpg 450w, https:\/\/radiorevelacionfm.cl\/wp-content\/uploads\/2026\/03\/20260309_1117172_-1_optimized-1-600x366.jpg 600w\" sizes=\"(max-width: 984px) 100vw, 984px\" \/><\/div><\/div><\/div><\/div><div class=\"flex_column av_one_full  flex_column_div av-zero-column-padding first  avia-builder-el-2  el_after_av_one_full  el_before_av_one_full  column-top-margin\" style='border-radius:0px; '><section class=\"av_textblock_section \"  itemscope=\"itemscope\" itemtype=\"https:\/\/schema.org\/BlogPosting\" itemprop=\"blogPost\" ><div class='avia_textblock  '   itemprop=\"text\" ><p style=\"text-align: center;\"><span style=\"font-size: 18pt;\"><b>L\u00ednea 5 de taxis colectivos estren\u00f3 recorrido en Coyhaique<\/b><\/span><\/p>\n<div id=\"gtx-trans\" style=\"position: absolute; left: -50px; top: 4.31534px;\">\n<div class=\"gtx-trans-icon\"><\/div>\n<\/div>\n<\/div><\/section><\/div><div class=\"flex_column av_one_full  flex_column_div av-zero-column-padding first  avia-builder-el-4  el_after_av_one_full  el_before_av_hr  column-top-margin\" style='border-radius:0px; '><section class=\"av_textblock_section \"  itemscope=\"itemscope\" itemtype=\"https:\/\/schema.org\/BlogPosting\" itemprop=\"blogPost\" ><div class='avia_textblock  '   itemprop=\"text\" ><div>\n<ul>\n<li style=\"text-align: justify;\"><em>Trazado contempla prestar servicios transporte por primera vez a sectores sin acceso a transporte p\u00fablico, como Villa Los Glaciares, Poblaci\u00f3n General Marchant, Poblaci\u00f3n Regimiento, Poblaci\u00f3n Quinta Burgos, Poblaci\u00f3n Esteros de Ays\u00e9n, Poblaci\u00f3n Las Lengas y Villa Patagonia.<\/em><\/li>\n<\/ul>\n<p style=\"text-align: justify;\">En una emotiva y entusiasta ceremonia que tuvo lugar en Villa Los Glaciares, en el sector alto de Coyhaique, se dio inicio oficial al recorrido de la l\u00ednea N\u00b05 de taxis colectivos de Coyhaique. Este trabajo se origin\u00f3 principalmente mediante el requerimiento de varios sectores residenciales, que, debido a la expansi\u00f3n poblacional de Coyhaique, no contaban con acceso a transporte p\u00fablico, dificultando su movilidad dentro de la misma ciudad.<\/p>\n<p style=\"text-align: justify;\">Recogiendo esta sentida necesidad, la seremiTT de la Regi\u00f3n de Ays\u00e9n gener\u00f3 un concurso p\u00fablico para crear la nueva l\u00ednea 5 de taxis colectivos, cuya flota consta de 30 veh\u00edculos y un trazado de m\u00e1s de 26 km que entregar\u00e1 la esperada conectividad urbana a los habitantes de Villa Glaciares, el interior de la Poblaci\u00f3n Marchant, Poblaci\u00f3n Regimiento, Poblaci\u00f3n Quinta Burgos, Poblaci\u00f3n Esteros de Ays\u00e9n, Poblaci\u00f3n Las Lengas y Villa Patagonia.<\/p>\n<p style=\"text-align: justify;\">Cabe se\u00f1alar que el dise\u00f1o de esta ruta de taxis colectivos se acord\u00f3 luego de generar diversas instancias de participaci\u00f3n ciudadana y coordinaciones institucionales, con dirigentes vecinales, municipio, parlamentarios y transportistas.<\/p>\n<p style=\"text-align: justify;\">El seremiTT Hans Zimmermann, relev\u00f3 la importancia de este trabajo en donde los principales beneficiados sean zonas que esperaron por a\u00f1os una opci\u00f3n de locomoci\u00f3n p\u00fablica. \u201cEsperamos que este servicio sea de real provecho para la comunidad de Coyhaique. Ac\u00e1 hay que cambiarle la cara a la locomoci\u00f3n colectiva, y eso depende del trabajo cotidiano de hombres y mujeres que est\u00e1n detr\u00e1s del volante y que prestan un servicio que es esencial en una comuna, donde las condiciones de movilidad no son las m\u00e1s \u00f3ptimas.\u201d El jefe de la repartici\u00f3n publica se mostr\u00f3 esperanzado de que estas iniciativas contin\u00faen d\u00e1ndole dinamismo al transporte p\u00fablico menor: \u201cLas autoridades que vienen tienen la tarea de mantener y mejorar estas condiciones, y all\u00ed es clave lo que se puede hacer tambi\u00e9n con el transporte p\u00fablico, con el transporte urbano. Porque a trav\u00e9s de la modificaci\u00f3n a la ley de subsidios que se realiz\u00f3 a fines del 2024, los taxis colectivos van a poder ser beneficiados con subsidios para la operaci\u00f3n, de mano de los gobiernos regionales. Hay una tarea importante para apoyar a nuestro a nuestro gremio, que por d\u00e9cadas ha sido el que ha movilizado a las personas de la de la capital regional.\u201d<\/p>\n<p style=\"text-align: justify;\">El diputado Ren\u00e9 Alinco a\u00f1adi\u00f3 que \u201ceste es un proyecto que naci\u00f3 de la gente. Y ese es un gran valor. Y nos demuestra a nosotros los pol\u00edticos que la gente tambi\u00e9n piensa, que propone y que sus propuestas son positivas, basadas en la realidad de los sectores, en este caso. La l\u00ednea 5 empez\u00f3 con una historia muy digna, iniciada por los trabajadores, por los vecinos, y eso ojal\u00e1 que funcione como corresponde en beneficio de nuestra gente del sector.\u201d<\/p>\n<p style=\"text-align: justify;\">Desde el gobierno comunal, el alcalde Carlos Gatica tambi\u00e9n se refiri\u00f3 a este avance. \u00a0\u201cEl estar m\u00e1s conectado, es mayor seguridad, mejora la calidad de vida. Sobre todo, me quedo con este bonito momento de que los vecinos s\u00ed lideran procesos, y que los vecinos est\u00e1n ah\u00ed para construir, para cambiar la calidad de vida de sus mismos habitantes, y que las instituciones en algunos pasos lideran, pero en otras tambi\u00e9n acompa\u00f1an. Me atrever\u00eda a decir que en esto, nosotros acompa\u00f1amos y, por supuesto, siempre estuvimos a disposici\u00f3n de que estas cosas ocurran.\u201d<\/p>\n<p style=\"text-align: justify;\">La dirigente vecinal de Villa Los Glaciares, Cecilia Opazo manifest\u00f3 su alegr\u00eda y deseos de \u00e9xito a la l\u00ednea, que beneficiar\u00e1 a sus vecinas y vecinos. \u201cEsto viene de hace mucho tiempo, viene desde que nosotros nos entregaron las casas aqu\u00ed, que ya vamos a cumplir 10 a\u00f1os. Ayer salimos a dar un recorrido por Coyhaique y reci\u00e9n me voy dando cuenta que hay muchas m\u00e1s juntas de vecinos que salieron favorecidas con este proyecto, entonces feliz por todos los vecinos que los saludaban, les mov\u00edan las manos, les daban las gracias. Porque mucha gente de poblaciones que ten\u00edan que caminar harto a Simpson, por ejemplo, a tomar colectivo y ahora va a pasar por su poblaci\u00f3n. As\u00ed que muy feliz, muy contenta.\u201d<\/p>\n<p style=\"text-align: justify;\">El presidente del sindicato de la reci\u00e9n estrenada l\u00ednea 5, Miguel Vargas, expres\u00f3 la disposici\u00f3n al trabajo de los transportistas que integran el servicio: \u201cestamos con hartos conductores que son firmes para el trabajo. La se\u00f1ora Cecilia, de la junta de vecinos, nos apoy\u00f3 bastante en esto, as\u00ed que agradecidos con ellos, y ahora hay que echarle muchas ganas nom\u00e1s y no fallar.\u201d<\/p>\n<p style=\"text-align: justify;\">El trazado de la l\u00ednea 5 se estableci\u00f3 con la siguiente ruta:<\/p>\n<p style=\"text-align: justify;\">Ida: Avda. Baquedano-Campos de Hielo- Glaciar Queulat- Glaciar Steffens- Glaciar San Lorenzo- Hielos de la Patagonia- Tucapel Jim\u00e9nez- Avda. Baquedano- Brasil- H\u00e9ctor Monreal- Avda. Baquedano- Diego Portales- Pdte. Carlos Ib\u00e1\u00f1ez- Carrera- Magallanes- Freire- Prat- Avda. Ogana- Los Ma\u00f1\u00edos- Avda. Norte Sur- Las Violetas- Camino Campo Alegre- Estero Richard- Las Magnolias- Silva Orme\u00f1o- El Divisadero- Los Calafates- Los Maitenes- Las Quintas- Los Maitenes- Alfonso Serrano- El Divisadero- Victoria- Cerro Mackay- Gast\u00f3n Adarme- Avda. Divisadero- Canal Pilcomayo.<\/p>\n<p style=\"text-align: justify;\">Regreso: Canal Pilcomayo- Coraceros-Rio Ib\u00e1\u00f1ez- Divisadero- Gast\u00f3n Adarme- Circunvalaci\u00f3n Oriente Poniente- Victoria- El Divisadero- Alfonso Serrano- Los Maitenes- Las Quintas- Los Maitenes- Los Calafates- El Divisadero- Silva Orme\u00f1o- Las Magnolias- Estero Richard- Estero la Campana- Estero Ben\u00edtez- Camino Campo Alegre- Avda. Ogana- Avda. Simpson- Magallanes- Carrera- Pdte. Carlos Ib\u00e1\u00f1ez- Ej\u00e9rcito- Avda. Baquedano- Monreal- Ecuador- Gral. Schneider- Alfonso Serrano- Avda. Baquedano- Tucapel Jim\u00e9nez- Hielos de la Patagonia- Glaciar San Lorenzo- Glaciar Steffens- Glaciar Queulat-Campos de Hielo- Avda Baquedano.<\/p>\n<\/div>\n<div style=\"text-align: justify;\"><\/div>\n<\/div><\/section><\/div><div  style='height:50px' class='hr hr-invisible   avia-builder-el-6  el_after_av_one_full  el_before_av_social_share '><span class='hr-inner ' ><span class='hr-inner-style'><\/span><\/span><\/div><\/p>\n<div  class='av-social-sharing-box  avia-builder-el-7  el_after_av_hr  el_before_av_hr  '><div class='av-share-box'><h5 class='av-share-link-description av-no-toc '>Compartir esta noticia<\/h5><ul class='av-share-box-list noLightbox'><li class='av-share-link av-social-link-facebook' ><a target=\"_blank\" aria-label=\"Compartir en Facebook\" href='https:\/\/www.facebook.com\/sharer.php?u=https:\/\/radiorevelacionfm.cl\/?p=64943&#038;t=L%C3%ADnea%205%20de%20taxis%20colectivos%20estren%C3%B3%20recorrido%20en%20Coyhaique' aria-hidden='false' data-av_icon='\ue8f3' data-av_iconfont='entypo-fontello' title='' data-avia-related-tooltip='Compartir en Facebook' rel=\"noopener\"><span class='avia_hidden_link_text'>Compartir en Facebook<\/span><\/a><\/li><li class='av-share-link av-social-link-twitter' ><a target=\"_blank\" aria-label=\"Compartir en Twitter\" href='https:\/\/twitter.com\/share?text=L%C3%ADnea%205%20de%20taxis%20colectivos%20estren%C3%B3%20recorrido%20en%20Coyhaique&#038;url=https:\/\/radiorevelacionfm.cl\/?p=64943' aria-hidden='false' data-av_icon='\ue8f1' data-av_iconfont='entypo-fontello' title='' data-avia-related-tooltip='Compartir en Twitter' rel=\"noopener\"><span class='avia_hidden_link_text'>Compartir en Twitter<\/span><\/a><\/li><li class='av-share-link av-social-link-whatsapp' ><a target=\"_blank\" aria-label=\"Compartir en Whatsapp\" href='https:\/\/api.whatsapp.com\/send?text=https:\/\/radiorevelacionfm.cl\/?p=64943' aria-hidden='false' data-av_icon='\uf232' data-av_iconfont='entypo-fontello' title='' data-avia-related-tooltip='Compartir en Whatsapp' rel=\"noopener\"><span class='avia_hidden_link_text'>Compartir en Whatsapp<\/span><\/a><\/li><li class='av-share-link av-social-link-linkedin' ><a target=\"_blank\" aria-label=\"Compartir en LinkedIn\" href='https:\/\/linkedin.com\/shareArticle?mini=true&#038;title=L%C3%ADnea%205%20de%20taxis%20colectivos%20estren%C3%B3%20recorrido%20en%20Coyhaique&#038;url=https:\/\/radiorevelacionfm.cl\/?p=64943' aria-hidden='false' data-av_icon='\ue8fc' data-av_iconfont='entypo-fontello' title='' data-avia-related-tooltip='Compartir en LinkedIn' rel=\"noopener\"><span class='avia_hidden_link_text'>Compartir en LinkedIn<\/span><\/a><\/li><li class='av-share-link av-social-link-mail' ><a  aria-label=\"Compartir por correo\" href='mailto:?subject=L%C3%ADnea%205%20de%20taxis%20colectivos%20estren%C3%B3%20recorrido%20en%20Coyhaique&#038;body=https:\/\/radiorevelacionfm.cl\/?p=64943' aria-hidden='false' data-av_icon='\ue805' data-av_iconfont='entypo-fontello' title='' data-avia-related-tooltip='Compartir por correo'><span class='avia_hidden_link_text'>Compartir por correo<\/span><\/a><\/li><\/ul><\/div><\/div>\n<div  style='height:50px' class='hr hr-invisible   avia-builder-el-8  el_after_av_social_share  el_before_av_comments_list '><span class='hr-inner ' ><span class='hr-inner-style'><\/span><\/span><\/div>\n<div  class='av-buildercomment  av-blog-meta-html-info-disabled av-blog-meta-tag-disabled  '><\/div>\n","protected":false},"excerpt":{"rendered":"","protected":false},"author":1,"featured_media":64944,"comment_status":"closed","ping_status":"closed","sticky":false,"template":"","format":"standard","meta":{"footnotes":""},"categories":[59],"tags":[],"class_list":["post-64943","post","type-post","status-publish","format-standard","has-post-thumbnail","hentry","category-transporte"],"jetpack_featured_media_url":"https:\/\/radiorevelacionfm.cl\/wp-content\/uploads\/2026\/03\/20260309_1117172_-1_optimized-1.jpg","_links":{"self":[{"href":"https:\/\/radiorevelacionfm.cl\/index.php?rest_route=\/wp\/v2\/posts\/64943","targetHints":{"allow":["GET"]}}],"collection":[{"href":"https:\/\/radiorevelacionfm.cl\/index.php?rest_route=\/wp\/v2\/posts"}],"about":[{"href":"https:\/\/radiorevelacionfm.cl\/index.php?rest_route=\/wp\/v2\/types\/post"}],"author":[{"embeddable":true,"href":"https:\/\/radiorevelacionfm.cl\/index.php?rest_route=\/wp\/v2\/users\/1"}],"replies":[{"embeddable":true,"href":"https:\/\/radiorevelacionfm.cl\/index.php?rest_route=%2Fwp%2Fv2%2Fcomments&post=64943"}],"version-history":[{"count":2,"href":"https:\/\/radiorevelacionfm.cl\/index.php?rest_route=\/wp\/v2\/posts\/64943\/revisions"}],"predecessor-version":[{"id":64946,"href":"https:\/\/radiorevelacionfm.cl\/index.php?rest_route=\/wp\/v2\/posts\/64943\/revisions\/64946"}],"wp:featuredmedia":[{"embeddable":true,"href":"https:\/\/radiorevelacionfm.cl\/index.php?rest_route=\/wp\/v2\/media\/64944"}],"wp:attachment":[{"href":"https:\/\/radiorevelacionfm.cl\/index.php?rest_route=%2Fwp%2Fv2%2Fmedia&parent=64943"}],"wp:term":[{"taxonomy":"category","embeddable":true,"href":"https:\/\/radiorevelacionfm.cl\/index.php?rest_route=%2Fwp%2Fv2%2Fcategories&post=64943"},{"taxonomy":"post_tag","embeddable":true,"href":"https:\/\/radiorevelacionfm.cl\/index.php?rest_route=%2Fwp%2Fv2%2Ftags&post=64943"}],"curies":[{"name":"wp","href":"https:\/\/api.w.org\/{rel}","templated":true}]}}