{"id":64940,"date":"2026-03-09T17:54:09","date_gmt":"2026-03-09T20:54:09","guid":{"rendered":"https:\/\/radiorevelacionfm.cl\/?p=64940"},"modified":"2026-03-09T17:54:09","modified_gmt":"2026-03-09T20:54:09","slug":"se-adelanta-entrega-de-subsidio-de-calefaccion-y-se-suman-nuevos-hogares-beneficiados-en-la-region-de-aysen","status":"publish","type":"post","link":"https:\/\/radiorevelacionfm.cl\/?p=64940","title":{"rendered":"Se adelanta entrega de subsidio de calefacci\u00f3n y se suman nuevos hogares beneficiados en la regi\u00f3n de Ays\u00e9n"},"content":{"rendered":"<div class=\"flex_column av_one_full  flex_column_div av-zero-column-padding first  avia-builder-el-0  el_before_av_one_full  avia-builder-el-first  \" style='border-radius:0px; '><div  class='avia-image-container  av-styling-    avia-builder-el-1  avia-builder-el-no-sibling  avia-align-center '  itemprop=\"image\" itemscope=\"itemscope\" itemtype=\"https:\/\/schema.org\/ImageObject\"  ><div class='avia-image-container-inner'><div class='avia-image-overlay-wrap'><img decoding=\"async\" class='wp-image-29646 avia-img-lazy-loading-not-29646 avia_image' src=\"https:\/\/radiorevelacionfm.cl\/wp-content\/uploads\/2023\/04\/Subsidio-Calefaccion1-1-1.jpg\" alt='' title='Subsidio Calefaccion1 (1) (1)' height=\"600\" width=\"1067\"  itemprop=\"thumbnailUrl\" srcset=\"https:\/\/radiorevelacionfm.cl\/wp-content\/uploads\/2023\/04\/Subsidio-Calefaccion1-1-1.jpg 1067w, https:\/\/radiorevelacionfm.cl\/wp-content\/uploads\/2023\/04\/Subsidio-Calefaccion1-1-1-300x169.jpg 300w, https:\/\/radiorevelacionfm.cl\/wp-content\/uploads\/2023\/04\/Subsidio-Calefaccion1-1-1-1030x579.jpg 1030w, https:\/\/radiorevelacionfm.cl\/wp-content\/uploads\/2023\/04\/Subsidio-Calefaccion1-1-1-768x432.jpg 768w, https:\/\/radiorevelacionfm.cl\/wp-content\/uploads\/2023\/04\/Subsidio-Calefaccion1-1-1-705x396.jpg 705w, https:\/\/radiorevelacionfm.cl\/wp-content\/uploads\/2023\/04\/Subsidio-Calefaccion1-1-1-450x253.jpg 450w, https:\/\/radiorevelacionfm.cl\/wp-content\/uploads\/2023\/04\/Subsidio-Calefaccion1-1-1-600x337.jpg 600w\" sizes=\"(max-width: 1067px) 100vw, 1067px\" \/><\/div><\/div><\/div><\/div><div class=\"flex_column av_one_full  flex_column_div av-zero-column-padding first  avia-builder-el-2  el_after_av_one_full  el_before_av_one_full  column-top-margin\" style='border-radius:0px; '><section class=\"av_textblock_section \"  itemscope=\"itemscope\" itemtype=\"https:\/\/schema.org\/BlogPosting\" itemprop=\"blogPost\" ><div class='avia_textblock  '   itemprop=\"text\" ><p style=\"text-align: center;\"><strong><span style=\"font-size: 18pt;\">Se adelanta entrega de subsidio de calefacci\u00f3n y se suman nuevos hogares beneficiados en la regi\u00f3n de Ays\u00e9n<\/span><\/strong><\/p>\n<div id=\"gtx-trans\" style=\"position: absolute; left: -50px; top: 4.31534px;\">\n<div class=\"gtx-trans-icon\"><\/div>\n<\/div>\n<\/div><\/section><\/div><div class=\"flex_column av_one_full  flex_column_div av-zero-column-padding first  avia-builder-el-4  el_after_av_one_full  el_before_av_hr  column-top-margin\" style='border-radius:0px; '><section class=\"av_textblock_section \"  itemscope=\"itemscope\" itemtype=\"https:\/\/schema.org\/BlogPosting\" itemprop=\"blogPost\" ><div class='avia_textblock  '   itemprop=\"text\" ><ul>\n<li style=\"text-align: justify;\"><em>1115 nuevos hogares ingresaron este 2026 quienes contar\u00e1n con este subsidio. Se habilitar\u00e1 en los pr\u00f3ximos d\u00edas la plataforma <\/em><em><u><a href=\"https:\/\/subsidiocalefaccion.gob.cl\/consulta\">https:\/\/subsidiocalefaccion.gob.cl\/consulta<\/a><\/u><\/em><em><u>\u00a0<\/u><\/em>y ah\u00ed podr\u00e1 revisar con el Rut y fecha de nacimiento si es beneficiario.<\/li>\n<\/ul>\n<p style=\"text-align: justify;\">Un total de 37.110 familias de la regi\u00f3n de Ays\u00e9n recibir\u00e1n el Subsidio de Calefacci\u00f3n este 2026, un aporte monetario de $100.000 que entrega el Ministerio de Desarrollo Social y Familia para ir en apoyo de los hogares m\u00e1s vulnerables que cada a\u00f1o se enfrentan a este gasto.<\/p>\n<p style=\"text-align: justify;\">Como cada a\u00f1o, el beneficio se otorgar\u00e1 a quienes pertenezcan al 80% seg\u00fan el Registro Social de Hogares y que en los criterios de selecci\u00f3n est\u00e9n priorizados. Seg\u00fan anunci\u00f3 la Seremi de Desarrollo Social y Familia Karina Acevedo Auad, su entrega se adelantar\u00e1 de forma in\u00e9dita para este 23 de marzo y se depositar\u00e1 autom\u00e1ticamente en las cuentas Rut del Banco Estado \u201cCerrando este periodo de Gobierno, quiero contar una tremenda noticia que nos han pedido desde que iniciamos este periodo y tiene que ver con las fechas de entrega del Subsidio de Calefacci\u00f3n. En esta oportunidad se cancelar\u00e1 el d\u00eda 23 de marzo, as\u00ed que logramos finalmente que lo pudi\u00e9ramos pagar en marzo, que era lo que nos ped\u00edan cada vez que nos contact\u00e1bamos con la comunidad. Y ese beneficio, adem\u00e1s, ha ido progresando, iniciamos el a\u00f1o 2022 cancelando a unos veintiocho mil hogares aproximadamente y estamos terminando este a\u00f1o con m\u00e1s de treinta y siete mil hogares, es decir, aumentamos nuestra cobertura\u201d.<\/p>\n<p style=\"text-align: justify;\">En total son 1115 nuevos beneficiarios para este a\u00f1o repartidos en las 10 comunas de la regi\u00f3n de Ays\u00e9n, subsidio que si bien no contempla un aumento en el monto a depositar, lo que si se ha logrado desde el a\u00f1o 2022 a la fecha es incrementar el presupuesto para llegar a m\u00e1s hogares ayseninos, seg\u00fan detall\u00f3 la Seremi Karina Acevedo Auad \u201cAdem\u00e1s de estas gestiones, logramos finalmente que el Subsidio de Calefacci\u00f3n, a ra\u00edz de aquellas personas que no lo cobraron durante sus seis meses de vigencia, lo podamos reasignar, porque antes se devolv\u00eda a los fondos del Estado y con la \u00faltima reasignaci\u00f3n del a\u00f1o pasado fueron alrededor\u00a0de mil hogares nuevos. Nuestro \u00faltimo gran logro es el aumento de presupuesto, desde el 2022 a la fecha, aumentamos casi mil millones de pesos que quedan en la regi\u00f3n de Ays\u00e9n para uso de Subsidio de Calefacci\u00f3n\u201d.<\/p>\n<p style=\"text-align: justify;\">Para este 2026 se dispuso desde el Ministerio de Desarrollo social y Familia de un presupuesto de $3.711.000.000, financiamiento que en el a\u00f1o 2022 se iniciaba con $2.862.517.000. Finalmente, la autoridad regional llam\u00f3 a revisar en las pr\u00f3ximas semanas el sitio web\u00a0<em><u><a href=\"https:\/\/subsidiocalefaccion.gob.cl\/consulta\">https:\/\/subsidiocalefaccion.gob.cl\/consulta<\/a><\/u><\/em><em><u>\u00a0<\/u><\/em>\u00a0donde se podr\u00e1 entrar con el Rut y fecha de nacimiento, de todas maneras el beneficio se deposita de forma autom\u00e1tica en las cuentas del Banco Estado, mientras que los que no sean clientes podr\u00e1n realizar el cobro de forma presencial por orden alfab\u00e9tico o informar de una entidad bancaria donde depositar el beneficio.<\/p>\n<p style=\"text-align: justify;\">\u00bfCu\u00e1les ser\u00e1n los grupos priorizados para la entrega del Subsidio de Calefacci\u00f3n?:<\/p>\n<ul style=\"text-align: justify;\">\n<li>Participantes del Subsistema Seguridades y Oportunidades.<\/li>\n<li>Familias que participen del programa Sistema Nacional de Apoyos y Cuidados.<\/li>\n<li>Hogares que en su composici\u00f3n cuenten con al menos una persona en situaci\u00f3n de dependencia moderada o severa.<\/li>\n<li>Hogares que cuenten con alg\u00fan ni\u00f1o, ni\u00f1a o adolescente.<\/li>\n<li>Hogares que cuenten con al menos una persona de la tercera edad.<\/li>\n<li>Hogares que cuenten con mujeres jefas de hogar.<\/li>\n<\/ul>\n<\/div><\/section><\/div><div  style='height:50px' class='hr hr-invisible   avia-builder-el-6  el_after_av_one_full  el_before_av_social_share '><span class='hr-inner ' ><span class='hr-inner-style'><\/span><\/span><\/div><\/p>\n<div  class='av-social-sharing-box  avia-builder-el-7  el_after_av_hr  el_before_av_hr  '><div class='av-share-box'><h5 class='av-share-link-description av-no-toc '>Compartir esta noticia<\/h5><ul class='av-share-box-list noLightbox'><li class='av-share-link av-social-link-facebook' ><a target=\"_blank\" aria-label=\"Compartir en Facebook\" href='https:\/\/www.facebook.com\/sharer.php?u=https:\/\/radiorevelacionfm.cl\/?p=64940&#038;t=Se%20adelanta%20entrega%20de%20subsidio%20de%20calefacci%C3%B3n%20y%20se%20suman%20nuevos%20hogares%20beneficiados%20en%20la%20regi%C3%B3n%20de%20Ays%C3%A9n' aria-hidden='false' data-av_icon='\ue8f3' data-av_iconfont='entypo-fontello' title='' data-avia-related-tooltip='Compartir en Facebook' rel=\"noopener\"><span class='avia_hidden_link_text'>Compartir en Facebook<\/span><\/a><\/li><li class='av-share-link av-social-link-twitter' ><a target=\"_blank\" aria-label=\"Compartir en Twitter\" href='https:\/\/twitter.com\/share?text=Se%20adelanta%20entrega%20de%20subsidio%20de%20calefacci%C3%B3n%20y%20se%20suman%20nuevos%20hogares%20beneficiados%20en%20la%20regi%C3%B3n%20de%20Ays%C3%A9n&#038;url=https:\/\/radiorevelacionfm.cl\/?p=64940' aria-hidden='false' data-av_icon='\ue8f1' data-av_iconfont='entypo-fontello' title='' data-avia-related-tooltip='Compartir en Twitter' rel=\"noopener\"><span class='avia_hidden_link_text'>Compartir en Twitter<\/span><\/a><\/li><li class='av-share-link av-social-link-whatsapp' ><a target=\"_blank\" aria-label=\"Compartir en Whatsapp\" href='https:\/\/api.whatsapp.com\/send?text=https:\/\/radiorevelacionfm.cl\/?p=64940' aria-hidden='false' data-av_icon='\uf232' data-av_iconfont='entypo-fontello' title='' data-avia-related-tooltip='Compartir en Whatsapp' rel=\"noopener\"><span class='avia_hidden_link_text'>Compartir en Whatsapp<\/span><\/a><\/li><li class='av-share-link av-social-link-linkedin' ><a target=\"_blank\" aria-label=\"Compartir en LinkedIn\" href='https:\/\/linkedin.com\/shareArticle?mini=true&#038;title=Se%20adelanta%20entrega%20de%20subsidio%20de%20calefacci%C3%B3n%20y%20se%20suman%20nuevos%20hogares%20beneficiados%20en%20la%20regi%C3%B3n%20de%20Ays%C3%A9n&#038;url=https:\/\/radiorevelacionfm.cl\/?p=64940' aria-hidden='false' data-av_icon='\ue8fc' data-av_iconfont='entypo-fontello' title='' data-avia-related-tooltip='Compartir en LinkedIn' rel=\"noopener\"><span class='avia_hidden_link_text'>Compartir en LinkedIn<\/span><\/a><\/li><li class='av-share-link av-social-link-mail' ><a  aria-label=\"Compartir por correo\" href='mailto:?subject=Se%20adelanta%20entrega%20de%20subsidio%20de%20calefacci%C3%B3n%20y%20se%20suman%20nuevos%20hogares%20beneficiados%20en%20la%20regi%C3%B3n%20de%20Ays%C3%A9n&#038;body=https:\/\/radiorevelacionfm.cl\/?p=64940' aria-hidden='false' data-av_icon='\ue805' data-av_iconfont='entypo-fontello' title='' data-avia-related-tooltip='Compartir por correo'><span class='avia_hidden_link_text'>Compartir por correo<\/span><\/a><\/li><\/ul><\/div><\/div>\n<div  style='height:50px' class='hr hr-invisible   avia-builder-el-8  el_after_av_social_share  el_before_av_comments_list '><span class='hr-inner ' ><span class='hr-inner-style'><\/span><\/span><\/div>\n<div  class='av-buildercomment  av-blog-meta-html-info-disabled av-blog-meta-tag-disabled  '><\/div>\n","protected":false},"excerpt":{"rendered":"","protected":false},"author":1,"featured_media":29646,"comment_status":"closed","ping_status":"closed","sticky":false,"template":"","format":"standard","meta":{"footnotes":""},"categories":[38],"tags":[],"class_list":["post-64940","post","type-post","status-publish","format-standard","has-post-thumbnail","hentry","category-regional"],"jetpack_featured_media_url":"https:\/\/radiorevelacionfm.cl\/wp-content\/uploads\/2023\/04\/Subsidio-Calefaccion1-1-1.jpg","_links":{"self":[{"href":"https:\/\/radiorevelacionfm.cl\/index.php?rest_route=\/wp\/v2\/posts\/64940","targetHints":{"allow":["GET"]}}],"collection":[{"href":"https:\/\/radiorevelacionfm.cl\/index.php?rest_route=\/wp\/v2\/posts"}],"about":[{"href":"https:\/\/radiorevelacionfm.cl\/index.php?rest_route=\/wp\/v2\/types\/post"}],"author":[{"embeddable":true,"href":"https:\/\/radiorevelacionfm.cl\/index.php?rest_route=\/wp\/v2\/users\/1"}],"replies":[{"embeddable":true,"href":"https:\/\/radiorevelacionfm.cl\/index.php?rest_route=%2Fwp%2Fv2%2Fcomments&post=64940"}],"version-history":[{"count":2,"href":"https:\/\/radiorevelacionfm.cl\/index.php?rest_route=\/wp\/v2\/posts\/64940\/revisions"}],"predecessor-version":[{"id":64942,"href":"https:\/\/radiorevelacionfm.cl\/index.php?rest_route=\/wp\/v2\/posts\/64940\/revisions\/64942"}],"wp:featuredmedia":[{"embeddable":true,"href":"https:\/\/radiorevelacionfm.cl\/index.php?rest_route=\/wp\/v2\/media\/29646"}],"wp:attachment":[{"href":"https:\/\/radiorevelacionfm.cl\/index.php?rest_route=%2Fwp%2Fv2%2Fmedia&parent=64940"}],"wp:term":[{"taxonomy":"category","embeddable":true,"href":"https:\/\/radiorevelacionfm.cl\/index.php?rest_route=%2Fwp%2Fv2%2Fcategories&post=64940"},{"taxonomy":"post_tag","embeddable":true,"href":"https:\/\/radiorevelacionfm.cl\/index.php?rest_route=%2Fwp%2Fv2%2Ftags&post=64940"}],"curies":[{"name":"wp","href":"https:\/\/api.w.org\/{rel}","templated":true}]}}