{"id":64935,"date":"2026-03-09T15:00:56","date_gmt":"2026-03-09T18:00:56","guid":{"rendered":"https:\/\/radiorevelacionfm.cl\/?p=64935"},"modified":"2026-03-09T15:00:56","modified_gmt":"2026-03-09T18:00:56","slug":"en-guaitecas-comenzo-programa-que-busca-diversificar-la-economia-y-generar-nuevas-oportunidades-productivas","status":"publish","type":"post","link":"https:\/\/radiorevelacionfm.cl\/?p=64935","title":{"rendered":"En Guaitecas comenz\u00f3 programa que busca diversificar la econom\u00eda y generar nuevas oportunidades productivas"},"content":{"rendered":"<div class=\"flex_column av_one_full  flex_column_div av-zero-column-padding first  avia-builder-el-0  el_before_av_one_full  avia-builder-el-first  \" style='border-radius:0px; '><div  class='avia-image-container  av-styling-    avia-builder-el-1  avia-builder-el-no-sibling  avia-align-center '  itemprop=\"image\" itemscope=\"itemscope\" itemtype=\"https:\/\/schema.org\/ImageObject\"  ><div class='avia-image-container-inner'><div class='avia-image-overlay-wrap'><img decoding=\"async\" class='wp-image-64936 avia-img-lazy-loading-not-64936 avia_image' src=\"https:\/\/radiorevelacionfm.cl\/wp-content\/uploads\/2026\/03\/Melinka-1-1.jpeg\" alt='' title='Melinka (1) (1)' height=\"600\" width=\"800\"  itemprop=\"thumbnailUrl\" srcset=\"https:\/\/radiorevelacionfm.cl\/wp-content\/uploads\/2026\/03\/Melinka-1-1.jpeg 800w, https:\/\/radiorevelacionfm.cl\/wp-content\/uploads\/2026\/03\/Melinka-1-1-300x225.jpeg 300w, https:\/\/radiorevelacionfm.cl\/wp-content\/uploads\/2026\/03\/Melinka-1-1-768x576.jpeg 768w, https:\/\/radiorevelacionfm.cl\/wp-content\/uploads\/2026\/03\/Melinka-1-1-705x529.jpeg 705w, https:\/\/radiorevelacionfm.cl\/wp-content\/uploads\/2026\/03\/Melinka-1-1-450x338.jpeg 450w, https:\/\/radiorevelacionfm.cl\/wp-content\/uploads\/2026\/03\/Melinka-1-1-600x450.jpeg 600w\" sizes=\"(max-width: 800px) 100vw, 800px\" \/><\/div><\/div><\/div><\/div><div class=\"flex_column av_one_full  flex_column_div av-zero-column-padding first  avia-builder-el-2  el_after_av_one_full  el_before_av_one_full  column-top-margin\" style='border-radius:0px; '><section class=\"av_textblock_section \"  itemscope=\"itemscope\" itemtype=\"https:\/\/schema.org\/BlogPosting\" itemprop=\"blogPost\" ><div class='avia_textblock  '   itemprop=\"text\" ><p style=\"text-align: center;\"><strong><span style=\"font-size: 18pt;\">En Guaitecas comenz\u00f3 programa que busca diversificar la econom\u00eda y generar nuevas oportunidades productivas<\/span><\/strong><\/p>\n<div id=\"gtx-trans\" style=\"position: absolute; left: -50px; top: 4.31534px;\">\n<div class=\"gtx-trans-icon\"><\/div>\n<\/div>\n<\/div><\/section><\/div><div class=\"flex_column av_one_full  flex_column_div av-zero-column-padding first  avia-builder-el-4  el_after_av_one_full  el_before_av_hr  column-top-margin\" style='border-radius:0px; '><section class=\"av_textblock_section \"  itemscope=\"itemscope\" itemtype=\"https:\/\/schema.org\/BlogPosting\" itemprop=\"blogPost\" ><div class='avia_textblock  '   itemprop=\"text\" ><p style=\"text-align: justify;\">Desde el pasado lunes la comuna de Guaitecas dio el vamos a la ejecuci\u00f3n del programa \u201c<strong>Transferencia de Diversificaci\u00f3n Productiva<\/strong>\u201d, iniciativa impulsada por el municipio y su concejo, financiada por el Gobierno Regional de Ays\u00e9n y que <strong>contempla una inversi\u00f3n de 1.450 millones de pesos, con un periodo de ejecuci\u00f3n de 36 meses.<\/strong> El plan busca fortalecer el desarrollo local mediante el impulso de nuevas alternativas de crecimiento y el apoyo a sectores estrat\u00e9gicos.<\/p>\n<p style=\"text-align: justify;\">La puesta en marcha de este proyecto se da en un escenario marcado por la fuerte dependencia de la pesca artesanal, especialmente de la extracci\u00f3n de erizo, adem\u00e1s de la necesidad de potenciar otras actividades con proyecci\u00f3n en la zona, como el turismo, los emprendimientos locales y la actividad forestal.<\/p>\n<p style=\"text-align: justify;\">El alcalde de Guaitecas, Bans Puinao, destac\u00f3 la importancia de avanzar hacia una econom\u00eda m\u00e1s diversa y con mayores oportunidades para los vecinos y vecinas de la zona.<\/p>\n<p style=\"text-align: justify;\">\u201cEstamos abordando \u00e1reas como la silvicultura, la pesca artesanal y el turismo. Va a ser un impacto muy significativo hacia nuestra comunidad, lo que generar\u00e1 varios empleos para nuestra comunidad y tambi\u00e9n la vamos a mostrar para el exterior, tanto a nivel regional como nacional\u201d, se\u00f1al\u00f3.<\/p>\n<p style=\"text-align: justify;\">En esa misma l\u00ednea, el edil explic\u00f3 que \u201cqueremos meter un sello de acuerdo a nuestra administraci\u00f3n donde podamos posicionarnos a nivel regional en el sector del turismo\u201d, cerr\u00f3.<\/p>\n<p style=\"text-align: justify;\">Entre las principales l\u00edneas de trabajo se contemplan acciones orientadas a apoyar a quienes desarrollan actividades productivas en el territorio, fomentar el emprendimiento y mejorar las opciones de comercializaci\u00f3n de productos locales. En ese marco, se busca fortalecer \u00e1reas como la pesca artesanal, el turismo, la actividad silv\u00edcola y el desarrollo de micro y peque\u00f1as empresas.<\/p>\n<p style=\"text-align: justify;\">La coordinadora del programa, Beatriz Ruiz, explic\u00f3 algunos de los ejes que guiar\u00e1n la implementaci\u00f3n de esta iniciativa en Guaitecas.<\/p>\n<p style=\"text-align: justify;\">\u201cEste programa contempla una serie de acciones orientadas para fortalecer la econom\u00eda local y generar nuevas oportunidades de desarrollo para los habitantes del archipi\u00e9lago. Se considera fortalecer la capacidad de los actores productivos locales mediante capacitaciones, asistencia t\u00e9cnica y transferencia de conocimientos que permitan mejorar la competitividad de los emprendedores y organizaciones\u201d, indic\u00f3.<\/p>\n<p style=\"text-align: justify;\">Ruiz agreg\u00f3 que \u201cel programa busca impulsar la comercializaci\u00f3n, fortalecer la gesti\u00f3n en organizaciones, la asociatividad, la innovaci\u00f3n en sectores estrat\u00e9gicos y fondos concursables para que los emprendedores puedan consolidar iniciativas productivas y puedan diversificar la matriz econ\u00f3mica local\u201d.<\/p>\n<p style=\"text-align: justify;\">A trav\u00e9s de este trabajo se busca fortalecer la actividad productiva local y avanzar hacia una econom\u00eda m\u00e1s diversificada, promoviendo rubros con proyecci\u00f3n y generando nuevas oportunidades para emprendedores, trabajadores y familias de Guaitecas. Con ello se espera dinamizar la actividad econ\u00f3mica local y aportar al desarrollo sostenible de la comuna m\u00e1s al norte de la Patagonia chilena.<\/p>\n<\/div><\/section><\/div><div  style='height:50px' class='hr hr-invisible   avia-builder-el-6  el_after_av_one_full  el_before_av_social_share '><span class='hr-inner ' ><span class='hr-inner-style'><\/span><\/span><\/div><\/p>\n<div  class='av-social-sharing-box  avia-builder-el-7  el_after_av_hr  el_before_av_hr  '><div class='av-share-box'><h5 class='av-share-link-description av-no-toc '>Compartir esta noticia<\/h5><ul class='av-share-box-list noLightbox'><li class='av-share-link av-social-link-facebook' ><a target=\"_blank\" aria-label=\"Compartir en Facebook\" href='https:\/\/www.facebook.com\/sharer.php?u=https:\/\/radiorevelacionfm.cl\/?p=64935&#038;t=En%20Guaitecas%20comenz%C3%B3%20programa%20que%20busca%20diversificar%20la%20econom%C3%ADa%20y%20generar%20nuevas%20oportunidades%20productivas' aria-hidden='false' data-av_icon='\ue8f3' data-av_iconfont='entypo-fontello' title='' data-avia-related-tooltip='Compartir en Facebook' rel=\"noopener\"><span class='avia_hidden_link_text'>Compartir en Facebook<\/span><\/a><\/li><li class='av-share-link av-social-link-twitter' ><a target=\"_blank\" aria-label=\"Compartir en Twitter\" href='https:\/\/twitter.com\/share?text=En%20Guaitecas%20comenz%C3%B3%20programa%20que%20busca%20diversificar%20la%20econom%C3%ADa%20y%20generar%20nuevas%20oportunidades%20productivas&#038;url=https:\/\/radiorevelacionfm.cl\/?p=64935' aria-hidden='false' data-av_icon='\ue8f1' data-av_iconfont='entypo-fontello' title='' data-avia-related-tooltip='Compartir en Twitter' rel=\"noopener\"><span class='avia_hidden_link_text'>Compartir en Twitter<\/span><\/a><\/li><li class='av-share-link av-social-link-whatsapp' ><a target=\"_blank\" aria-label=\"Compartir en Whatsapp\" href='https:\/\/api.whatsapp.com\/send?text=https:\/\/radiorevelacionfm.cl\/?p=64935' aria-hidden='false' data-av_icon='\uf232' data-av_iconfont='entypo-fontello' title='' data-avia-related-tooltip='Compartir en Whatsapp' rel=\"noopener\"><span class='avia_hidden_link_text'>Compartir en Whatsapp<\/span><\/a><\/li><li class='av-share-link av-social-link-linkedin' ><a target=\"_blank\" aria-label=\"Compartir en LinkedIn\" href='https:\/\/linkedin.com\/shareArticle?mini=true&#038;title=En%20Guaitecas%20comenz%C3%B3%20programa%20que%20busca%20diversificar%20la%20econom%C3%ADa%20y%20generar%20nuevas%20oportunidades%20productivas&#038;url=https:\/\/radiorevelacionfm.cl\/?p=64935' aria-hidden='false' data-av_icon='\ue8fc' data-av_iconfont='entypo-fontello' title='' data-avia-related-tooltip='Compartir en LinkedIn' rel=\"noopener\"><span class='avia_hidden_link_text'>Compartir en LinkedIn<\/span><\/a><\/li><li class='av-share-link av-social-link-mail' ><a  aria-label=\"Compartir por correo\" href='mailto:?subject=En%20Guaitecas%20comenz%C3%B3%20programa%20que%20busca%20diversificar%20la%20econom%C3%ADa%20y%20generar%20nuevas%20oportunidades%20productivas&#038;body=https:\/\/radiorevelacionfm.cl\/?p=64935' aria-hidden='false' data-av_icon='\ue805' data-av_iconfont='entypo-fontello' title='' data-avia-related-tooltip='Compartir por correo'><span class='avia_hidden_link_text'>Compartir por correo<\/span><\/a><\/li><\/ul><\/div><\/div>\n<div  style='height:50px' class='hr hr-invisible   avia-builder-el-8  el_after_av_social_share  el_before_av_comments_list '><span class='hr-inner ' ><span class='hr-inner-style'><\/span><\/span><\/div>\n<div  class='av-buildercomment  av-blog-meta-html-info-disabled av-blog-meta-tag-disabled  '><\/div>\n","protected":false},"excerpt":{"rendered":"","protected":false},"author":1,"featured_media":64936,"comment_status":"closed","ping_status":"closed","sticky":false,"template":"","format":"standard","meta":{"footnotes":""},"categories":[38],"tags":[],"class_list":["post-64935","post","type-post","status-publish","format-standard","has-post-thumbnail","hentry","category-regional"],"jetpack_featured_media_url":"https:\/\/radiorevelacionfm.cl\/wp-content\/uploads\/2026\/03\/Melinka-1-1.jpeg","_links":{"self":[{"href":"https:\/\/radiorevelacionfm.cl\/index.php?rest_route=\/wp\/v2\/posts\/64935","targetHints":{"allow":["GET"]}}],"collection":[{"href":"https:\/\/radiorevelacionfm.cl\/index.php?rest_route=\/wp\/v2\/posts"}],"about":[{"href":"https:\/\/radiorevelacionfm.cl\/index.php?rest_route=\/wp\/v2\/types\/post"}],"author":[{"embeddable":true,"href":"https:\/\/radiorevelacionfm.cl\/index.php?rest_route=\/wp\/v2\/users\/1"}],"replies":[{"embeddable":true,"href":"https:\/\/radiorevelacionfm.cl\/index.php?rest_route=%2Fwp%2Fv2%2Fcomments&post=64935"}],"version-history":[{"count":2,"href":"https:\/\/radiorevelacionfm.cl\/index.php?rest_route=\/wp\/v2\/posts\/64935\/revisions"}],"predecessor-version":[{"id":64938,"href":"https:\/\/radiorevelacionfm.cl\/index.php?rest_route=\/wp\/v2\/posts\/64935\/revisions\/64938"}],"wp:featuredmedia":[{"embeddable":true,"href":"https:\/\/radiorevelacionfm.cl\/index.php?rest_route=\/wp\/v2\/media\/64936"}],"wp:attachment":[{"href":"https:\/\/radiorevelacionfm.cl\/index.php?rest_route=%2Fwp%2Fv2%2Fmedia&parent=64935"}],"wp:term":[{"taxonomy":"category","embeddable":true,"href":"https:\/\/radiorevelacionfm.cl\/index.php?rest_route=%2Fwp%2Fv2%2Fcategories&post=64935"},{"taxonomy":"post_tag","embeddable":true,"href":"https:\/\/radiorevelacionfm.cl\/index.php?rest_route=%2Fwp%2Fv2%2Ftags&post=64935"}],"curies":[{"name":"wp","href":"https:\/\/api.w.org\/{rel}","templated":true}]}}