{"id":64930,"date":"2026-03-09T11:07:33","date_gmt":"2026-03-09T14:07:33","guid":{"rendered":"https:\/\/radiorevelacionfm.cl\/?p=64930"},"modified":"2026-03-09T11:07:33","modified_gmt":"2026-03-09T14:07:33","slug":"edelaysen-fortalece-integracion-territorial-con-el-inicio-de-las-obras-de-terminaciones-de-minicentral-los-maquis-en-puerto-guadal","status":"publish","type":"post","link":"https:\/\/radiorevelacionfm.cl\/?p=64930","title":{"rendered":"Edelaysen fortalece integraci\u00f3n territorial con el inicio de las obras de terminaciones de Minicentral Los Maquis en Puerto Guadal"},"content":{"rendered":"<div class=\"flex_column av_one_full  flex_column_div av-zero-column-padding first  avia-builder-el-0  el_before_av_one_full  avia-builder-el-first  \" style='border-radius:0px; '><div  class='avia-image-container  av-styling-    avia-builder-el-1  avia-builder-el-no-sibling  avia-align-center '  itemprop=\"image\" itemscope=\"itemscope\" itemtype=\"https:\/\/schema.org\/ImageObject\"  ><div class='avia-image-container-inner'><div class='avia-image-overlay-wrap'><img decoding=\"async\" class='wp-image-64931 avia-img-lazy-loading-not-64931 avia_image' src=\"https:\/\/radiorevelacionfm.cl\/wp-content\/uploads\/2026\/03\/imagen-referencial-los-maquis_paisajismo-1-1_optimized-1.jpg\" alt='' title='imagen-referencial-los-maquis_paisajismo-(1)-(1)_optimized (1)' height=\"600\" width=\"1069\"  itemprop=\"thumbnailUrl\" srcset=\"https:\/\/radiorevelacionfm.cl\/wp-content\/uploads\/2026\/03\/imagen-referencial-los-maquis_paisajismo-1-1_optimized-1.jpg 1069w, https:\/\/radiorevelacionfm.cl\/wp-content\/uploads\/2026\/03\/imagen-referencial-los-maquis_paisajismo-1-1_optimized-1-300x168.jpg 300w, https:\/\/radiorevelacionfm.cl\/wp-content\/uploads\/2026\/03\/imagen-referencial-los-maquis_paisajismo-1-1_optimized-1-1030x578.jpg 1030w, https:\/\/radiorevelacionfm.cl\/wp-content\/uploads\/2026\/03\/imagen-referencial-los-maquis_paisajismo-1-1_optimized-1-768x431.jpg 768w, https:\/\/radiorevelacionfm.cl\/wp-content\/uploads\/2026\/03\/imagen-referencial-los-maquis_paisajismo-1-1_optimized-1-705x396.jpg 705w, https:\/\/radiorevelacionfm.cl\/wp-content\/uploads\/2026\/03\/imagen-referencial-los-maquis_paisajismo-1-1_optimized-1-450x253.jpg 450w, https:\/\/radiorevelacionfm.cl\/wp-content\/uploads\/2026\/03\/imagen-referencial-los-maquis_paisajismo-1-1_optimized-1-600x337.jpg 600w\" sizes=\"(max-width: 1069px) 100vw, 1069px\" \/><\/div><\/div><\/div><\/div><div class=\"flex_column av_one_full  flex_column_div av-zero-column-padding first  avia-builder-el-2  el_after_av_one_full  el_before_av_one_full  column-top-margin\" style='border-radius:0px; '><section class=\"av_textblock_section \"  itemscope=\"itemscope\" itemtype=\"https:\/\/schema.org\/BlogPosting\" itemprop=\"blogPost\" ><div class='avia_textblock  '   itemprop=\"text\" ><p style=\"text-align: center;\"><strong><span style=\"font-size: 18pt;\">Edelaysen fortalece integraci\u00f3n territorial con el inicio de las obras de terminaciones de Minicentral Los Maquis en Puerto Guadal<\/span><\/strong><\/p>\n<div id=\"gtx-trans\" style=\"position: absolute; left: -50px; top: 4.31534px;\">\n<div class=\"gtx-trans-icon\"><\/div>\n<\/div>\n<\/div><\/section><\/div><div class=\"flex_column av_one_full  flex_column_div av-zero-column-padding first  avia-builder-el-4  el_after_av_one_full  el_before_av_hr  column-top-margin\" style='border-radius:0px; '><section class=\"av_textblock_section \"  itemscope=\"itemscope\" itemtype=\"https:\/\/schema.org\/BlogPosting\" itemprop=\"blogPost\" ><div class='avia_textblock  '   itemprop=\"text\" ><p style=\"text-align: justify;\"><em>Las terminaciones de la Minicentral Hidroel\u00e9ctrica de Pasada Los Maquis (1MW) contemplan labores espec\u00edficas orientadas a integrarse arm\u00f3nicamente con el entorno natural del territorio, impulsando la participaci\u00f3n de proveedores y personal del sector, en este proyecto para fortalecer el sistema el\u00e9ctrico a partir de energ\u00eda renovable.<\/em><\/p>\n<p style=\"text-align: justify;\">Durante el mes de marzo, Edelaysen da inicio a las obras de terminaci\u00f3n del proyecto Minicentral Hidroel\u00e9ctrica de Pasada Los Maquis (1MW) y preparaci\u00f3n de su puesta en marcha. Estos trabajos menores, incluyen principalmente acciones de paisajismo establecidas en la Resoluci\u00f3n de Calificaci\u00f3n Ambiental (RCA) N\u00b020251100133, aprobada para la iniciativa, y buscan consolidar su inserci\u00f3n arm\u00f3nica en el entorno natural y tur\u00edstico del sector Los Maquis, en Puerto Guadal, comuna de Chile Chico.<\/p>\n<p style=\"text-align: justify;\">Entre otras obras menores, se encuentra el ordenamiento y medidas de adecuaci\u00f3n visual en el \u00e1rea en que se emplaza el proyecto. El prop\u00f3sito es favorecer su adecuada convivencia con el paisaje local, resguardando la armonizaci\u00f3n del entorno y la relaci\u00f3n con el sector, aspectos que fueron levantados y abordados durante el desarrollo del proyecto junto a vecinos y autoridades locales, para su implementaci\u00f3n en esta etapa de terminaciones.<\/p>\n<p style=\"text-align: justify;\">La mejora paisaj\u00edstica, considera la incorporaci\u00f3n de alrededor de 11 mil ejemplares de especies nativas, provistas por un vivero local autorizado por el SAG. Esta acci\u00f3n permitir\u00e1 utilizar especies adecuadas al entorno y fortalecer la participaci\u00f3n de proveedores de la zona. Entre ellas se contempla, por ejemplo, el \u00e1rbol de maqui, junto con otras especies vegetales que contribuir\u00e1n a la integraci\u00f3n natural del proyecto con su entorno.<\/p>\n<p style=\"text-align: justify;\">Asimismo, estas obras contemplan la incorporaci\u00f3n de personal del sector. Para ello, se cont\u00f3 con la colaboraci\u00f3n de la Municipalidad de Chile Chico, que a trav\u00e9s de la plataforma de empleos OMIL facilit\u00f3 la postulaci\u00f3n de vecinos de Puerto Guadal, quienes se sumar\u00e1n pr\u00f3ximamente a los trabajos.<\/p>\n<p style=\"text-align: justify;\">Previo al inicio de estas obras, Edelaysen sostuvo reuniones informativas y de coordinaci\u00f3n, con autoridades regionales y comunales, entre ellas el Gobernador Regional de Ays\u00e9n, Marcelo Santana, el delegado Presidencial Regional, Jorge D\u00edaz, el alcalde de Chile Chico Ariel Keim, junto a su Concejo Municipal. Asimismo, se realizaron encuentros con directivas de Juntas de Vecinos y otras organizaciones locales.<\/p>\n<p style=\"text-align: justify;\">Al respecto, Leonardo Mor\u00e1n, gerente de Proyectos de Inversiones de Edelaysen se\u00f1al\u00f3 que <em>\u201cesta etapa contempla trabajos planificados, orientados a mejorar la integraci\u00f3n paisaj\u00edstica del proyecto y su relaci\u00f3n con el entorno. En ese sentido, queremos avanzar con est\u00e1ndares responsables, incorporando proveedores locales y facilitando oportunidades de empleo mediante canales formales para aportar a la econom\u00eda local\u201d. <\/em><\/p>\n<p style=\"text-align: justify;\">Todas estas acciones se desarrollan en el marco de la Resoluci\u00f3n de Calificaci\u00f3n Ambiental (RCA) aprobada para el proyecto e incluyen un seguimiento posterior, considerando un monitoreo de las especies nativas incorporadas al paisaje por un periodo de cinco a\u00f1os, con el prop\u00f3sito de verificar el desempe\u00f1o de las medidas implementadas y su aporte a la integraci\u00f3n paisaj\u00edstica.<\/p>\n<p style=\"text-align: justify;\">En su conjunto, la Minicentral Los Maquis aportar\u00e1 energ\u00eda renovable al sistema el\u00e9ctrico regional desde una ubicaci\u00f3n estrat\u00e9gica, contribuyendo a fortalecer su estabilidad y reducir la vulnerabilidad ante fallas e interrupciones de suministro. Asimismo, permitir\u00e1 avanzar hacia una matriz energ\u00e9tica m\u00e1s limpia y diversificada, reemplazando m\u00e1s de 1,6 millones de litros de di\u00e9sel al a\u00f1o y reduciendo emisiones de gases de efecto invernadero en el territorio.<\/p>\n<p style=\"text-align: justify;\">Finalmente, desde Edelaysen reiteraron que mantendr\u00e1n un v\u00ednculo permanente con actores locales y autoridades, informando oportunamente sobre el desarrollo de estas labores y su contribuci\u00f3n a una mejor convivencia del proyecto con el paisaje de Puerto Guadal.<\/p>\n<\/div><\/section><\/div><div  style='height:50px' class='hr hr-invisible   avia-builder-el-6  el_after_av_one_full  el_before_av_social_share '><span class='hr-inner ' ><span class='hr-inner-style'><\/span><\/span><\/div><\/p>\n<div  class='av-social-sharing-box  avia-builder-el-7  el_after_av_hr  el_before_av_hr  '><div class='av-share-box'><h5 class='av-share-link-description av-no-toc '>Compartir esta noticia<\/h5><ul class='av-share-box-list noLightbox'><li class='av-share-link av-social-link-facebook' ><a target=\"_blank\" aria-label=\"Compartir en Facebook\" href='https:\/\/www.facebook.com\/sharer.php?u=https:\/\/radiorevelacionfm.cl\/?p=64930&#038;t=Edelaysen%20fortalece%20integraci%C3%B3n%20territorial%20con%20el%20inicio%20de%20las%20obras%20de%20terminaciones%20de%20Minicentral%20Los%20Maquis%20en%20Puerto%20Guadal' aria-hidden='false' data-av_icon='\ue8f3' data-av_iconfont='entypo-fontello' title='' data-avia-related-tooltip='Compartir en Facebook' rel=\"noopener\"><span class='avia_hidden_link_text'>Compartir en Facebook<\/span><\/a><\/li><li class='av-share-link av-social-link-twitter' ><a target=\"_blank\" aria-label=\"Compartir en Twitter\" href='https:\/\/twitter.com\/share?text=Edelaysen%20fortalece%20integraci%C3%B3n%20territorial%20con%20el%20inicio%20de%20las%20obras%20de%20terminaciones%20de%20Minicentral%20Los%20Maquis%20en%20Puerto%20Guadal&#038;url=https:\/\/radiorevelacionfm.cl\/?p=64930' aria-hidden='false' data-av_icon='\ue8f1' data-av_iconfont='entypo-fontello' title='' data-avia-related-tooltip='Compartir en Twitter' rel=\"noopener\"><span class='avia_hidden_link_text'>Compartir en Twitter<\/span><\/a><\/li><li class='av-share-link av-social-link-whatsapp' ><a target=\"_blank\" aria-label=\"Compartir en Whatsapp\" href='https:\/\/api.whatsapp.com\/send?text=https:\/\/radiorevelacionfm.cl\/?p=64930' aria-hidden='false' data-av_icon='\uf232' data-av_iconfont='entypo-fontello' title='' data-avia-related-tooltip='Compartir en Whatsapp' rel=\"noopener\"><span class='avia_hidden_link_text'>Compartir en Whatsapp<\/span><\/a><\/li><li class='av-share-link av-social-link-linkedin' ><a target=\"_blank\" aria-label=\"Compartir en LinkedIn\" href='https:\/\/linkedin.com\/shareArticle?mini=true&#038;title=Edelaysen%20fortalece%20integraci%C3%B3n%20territorial%20con%20el%20inicio%20de%20las%20obras%20de%20terminaciones%20de%20Minicentral%20Los%20Maquis%20en%20Puerto%20Guadal&#038;url=https:\/\/radiorevelacionfm.cl\/?p=64930' aria-hidden='false' data-av_icon='\ue8fc' data-av_iconfont='entypo-fontello' title='' data-avia-related-tooltip='Compartir en LinkedIn' rel=\"noopener\"><span class='avia_hidden_link_text'>Compartir en LinkedIn<\/span><\/a><\/li><li class='av-share-link av-social-link-mail' ><a  aria-label=\"Compartir por correo\" href='mailto:?subject=Edelaysen%20fortalece%20integraci%C3%B3n%20territorial%20con%20el%20inicio%20de%20las%20obras%20de%20terminaciones%20de%20Minicentral%20Los%20Maquis%20en%20Puerto%20Guadal&#038;body=https:\/\/radiorevelacionfm.cl\/?p=64930' aria-hidden='false' data-av_icon='\ue805' data-av_iconfont='entypo-fontello' title='' data-avia-related-tooltip='Compartir por correo'><span class='avia_hidden_link_text'>Compartir por correo<\/span><\/a><\/li><\/ul><\/div><\/div>\n<div  style='height:50px' class='hr hr-invisible   avia-builder-el-8  el_after_av_social_share  el_before_av_comments_list '><span class='hr-inner ' ><span class='hr-inner-style'><\/span><\/span><\/div>\n<div  class='av-buildercomment  av-blog-meta-html-info-disabled av-blog-meta-tag-disabled  '><\/div>\n","protected":false},"excerpt":{"rendered":"","protected":false},"author":1,"featured_media":64931,"comment_status":"closed","ping_status":"closed","sticky":false,"template":"","format":"standard","meta":{"footnotes":""},"categories":[38],"tags":[],"class_list":["post-64930","post","type-post","status-publish","format-standard","has-post-thumbnail","hentry","category-regional"],"jetpack_featured_media_url":"https:\/\/radiorevelacionfm.cl\/wp-content\/uploads\/2026\/03\/imagen-referencial-los-maquis_paisajismo-1-1_optimized-1.jpg","_links":{"self":[{"href":"https:\/\/radiorevelacionfm.cl\/index.php?rest_route=\/wp\/v2\/posts\/64930","targetHints":{"allow":["GET"]}}],"collection":[{"href":"https:\/\/radiorevelacionfm.cl\/index.php?rest_route=\/wp\/v2\/posts"}],"about":[{"href":"https:\/\/radiorevelacionfm.cl\/index.php?rest_route=\/wp\/v2\/types\/post"}],"author":[{"embeddable":true,"href":"https:\/\/radiorevelacionfm.cl\/index.php?rest_route=\/wp\/v2\/users\/1"}],"replies":[{"embeddable":true,"href":"https:\/\/radiorevelacionfm.cl\/index.php?rest_route=%2Fwp%2Fv2%2Fcomments&post=64930"}],"version-history":[{"count":2,"href":"https:\/\/radiorevelacionfm.cl\/index.php?rest_route=\/wp\/v2\/posts\/64930\/revisions"}],"predecessor-version":[{"id":64933,"href":"https:\/\/radiorevelacionfm.cl\/index.php?rest_route=\/wp\/v2\/posts\/64930\/revisions\/64933"}],"wp:featuredmedia":[{"embeddable":true,"href":"https:\/\/radiorevelacionfm.cl\/index.php?rest_route=\/wp\/v2\/media\/64931"}],"wp:attachment":[{"href":"https:\/\/radiorevelacionfm.cl\/index.php?rest_route=%2Fwp%2Fv2%2Fmedia&parent=64930"}],"wp:term":[{"taxonomy":"category","embeddable":true,"href":"https:\/\/radiorevelacionfm.cl\/index.php?rest_route=%2Fwp%2Fv2%2Fcategories&post=64930"},{"taxonomy":"post_tag","embeddable":true,"href":"https:\/\/radiorevelacionfm.cl\/index.php?rest_route=%2Fwp%2Fv2%2Ftags&post=64930"}],"curies":[{"name":"wp","href":"https:\/\/api.w.org\/{rel}","templated":true}]}}