{"id":6493,"date":"2021-07-21T18:08:06","date_gmt":"2021-07-21T21:08:06","guid":{"rendered":"https:\/\/radiorevelacionfm.cl\/?p=6493"},"modified":"2021-07-21T18:08:06","modified_gmt":"2021-07-21T21:08:06","slug":"desafios-en-salud-publica-y-pandemia-abordo-la-gobernadora-regional-con-directiva-del-colegio-medico","status":"publish","type":"post","link":"https:\/\/radiorevelacionfm.cl\/?p=6493","title":{"rendered":"Desaf\u00edos en salud p\u00fablica y pandemia abord\u00f3 la Gobernadora Regional con directiva del Colegio M\u00e9dico"},"content":{"rendered":"<div class=\"flex_column av_one_full  flex_column_div av-zero-column-padding first  avia-builder-el-0  el_before_av_one_full  avia-builder-el-first  \" style='border-radius:0px; '><div  class='avia-image-container  av-styling-    avia-builder-el-1  avia-builder-el-no-sibling  avia-align-center '  itemprop=\"image\" itemscope=\"itemscope\" itemtype=\"https:\/\/schema.org\/ImageObject\"  ><div class='avia-image-container-inner'><div class='avia-image-overlay-wrap'><img decoding=\"async\" class='wp-image-6494 avia-img-lazy-loading-not-6494 avia_image' src=\"https:\/\/radiorevelacionfm.cl\/wp-content\/uploads\/2021\/07\/W2021-07-21-1-1.jpeg\" alt='' title='W2021-07-21 (1) (1)' height=\"600\" width=\"900\"  itemprop=\"thumbnailUrl\" srcset=\"https:\/\/radiorevelacionfm.cl\/wp-content\/uploads\/2021\/07\/W2021-07-21-1-1.jpeg 900w, https:\/\/radiorevelacionfm.cl\/wp-content\/uploads\/2021\/07\/W2021-07-21-1-1-300x200.jpeg 300w, https:\/\/radiorevelacionfm.cl\/wp-content\/uploads\/2021\/07\/W2021-07-21-1-1-768x512.jpeg 768w, https:\/\/radiorevelacionfm.cl\/wp-content\/uploads\/2021\/07\/W2021-07-21-1-1-705x470.jpeg 705w, https:\/\/radiorevelacionfm.cl\/wp-content\/uploads\/2021\/07\/W2021-07-21-1-1-600x400.jpeg 600w\" sizes=\"(max-width: 900px) 100vw, 900px\" \/><\/div><\/div><\/div><\/div><div class=\"flex_column av_one_full  flex_column_div av-zero-column-padding first  avia-builder-el-2  el_after_av_one_full  el_before_av_one_full  column-top-margin\" style='border-radius:0px; '><section class=\"av_textblock_section \"  itemscope=\"itemscope\" itemtype=\"https:\/\/schema.org\/BlogPosting\" itemprop=\"blogPost\" ><div class='avia_textblock  '   itemprop=\"text\" ><p class=\"v1MsoNormal\" align=\"center\"><span style=\"font-size: 18pt;\"><b>Desaf\u00edos en salud p\u00fablica y pandemia abord\u00f3 la <\/b><b>Gobernadora Regional con directiva del Colegio M\u00e9dico<\/b><\/span><\/p>\n<div id=\"gtx-trans\" style=\"position: absolute; left: -50px; top: 4.31534px;\">\n<div class=\"gtx-trans-icon\"><\/div>\n<\/div>\n<\/div><\/section><\/div><div class=\"flex_column av_one_full  flex_column_div av-zero-column-padding first  avia-builder-el-4  el_after_av_one_full  el_before_av_hr  column-top-margin\" style='border-radius:0px; '><section class=\"av_textblock_section \"  itemscope=\"itemscope\" itemtype=\"https:\/\/schema.org\/BlogPosting\" itemprop=\"blogPost\" ><div class='avia_textblock  '   itemprop=\"text\" ><p class=\"v1MsoNormal\" style=\"text-align: justify;\">Un saludo protocolar y di\u00e1logo sobre salud p\u00fablica regional y pandemia, sostuvieron esta ma\u00f1ana en Coyhaique la directiva del Consejo Regional Coyhaique del Colegio M\u00e9dico, encabezado por Claudio Vallejos, y la Gobernadora Regional de Ays\u00e9n, Andrea Mac\u00edas Palma.<\/p>\n<p class=\"v1MsoNormal\" style=\"text-align: justify;\">\u00abConversando sobre los desaf\u00edos que tenemos como salud en la regi\u00f3n, tanto en el \u00e1mbito de la prevenci\u00f3n, como en el tratamiento de enfermedades; en el \u00e1mbito de infraestructura, compartiendo visiones de c\u00f3mo debi\u00e9semos avanzar en una mejor gesti\u00f3n de nuestra red y c\u00f3mo \u2013desde los distintos espacios- vamos aportando para alcanzar una mayor calidad en atenci\u00f3n, acceso y espacio, entre otros temas\u00bb, expres\u00f3 la Gobernadora Regional.<\/p>\n<p class=\"v1MsoNormal\" style=\"text-align: justify;\">Al t\u00e9rmino de la reuni\u00f3n, Claudio Vallejos destac\u00f3 la importancia que tiene para el gremio el trabajo p\u00fablico-privado.<\/p>\n<p class=\"v1MsoNormal\" style=\"text-align: justify;\">\u00abLa Regi\u00f3n de Ays\u00e9n necesita mejorar su infraestructura, m\u00e1s especialistas, un nuevo hospital, mejorar su atenci\u00f3n primaria, la calidad, la oportunidad, la dignidad del trato, de tal manera que hemos venido a conversar con la Gobernadora. Ella es la l\u00edder natural, elegida por toda la ciudadan\u00eda democr\u00e1ticamente, por lo tanto, entregamos a ella estas inquietudes para que lidere estos procesos de cambio\u00bb, indic\u00f3.<\/p>\n<p class=\"v1MsoNormal\" style=\"text-align: justify;\">En el mismo contexto, la Gobernadora reforz\u00f3 el llamado al autocuidado y a la vacunaci\u00f3n de los rezagados, para seguir enfrentando la pandemia por covid-19.<\/p>\n<p class=\"v1MsoNormal\" style=\"text-align: justify;\">\u00abHoy d\u00eda, todas las personas que est\u00e1n rezagadas, que puedan seguir vacun\u00e1ndose, estamos viendo lo importante que esto resulta, ya partiendo con las edades m\u00e1s tempranas. Tenemos que cuidarnos entre todos y todas. La principal responsabilidad siempre va a ser individual, el uso correcto de la mascarilla, el lavado frecuente de manos, alcohol gel, respetar los aforos y el distanciamiento social, son medidas que dependen de cada uno y nos van a permitir seguir viviendo con esta pandemia, pero donde hemos demostrado como regi\u00f3n \u2013con estos importantes porcentajes de vacunaci\u00f3n- c\u00f3mo podemos hacerle frente\u00bb, indic\u00f3.<\/p>\n<p class=\"v1MsoNormal\" style=\"text-align: justify;\">En la instancia se concord\u00f3 en la voluntad de un trabajo mancomunado, tanto para el contexto de pandemia como para las materias de mediano y largo plazo en el \u00e1mbito de la salud p\u00fablica regional.<\/p>\n<\/div><\/section><\/div><div  style='height:50px' class='hr hr-invisible   avia-builder-el-6  el_after_av_one_full  el_before_av_social_share '><span class='hr-inner ' ><span class='hr-inner-style'><\/span><\/span><\/div><\/p>\n<div  class='av-social-sharing-box  avia-builder-el-7  el_after_av_hr  el_before_av_hr  '><div class='av-share-box'><h5 class='av-share-link-description av-no-toc '>Compartir esta noticia<\/h5><ul class='av-share-box-list noLightbox'><li class='av-share-link av-social-link-facebook' ><a target=\"_blank\" aria-label=\"Compartir en Facebook\" href='https:\/\/www.facebook.com\/sharer.php?u=https:\/\/radiorevelacionfm.cl\/?p=6493&#038;t=Desaf%C3%ADos%20en%20salud%20p%C3%BAblica%20y%20pandemia%20abord%C3%B3%20la%20Gobernadora%20Regional%20con%20directiva%20del%20Colegio%20M%C3%A9dico' aria-hidden='false' data-av_icon='\ue8f3' data-av_iconfont='entypo-fontello' title='' data-avia-related-tooltip='Compartir en Facebook' rel=\"noopener\"><span class='avia_hidden_link_text'>Compartir en Facebook<\/span><\/a><\/li><li class='av-share-link av-social-link-twitter' ><a target=\"_blank\" aria-label=\"Compartir en Twitter\" href='https:\/\/twitter.com\/share?text=Desaf%C3%ADos%20en%20salud%20p%C3%BAblica%20y%20pandemia%20abord%C3%B3%20la%20Gobernadora%20Regional%20con%20directiva%20del%20Colegio%20M%C3%A9dico&#038;url=https:\/\/radiorevelacionfm.cl\/?p=6493' aria-hidden='false' data-av_icon='\ue8f1' data-av_iconfont='entypo-fontello' title='' data-avia-related-tooltip='Compartir en Twitter' rel=\"noopener\"><span class='avia_hidden_link_text'>Compartir en Twitter<\/span><\/a><\/li><li class='av-share-link av-social-link-whatsapp' ><a target=\"_blank\" aria-label=\"Compartir en Whatsapp\" href='https:\/\/api.whatsapp.com\/send?text=https:\/\/radiorevelacionfm.cl\/?p=6493' aria-hidden='false' data-av_icon='\uf232' data-av_iconfont='entypo-fontello' title='' data-avia-related-tooltip='Compartir en Whatsapp' rel=\"noopener\"><span class='avia_hidden_link_text'>Compartir en Whatsapp<\/span><\/a><\/li><li class='av-share-link av-social-link-linkedin' ><a target=\"_blank\" aria-label=\"Compartir en LinkedIn\" href='https:\/\/linkedin.com\/shareArticle?mini=true&#038;title=Desaf%C3%ADos%20en%20salud%20p%C3%BAblica%20y%20pandemia%20abord%C3%B3%20la%20Gobernadora%20Regional%20con%20directiva%20del%20Colegio%20M%C3%A9dico&#038;url=https:\/\/radiorevelacionfm.cl\/?p=6493' aria-hidden='false' data-av_icon='\ue8fc' data-av_iconfont='entypo-fontello' title='' data-avia-related-tooltip='Compartir en LinkedIn' rel=\"noopener\"><span class='avia_hidden_link_text'>Compartir en LinkedIn<\/span><\/a><\/li><li class='av-share-link av-social-link-mail' ><a  aria-label=\"Compartir por correo\" href='mailto:?subject=Desaf%C3%ADos%20en%20salud%20p%C3%BAblica%20y%20pandemia%20abord%C3%B3%20la%20Gobernadora%20Regional%20con%20directiva%20del%20Colegio%20M%C3%A9dico&#038;body=https:\/\/radiorevelacionfm.cl\/?p=6493' aria-hidden='false' data-av_icon='\ue805' data-av_iconfont='entypo-fontello' title='' data-avia-related-tooltip='Compartir por correo'><span class='avia_hidden_link_text'>Compartir por correo<\/span><\/a><\/li><\/ul><\/div><\/div>\n<div  style='height:50px' class='hr hr-invisible   avia-builder-el-8  el_after_av_social_share  el_before_av_comments_list '><span class='hr-inner ' ><span class='hr-inner-style'><\/span><\/span><\/div>\n<div  class='av-buildercomment  av-blog-meta-html-info-disabled av-blog-meta-tag-disabled  '><\/div>\n","protected":false},"excerpt":{"rendered":"","protected":false},"author":1,"featured_media":6494,"comment_status":"open","ping_status":"open","sticky":false,"template":"","format":"standard","meta":{"footnotes":""},"categories":[38],"tags":[],"class_list":["post-6493","post","type-post","status-publish","format-standard","has-post-thumbnail","hentry","category-regional"],"jetpack_featured_media_url":"https:\/\/radiorevelacionfm.cl\/wp-content\/uploads\/2021\/07\/W2021-07-21-1-1.jpeg","_links":{"self":[{"href":"https:\/\/radiorevelacionfm.cl\/index.php?rest_route=\/wp\/v2\/posts\/6493","targetHints":{"allow":["GET"]}}],"collection":[{"href":"https:\/\/radiorevelacionfm.cl\/index.php?rest_route=\/wp\/v2\/posts"}],"about":[{"href":"https:\/\/radiorevelacionfm.cl\/index.php?rest_route=\/wp\/v2\/types\/post"}],"author":[{"embeddable":true,"href":"https:\/\/radiorevelacionfm.cl\/index.php?rest_route=\/wp\/v2\/users\/1"}],"replies":[{"embeddable":true,"href":"https:\/\/radiorevelacionfm.cl\/index.php?rest_route=%2Fwp%2Fv2%2Fcomments&post=6493"}],"version-history":[{"count":1,"href":"https:\/\/radiorevelacionfm.cl\/index.php?rest_route=\/wp\/v2\/posts\/6493\/revisions"}],"predecessor-version":[{"id":6495,"href":"https:\/\/radiorevelacionfm.cl\/index.php?rest_route=\/wp\/v2\/posts\/6493\/revisions\/6495"}],"wp:featuredmedia":[{"embeddable":true,"href":"https:\/\/radiorevelacionfm.cl\/index.php?rest_route=\/wp\/v2\/media\/6494"}],"wp:attachment":[{"href":"https:\/\/radiorevelacionfm.cl\/index.php?rest_route=%2Fwp%2Fv2%2Fmedia&parent=6493"}],"wp:term":[{"taxonomy":"category","embeddable":true,"href":"https:\/\/radiorevelacionfm.cl\/index.php?rest_route=%2Fwp%2Fv2%2Fcategories&post=6493"},{"taxonomy":"post_tag","embeddable":true,"href":"https:\/\/radiorevelacionfm.cl\/index.php?rest_route=%2Fwp%2Fv2%2Ftags&post=6493"}],"curies":[{"name":"wp","href":"https:\/\/api.w.org\/{rel}","templated":true}]}}