{"id":64928,"date":"2026-03-09T16:00:15","date_gmt":"2026-03-09T19:00:15","guid":{"rendered":"https:\/\/radiorevelacionfm.cl\/?p=64928"},"modified":"2026-03-09T16:00:15","modified_gmt":"2026-03-09T19:00:15","slug":"gobernar-con-sentido-publico-una-etapa-que-se-cierra-un-trabajo-que-debe-continuar","status":"publish","type":"post","link":"https:\/\/radiorevelacionfm.cl\/?p=64928","title":{"rendered":"Gobernar con sentido p\u00fablico: una etapa que se cierra, un trabajo que debe continuar"},"content":{"rendered":"<div class=\"flex_column av_one_full  flex_column_div av-zero-column-padding first  avia-builder-el-0  el_before_av_one_full  avia-builder-el-first  \" style='border-radius:0px; '><div  class='avia-image-container  av-styling-    avia-builder-el-1  avia-builder-el-no-sibling  avia-align-center '  itemprop=\"image\" itemscope=\"itemscope\" itemtype=\"https:\/\/schema.org\/ImageObject\"  ><div class='avia-image-container-inner'><div class='avia-image-overlay-wrap'><img decoding=\"async\" class='wp-image-53361 avia-img-lazy-loading-not-53361 avia_image' src=\"https:\/\/radiorevelacionfm.cl\/wp-content\/uploads\/2025\/04\/Seremi-foto-1-1-1.jpeg\" alt='' title='Seremi foto 1 (1) (1)' height=\"725\" width=\"799\"  itemprop=\"thumbnailUrl\" srcset=\"https:\/\/radiorevelacionfm.cl\/wp-content\/uploads\/2025\/04\/Seremi-foto-1-1-1.jpeg 799w, https:\/\/radiorevelacionfm.cl\/wp-content\/uploads\/2025\/04\/Seremi-foto-1-1-1-300x272.jpeg 300w, https:\/\/radiorevelacionfm.cl\/wp-content\/uploads\/2025\/04\/Seremi-foto-1-1-1-768x697.jpeg 768w, https:\/\/radiorevelacionfm.cl\/wp-content\/uploads\/2025\/04\/Seremi-foto-1-1-1-705x640.jpeg 705w, https:\/\/radiorevelacionfm.cl\/wp-content\/uploads\/2025\/04\/Seremi-foto-1-1-1-450x408.jpeg 450w, https:\/\/radiorevelacionfm.cl\/wp-content\/uploads\/2025\/04\/Seremi-foto-1-1-1-600x544.jpeg 600w\" sizes=\"(max-width: 799px) 100vw, 799px\" \/><\/div><\/div><\/div><\/div><div class=\"flex_column av_one_full  flex_column_div av-zero-column-padding first  avia-builder-el-2  el_after_av_one_full  el_before_av_one_full  column-top-margin\" style='border-radius:0px; '><section class=\"av_textblock_section \"  itemscope=\"itemscope\" itemtype=\"https:\/\/schema.org\/BlogPosting\" itemprop=\"blogPost\" ><div class='avia_textblock  '   itemprop=\"text\" ><p style=\"text-align: center;\"><strong><span style=\"font-size: 18pt;\">Gobernar con sentido p\u00fablico: una etapa que se cierra, un trabajo que debe continuar<\/span><\/strong><\/p>\n<div id=\"gtx-trans\" style=\"position: absolute; left: -50px; top: 4.31534px;\">\n<div class=\"gtx-trans-icon\"><\/div>\n<\/div>\n<\/div><\/section><\/div><div class=\"flex_column av_one_full  flex_column_div av-zero-column-padding first  avia-builder-el-4  el_after_av_one_full  el_before_av_hr  column-top-margin\" style='border-radius:0px; '><section class=\"av_textblock_section \"  itemscope=\"itemscope\" itemtype=\"https:\/\/schema.org\/BlogPosting\" itemprop=\"blogPost\" ><div class='avia_textblock  '   itemprop=\"text\" ><p style=\"text-align: justify;\">Cerrar una etapa siempre invita a mirar hacia atr\u00e1s, a evaluar lo recorrido y, sobre todo, a reflexionar sobre el sentido del trabajo p\u00fablico. Tras un a\u00f1o al mando de la Secretar\u00eda Regional Ministerial de Gobierno en la Regi\u00f3n de Ays\u00e9n, me voy con la convicci\u00f3n de que ejercimos esta responsabilidad con compromiso, presencia en el territorio y vocaci\u00f3n de servicio.<\/p>\n<p style=\"text-align: justify;\">Durante este per\u00edodo, uno de nuestros principales \u00e9nfasis fue estar donde est\u00e1n las personas. Recorrimos todas las comunas de la regi\u00f3n, visitamos localidades apartadas, dialogamos con organizaciones sociales, dirigentes y dirigentas, y escuchamos demandas hist\u00f3ricas y preocupaciones urgentes. Creemos firmemente que las pol\u00edticas p\u00fablicas no se construyen desde la distancia, sino desde el encuentro, la escucha activa y el trabajo en conjunto y sostenido.<\/p>\n<p style=\"text-align: justify;\">Un rol fundamental en este camino lo cumplieron las organizaciones sociales. Su capacidad de organizarse, de levantar necesidades colectivas y de sostener el tejido comunitario es invaluable. Fortalecer la participaci\u00f3n ciudadana no es un gesto simb\u00f3lico: es una condici\u00f3n b\u00e1sica para una democracia sana y para un Estado que realmente responda a las personas. Esperamos que ese esp\u00edritu organizativo no se pierda y siga siendo un motor de transformaci\u00f3n en nuestros territorios.<\/p>\n<p style=\"text-align: justify;\">Asimismo, el trabajo con los medios de comunicaci\u00f3n fue clave. Mantuvimos un contacto permanente y diario con radios, prensa escrita y medios digitales, entendiendo que informar de manera clara, oportuna y descentralizada es tambi\u00e9n una forma de gobernar. Gracias a ese trabajo conjunto, las acciones del Gobierno pudieron llegar a toda la regi\u00f3n, incluso a los lugares m\u00e1s alejados.<\/p>\n<p style=\"text-align: justify;\">Sabemos que muchos avances no siempre se ven de inmediato. Hay pol\u00edticas, programas y decisiones cuyos impactos requieren tiempo para consolidarse. Confiamos en que no pasar\u00e1 mucho antes de que la ciudadan\u00eda pueda apreciar plenamente lo realizado, no solo en cifras o proyectos, sino tambi\u00e9n en mejoras concretas en su calidad de vida.<\/p>\n<p style=\"text-align: justify;\">Finalmente, quisiera reafirmar una convicci\u00f3n que debiera guiar siempre la acci\u00f3n p\u00fablica: preocuparse de los principales dolores de las personas debe ser, sin excepci\u00f3n, la prioridad. Escuchar, comprender y actuar con sentido humano no es una opci\u00f3n; es una responsabilidad \u00e9tica del Estado.<\/p>\n<p style=\"text-align: justify;\">Me voy agradecida del trabajo realizado, del equipo que sostuvo esta tarea y de cada persona que confi\u00f3, dialog\u00f3 y particip\u00f3. El servicio p\u00fablico cobra sentido cuando se ejerce con cercan\u00eda, responsabilidad y compromiso con las personas. Ese es el camino que, esperamos, siga marcando el futuro de nuestra regi\u00f3n.<\/p>\n<\/div><\/section><\/div><div  style='height:50px' class='hr hr-invisible   avia-builder-el-6  el_after_av_one_full  el_before_av_social_share '><span class='hr-inner ' ><span class='hr-inner-style'><\/span><\/span><\/div><\/p>\n<div  class='av-social-sharing-box  avia-builder-el-7  el_after_av_hr  el_before_av_hr  '><div class='av-share-box'><h5 class='av-share-link-description av-no-toc '>Compartir esta noticia<\/h5><ul class='av-share-box-list noLightbox'><li class='av-share-link av-social-link-facebook' ><a target=\"_blank\" aria-label=\"Compartir en Facebook\" href='https:\/\/www.facebook.com\/sharer.php?u=https:\/\/radiorevelacionfm.cl\/?p=64928&#038;t=Gobernar%20con%20sentido%20p%C3%BAblico%3A%20una%20etapa%20que%20se%20cierra%2C%20un%20trabajo%20que%20debe%20continuar' aria-hidden='false' data-av_icon='\ue8f3' data-av_iconfont='entypo-fontello' title='' data-avia-related-tooltip='Compartir en Facebook' rel=\"noopener\"><span class='avia_hidden_link_text'>Compartir en Facebook<\/span><\/a><\/li><li class='av-share-link av-social-link-twitter' ><a target=\"_blank\" aria-label=\"Compartir en Twitter\" href='https:\/\/twitter.com\/share?text=Gobernar%20con%20sentido%20p%C3%BAblico%3A%20una%20etapa%20que%20se%20cierra%2C%20un%20trabajo%20que%20debe%20continuar&#038;url=https:\/\/radiorevelacionfm.cl\/?p=64928' aria-hidden='false' data-av_icon='\ue8f1' data-av_iconfont='entypo-fontello' title='' data-avia-related-tooltip='Compartir en Twitter' rel=\"noopener\"><span class='avia_hidden_link_text'>Compartir en Twitter<\/span><\/a><\/li><li class='av-share-link av-social-link-whatsapp' ><a target=\"_blank\" aria-label=\"Compartir en Whatsapp\" href='https:\/\/api.whatsapp.com\/send?text=https:\/\/radiorevelacionfm.cl\/?p=64928' aria-hidden='false' data-av_icon='\uf232' data-av_iconfont='entypo-fontello' title='' data-avia-related-tooltip='Compartir en Whatsapp' rel=\"noopener\"><span class='avia_hidden_link_text'>Compartir en Whatsapp<\/span><\/a><\/li><li class='av-share-link av-social-link-linkedin' ><a target=\"_blank\" aria-label=\"Compartir en LinkedIn\" href='https:\/\/linkedin.com\/shareArticle?mini=true&#038;title=Gobernar%20con%20sentido%20p%C3%BAblico%3A%20una%20etapa%20que%20se%20cierra%2C%20un%20trabajo%20que%20debe%20continuar&#038;url=https:\/\/radiorevelacionfm.cl\/?p=64928' aria-hidden='false' data-av_icon='\ue8fc' data-av_iconfont='entypo-fontello' title='' data-avia-related-tooltip='Compartir en LinkedIn' rel=\"noopener\"><span class='avia_hidden_link_text'>Compartir en LinkedIn<\/span><\/a><\/li><li class='av-share-link av-social-link-mail' ><a  aria-label=\"Compartir por correo\" href='mailto:?subject=Gobernar%20con%20sentido%20p%C3%BAblico%3A%20una%20etapa%20que%20se%20cierra%2C%20un%20trabajo%20que%20debe%20continuar&#038;body=https:\/\/radiorevelacionfm.cl\/?p=64928' aria-hidden='false' data-av_icon='\ue805' data-av_iconfont='entypo-fontello' title='' data-avia-related-tooltip='Compartir por correo'><span class='avia_hidden_link_text'>Compartir por correo<\/span><\/a><\/li><\/ul><\/div><\/div>\n<div  style='height:50px' class='hr hr-invisible   avia-builder-el-8  el_after_av_social_share  el_before_av_comments_list '><span class='hr-inner ' ><span class='hr-inner-style'><\/span><\/span><\/div>\n<div  class='av-buildercomment  av-blog-meta-html-info-disabled av-blog-meta-tag-disabled  '><\/div>\n","protected":false},"excerpt":{"rendered":"","protected":false},"author":1,"featured_media":53361,"comment_status":"closed","ping_status":"closed","sticky":false,"template":"","format":"standard","meta":{"footnotes":""},"categories":[50],"tags":[],"class_list":["post-64928","post","type-post","status-publish","format-standard","has-post-thumbnail","hentry","category-cartas-y-opinion"],"jetpack_featured_media_url":"https:\/\/radiorevelacionfm.cl\/wp-content\/uploads\/2025\/04\/Seremi-foto-1-1-1.jpeg","_links":{"self":[{"href":"https:\/\/radiorevelacionfm.cl\/index.php?rest_route=\/wp\/v2\/posts\/64928","targetHints":{"allow":["GET"]}}],"collection":[{"href":"https:\/\/radiorevelacionfm.cl\/index.php?rest_route=\/wp\/v2\/posts"}],"about":[{"href":"https:\/\/radiorevelacionfm.cl\/index.php?rest_route=\/wp\/v2\/types\/post"}],"author":[{"embeddable":true,"href":"https:\/\/radiorevelacionfm.cl\/index.php?rest_route=\/wp\/v2\/users\/1"}],"replies":[{"embeddable":true,"href":"https:\/\/radiorevelacionfm.cl\/index.php?rest_route=%2Fwp%2Fv2%2Fcomments&post=64928"}],"version-history":[{"count":2,"href":"https:\/\/radiorevelacionfm.cl\/index.php?rest_route=\/wp\/v2\/posts\/64928\/revisions"}],"predecessor-version":[{"id":64939,"href":"https:\/\/radiorevelacionfm.cl\/index.php?rest_route=\/wp\/v2\/posts\/64928\/revisions\/64939"}],"wp:featuredmedia":[{"embeddable":true,"href":"https:\/\/radiorevelacionfm.cl\/index.php?rest_route=\/wp\/v2\/media\/53361"}],"wp:attachment":[{"href":"https:\/\/radiorevelacionfm.cl\/index.php?rest_route=%2Fwp%2Fv2%2Fmedia&parent=64928"}],"wp:term":[{"taxonomy":"category","embeddable":true,"href":"https:\/\/radiorevelacionfm.cl\/index.php?rest_route=%2Fwp%2Fv2%2Fcategories&post=64928"},{"taxonomy":"post_tag","embeddable":true,"href":"https:\/\/radiorevelacionfm.cl\/index.php?rest_route=%2Fwp%2Fv2%2Ftags&post=64928"}],"curies":[{"name":"wp","href":"https:\/\/api.w.org\/{rel}","templated":true}]}}