{"id":64924,"date":"2026-03-09T10:48:41","date_gmt":"2026-03-09T13:48:41","guid":{"rendered":"https:\/\/radiorevelacionfm.cl\/?p=64924"},"modified":"2026-03-09T10:48:41","modified_gmt":"2026-03-09T13:48:41","slug":"banda-instrumental-de-la-iv-division-de-ejercito-se-presento-ante-un-gran-marco-de-publico-en-la-plaza-de-armas-de-coyhaique","status":"publish","type":"post","link":"https:\/\/radiorevelacionfm.cl\/?p=64924","title":{"rendered":"Banda Instrumental de la IV Divisi\u00f3n de Ej\u00e9rcito se present\u00f3 ante un gran marco de p\u00fablico en la Plaza de Armas de Coyhaique"},"content":{"rendered":"<div class=\"flex_column av_one_full  flex_column_div av-zero-column-padding first  avia-builder-el-0  el_before_av_one_full  avia-builder-el-first  \" style='border-radius:0px; '><div  class='avia-image-container  av-styling-    avia-builder-el-1  avia-builder-el-no-sibling  avia-align-center '  itemprop=\"image\" itemscope=\"itemscope\" itemtype=\"https:\/\/schema.org\/ImageObject\"  ><div class='avia-image-container-inner'><div class='avia-image-overlay-wrap'><img decoding=\"async\" class='wp-image-64925 avia-img-lazy-loading-not-64925 avia_image' src=\"https:\/\/radiorevelacionfm.cl\/wp-content\/uploads\/2026\/03\/whatsapp-image-2026-03-07-at-6_optimized.43.07-pm-3-1.jpeg\" alt='' title='whatsapp-image-2026-03-07-at-6_optimized.43.07-pm-(3)-(1)' height=\"600\" width=\"901\"  itemprop=\"thumbnailUrl\" srcset=\"https:\/\/radiorevelacionfm.cl\/wp-content\/uploads\/2026\/03\/whatsapp-image-2026-03-07-at-6_optimized.43.07-pm-3-1.jpeg 901w, https:\/\/radiorevelacionfm.cl\/wp-content\/uploads\/2026\/03\/whatsapp-image-2026-03-07-at-6_optimized.43.07-pm-3-1-300x200.jpeg 300w, https:\/\/radiorevelacionfm.cl\/wp-content\/uploads\/2026\/03\/whatsapp-image-2026-03-07-at-6_optimized.43.07-pm-3-1-768x511.jpeg 768w, https:\/\/radiorevelacionfm.cl\/wp-content\/uploads\/2026\/03\/whatsapp-image-2026-03-07-at-6_optimized.43.07-pm-3-1-705x469.jpeg 705w, https:\/\/radiorevelacionfm.cl\/wp-content\/uploads\/2026\/03\/whatsapp-image-2026-03-07-at-6_optimized.43.07-pm-3-1-450x300.jpeg 450w, https:\/\/radiorevelacionfm.cl\/wp-content\/uploads\/2026\/03\/whatsapp-image-2026-03-07-at-6_optimized.43.07-pm-3-1-600x400.jpeg 600w\" sizes=\"(max-width: 901px) 100vw, 901px\" \/><\/div><\/div><\/div><\/div><div class=\"flex_column av_one_full  flex_column_div av-zero-column-padding first  avia-builder-el-2  el_after_av_one_full  el_before_av_one_full  column-top-margin\" style='border-radius:0px; '><section class=\"av_textblock_section \"  itemscope=\"itemscope\" itemtype=\"https:\/\/schema.org\/BlogPosting\" itemprop=\"blogPost\" ><div class='avia_textblock  '   itemprop=\"text\" ><p style=\"text-align: center;\"><strong><span style=\"font-size: 18pt;\">Banda Instrumental de la IV Divisi\u00f3n de Ej\u00e9rcito se present\u00f3 ante un gran marco de p\u00fablico en la Plaza de Armas de Coyhaique<\/span><\/strong><\/p>\n<div id=\"gtx-trans\" style=\"position: absolute; left: -50px; top: 4.31534px;\">\n<div class=\"gtx-trans-icon\"><\/div>\n<\/div>\n<\/div><\/section><\/div><div class=\"flex_column av_one_full  flex_column_div av-zero-column-padding first  avia-builder-el-4  el_after_av_one_full  el_before_av_hr  column-top-margin\" style='border-radius:0px; '><section class=\"av_textblock_section \"  itemscope=\"itemscope\" itemtype=\"https:\/\/schema.org\/BlogPosting\" itemprop=\"blogPost\" ><div class='avia_textblock  '   itemprop=\"text\" ><p style=\"text-align: justify;\">Con un variado repertorio musical y ante un entusiasta marco de p\u00fablico, la Banda Instrumental de la IV Divisi\u00f3n de Ej\u00e9rcito realiz\u00f3 una presentaci\u00f3n el s\u00e1bado pasado en la Plaza de Armas de Coyhaique, ofreciendo un momento de encuentro cultural y recreativo para la comunidad.<\/p>\n<p style=\"text-align: justify;\">Durante la jornada, los m\u00fasicos interpretaron distintas piezas musicales que incluyeron marchas tradicionales, m\u00fasica popular y reconocidas melod\u00edas, las que fueron ampliamente valoradas por los asistentes que se congregaron en el principal paseo p\u00fablico de la capital regional.<\/p>\n<p style=\"text-align: justify;\">La actividad permiti\u00f3 fortalecer el v\u00ednculo entre el Ej\u00e9rcito de Chile y la comunidad de la Regi\u00f3n de Ays\u00e9n, generando un espacio de cercan\u00eda donde familias, j\u00f3venes y visitantes pudieron disfrutar de una presentaci\u00f3n art\u00edstica de alto nivel.<\/p>\n<p style=\"text-align: justify;\">La Banda Instrumental de la IV Divisi\u00f3n de Ej\u00e9rcito contin\u00faa desarrollando este tipo de presentaciones abiertas a la comunidad, contribuyendo al acceso a la cultura y reafirmando su compromiso con la ciudadan\u00eda.<\/p>\n<\/div><\/section><\/div><div  style='height:50px' class='hr hr-invisible   avia-builder-el-6  el_after_av_one_full  el_before_av_social_share '><span class='hr-inner ' ><span class='hr-inner-style'><\/span><\/span><\/div><\/p>\n<div  class='av-social-sharing-box  avia-builder-el-7  el_after_av_hr  el_before_av_hr  '><div class='av-share-box'><h5 class='av-share-link-description av-no-toc '>Compartir esta noticia<\/h5><ul class='av-share-box-list noLightbox'><li class='av-share-link av-social-link-facebook' ><a target=\"_blank\" aria-label=\"Compartir en Facebook\" href='https:\/\/www.facebook.com\/sharer.php?u=https:\/\/radiorevelacionfm.cl\/?p=64924&#038;t=Banda%20Instrumental%20de%20la%20IV%20Divisi%C3%B3n%20de%20Ej%C3%A9rcito%20se%20present%C3%B3%20ante%20un%20gran%20marco%20de%20p%C3%BAblico%20en%20la%20Plaza%20de%20Armas%20de%20Coyhaique' aria-hidden='false' data-av_icon='\ue8f3' data-av_iconfont='entypo-fontello' title='' data-avia-related-tooltip='Compartir en Facebook' rel=\"noopener\"><span class='avia_hidden_link_text'>Compartir en Facebook<\/span><\/a><\/li><li class='av-share-link av-social-link-twitter' ><a target=\"_blank\" aria-label=\"Compartir en Twitter\" href='https:\/\/twitter.com\/share?text=Banda%20Instrumental%20de%20la%20IV%20Divisi%C3%B3n%20de%20Ej%C3%A9rcito%20se%20present%C3%B3%20ante%20un%20gran%20marco%20de%20p%C3%BAblico%20en%20la%20Plaza%20de%20Armas%20de%20Coyhaique&#038;url=https:\/\/radiorevelacionfm.cl\/?p=64924' aria-hidden='false' data-av_icon='\ue8f1' data-av_iconfont='entypo-fontello' title='' data-avia-related-tooltip='Compartir en Twitter' rel=\"noopener\"><span class='avia_hidden_link_text'>Compartir en Twitter<\/span><\/a><\/li><li class='av-share-link av-social-link-whatsapp' ><a target=\"_blank\" aria-label=\"Compartir en Whatsapp\" href='https:\/\/api.whatsapp.com\/send?text=https:\/\/radiorevelacionfm.cl\/?p=64924' aria-hidden='false' data-av_icon='\uf232' data-av_iconfont='entypo-fontello' title='' data-avia-related-tooltip='Compartir en Whatsapp' rel=\"noopener\"><span class='avia_hidden_link_text'>Compartir en Whatsapp<\/span><\/a><\/li><li class='av-share-link av-social-link-linkedin' ><a target=\"_blank\" aria-label=\"Compartir en LinkedIn\" href='https:\/\/linkedin.com\/shareArticle?mini=true&#038;title=Banda%20Instrumental%20de%20la%20IV%20Divisi%C3%B3n%20de%20Ej%C3%A9rcito%20se%20present%C3%B3%20ante%20un%20gran%20marco%20de%20p%C3%BAblico%20en%20la%20Plaza%20de%20Armas%20de%20Coyhaique&#038;url=https:\/\/radiorevelacionfm.cl\/?p=64924' aria-hidden='false' data-av_icon='\ue8fc' data-av_iconfont='entypo-fontello' title='' data-avia-related-tooltip='Compartir en LinkedIn' rel=\"noopener\"><span class='avia_hidden_link_text'>Compartir en LinkedIn<\/span><\/a><\/li><li class='av-share-link av-social-link-mail' ><a  aria-label=\"Compartir por correo\" href='mailto:?subject=Banda%20Instrumental%20de%20la%20IV%20Divisi%C3%B3n%20de%20Ej%C3%A9rcito%20se%20present%C3%B3%20ante%20un%20gran%20marco%20de%20p%C3%BAblico%20en%20la%20Plaza%20de%20Armas%20de%20Coyhaique&#038;body=https:\/\/radiorevelacionfm.cl\/?p=64924' aria-hidden='false' data-av_icon='\ue805' data-av_iconfont='entypo-fontello' title='' data-avia-related-tooltip='Compartir por correo'><span class='avia_hidden_link_text'>Compartir por correo<\/span><\/a><\/li><\/ul><\/div><\/div>\n<div  style='height:50px' class='hr hr-invisible   avia-builder-el-8  el_after_av_social_share  el_before_av_comments_list '><span class='hr-inner ' ><span class='hr-inner-style'><\/span><\/span><\/div>\n<div  class='av-buildercomment  av-blog-meta-html-info-disabled av-blog-meta-tag-disabled  '><\/div>\n","protected":false},"excerpt":{"rendered":"","protected":false},"author":1,"featured_media":64925,"comment_status":"closed","ping_status":"closed","sticky":false,"template":"","format":"standard","meta":{"footnotes":""},"categories":[38],"tags":[],"class_list":["post-64924","post","type-post","status-publish","format-standard","has-post-thumbnail","hentry","category-regional"],"jetpack_featured_media_url":"https:\/\/radiorevelacionfm.cl\/wp-content\/uploads\/2026\/03\/whatsapp-image-2026-03-07-at-6_optimized.43.07-pm-3-1.jpeg","_links":{"self":[{"href":"https:\/\/radiorevelacionfm.cl\/index.php?rest_route=\/wp\/v2\/posts\/64924","targetHints":{"allow":["GET"]}}],"collection":[{"href":"https:\/\/radiorevelacionfm.cl\/index.php?rest_route=\/wp\/v2\/posts"}],"about":[{"href":"https:\/\/radiorevelacionfm.cl\/index.php?rest_route=\/wp\/v2\/types\/post"}],"author":[{"embeddable":true,"href":"https:\/\/radiorevelacionfm.cl\/index.php?rest_route=\/wp\/v2\/users\/1"}],"replies":[{"embeddable":true,"href":"https:\/\/radiorevelacionfm.cl\/index.php?rest_route=%2Fwp%2Fv2%2Fcomments&post=64924"}],"version-history":[{"count":2,"href":"https:\/\/radiorevelacionfm.cl\/index.php?rest_route=\/wp\/v2\/posts\/64924\/revisions"}],"predecessor-version":[{"id":64927,"href":"https:\/\/radiorevelacionfm.cl\/index.php?rest_route=\/wp\/v2\/posts\/64924\/revisions\/64927"}],"wp:featuredmedia":[{"embeddable":true,"href":"https:\/\/radiorevelacionfm.cl\/index.php?rest_route=\/wp\/v2\/media\/64925"}],"wp:attachment":[{"href":"https:\/\/radiorevelacionfm.cl\/index.php?rest_route=%2Fwp%2Fv2%2Fmedia&parent=64924"}],"wp:term":[{"taxonomy":"category","embeddable":true,"href":"https:\/\/radiorevelacionfm.cl\/index.php?rest_route=%2Fwp%2Fv2%2Fcategories&post=64924"},{"taxonomy":"post_tag","embeddable":true,"href":"https:\/\/radiorevelacionfm.cl\/index.php?rest_route=%2Fwp%2Fv2%2Ftags&post=64924"}],"curies":[{"name":"wp","href":"https:\/\/api.w.org\/{rel}","templated":true}]}}