{"id":64920,"date":"2026-03-09T12:11:20","date_gmt":"2026-03-09T15:11:20","guid":{"rendered":"https:\/\/radiorevelacionfm.cl\/?p=64920"},"modified":"2026-03-09T12:11:20","modified_gmt":"2026-03-09T15:11:20","slug":"termometro-laboral-regional-region-de-aysen-lidera-a-nivel-nacional-en-sus-indicadores-por-decimo-trimestre-movil-consecutivo","status":"publish","type":"post","link":"https:\/\/radiorevelacionfm.cl\/?p=64920","title":{"rendered":"Term\u00f3metro laboral regional: Regi\u00f3n de Ays\u00e9n lidera a nivel nacional en sus indicadores por d\u00e9cimo trimestre m\u00f3vil consecutivo"},"content":{"rendered":"<div class=\"flex_column av_one_full  flex_column_div av-zero-column-padding first  avia-builder-el-0  el_before_av_one_full  avia-builder-el-first  \" style='border-radius:0px; '><div  class='avia-image-container  av-styling-    avia-builder-el-1  avia-builder-el-no-sibling  avia-align-center '  itemprop=\"image\" itemscope=\"itemscope\" itemtype=\"https:\/\/schema.org\/ImageObject\"  ><div class='avia-image-container-inner'><div class='avia-image-overlay-wrap'><img decoding=\"async\" class='wp-image-64921 avia-img-lazy-loading-not-64921 avia_image' src=\"https:\/\/radiorevelacionfm.cl\/wp-content\/uploads\/2026\/03\/obra-vial-1-1.jpg\" alt='' title='obra vial (1) (1)' height=\"600\" width=\"1067\"  itemprop=\"thumbnailUrl\" srcset=\"https:\/\/radiorevelacionfm.cl\/wp-content\/uploads\/2026\/03\/obra-vial-1-1.jpg 1067w, https:\/\/radiorevelacionfm.cl\/wp-content\/uploads\/2026\/03\/obra-vial-1-1-300x169.jpg 300w, https:\/\/radiorevelacionfm.cl\/wp-content\/uploads\/2026\/03\/obra-vial-1-1-1030x579.jpg 1030w, https:\/\/radiorevelacionfm.cl\/wp-content\/uploads\/2026\/03\/obra-vial-1-1-768x432.jpg 768w, https:\/\/radiorevelacionfm.cl\/wp-content\/uploads\/2026\/03\/obra-vial-1-1-705x396.jpg 705w, https:\/\/radiorevelacionfm.cl\/wp-content\/uploads\/2026\/03\/obra-vial-1-1-450x253.jpg 450w, https:\/\/radiorevelacionfm.cl\/wp-content\/uploads\/2026\/03\/obra-vial-1-1-600x337.jpg 600w\" sizes=\"(max-width: 1067px) 100vw, 1067px\" \/><\/div><\/div><\/div><\/div><div class=\"flex_column av_one_full  flex_column_div av-zero-column-padding first  avia-builder-el-2  el_after_av_one_full  el_before_av_one_full  column-top-margin\" style='border-radius:0px; '><section class=\"av_textblock_section \"  itemscope=\"itemscope\" itemtype=\"https:\/\/schema.org\/BlogPosting\" itemprop=\"blogPost\" ><div class='avia_textblock  '   itemprop=\"text\" ><p style=\"text-align: center;\"><strong><span style=\"font-size: 18pt;\">Term\u00f3metro laboral regional: Regi\u00f3n de Ays\u00e9n lidera a nivel nacional en sus indicadores por d\u00e9cimo trimestre m\u00f3vil consecutivo<\/span><\/strong><\/p>\n<div id=\"gtx-trans\" style=\"position: absolute; left: -50px; top: 4.31534px;\">\n<div class=\"gtx-trans-icon\"><\/div>\n<\/div>\n<\/div><\/section><\/div><div class=\"flex_column av_one_full  flex_column_div av-zero-column-padding first  avia-builder-el-4  el_after_av_one_full  el_before_av_hr  column-top-margin\" style='border-radius:0px; '><section class=\"av_textblock_section \"  itemscope=\"itemscope\" itemtype=\"https:\/\/schema.org\/BlogPosting\" itemprop=\"blogPost\" ><div class='avia_textblock  '   itemprop=\"text\" ><ul>\n<li style=\"text-align: justify;\"><em>Entre noviembre de 2025 y enero de 2026, la ocupaci\u00f3n en la regi\u00f3n de Ays\u00e9n registr\u00f3 un alza interanual de 1,3% y los asalariados privados con contrato formal se incrementaron en 5,3% frente al mismo lapso del a\u00f1o previo.<\/em><\/li>\n<\/ul>\n<p style=\"text-align: justify;\">El Observatorio Laboral de Ays\u00e9n, programa de la Subsecretar\u00eda del Trabajo y ejecutado por el Centro de Formaci\u00f3n T\u00e9cnica Estatal de la regi\u00f3n de Ays\u00e9n, presenta su term\u00f3metro laboral, correspondiente al an\u00e1lisis del trimestre m\u00f3vil noviembre-diciembre-enero.<\/p>\n<p style=\"text-align: justify;\">Ya es d\u00e9cimo trimestre m\u00f3vil consecutivo que el territorio lidera en indicadores laborales demostrando un crecimiento sostenido y robusto avalado por una tasa de ocupaci\u00f3n del 68,4%, participaci\u00f3n laboral 71,4%, desocupaci\u00f3n del 4,1% y la informalidad laboral de un 28,9%.<\/p>\n<p style=\"text-align: justify;\">En cuanto a las principales incidencias anuales en la poblaci\u00f3n ocupada por ocupaci\u00f3n y sector econ\u00f3mico destacan: Operadores de instalaciones, m\u00e1quinas y ensambladores con un 17,8% y Actividades de atenci\u00f3n de la salud humana y de asistencia social con un 37,4% respectivamente.<\/p>\n<p style=\"text-align: justify;\"><strong><u>Un an\u00e1lisis a la informalidad<\/u><\/strong><\/p>\n<p style=\"text-align: justify;\">En los \u00faltimos doce meses, la informalidad laboral en la regi\u00f3n se redujo en 3,7 puntos porcentuales, pasando de 32,6% a 28,9%, lo que se traduce en un arduo trabajo de instauraci\u00f3n de pol\u00edticas p\u00fablicas y concientizaci\u00f3n social sobre el empleo decente y la importancia de tener empleos formales para as\u00ed acceder a los beneficios sociales que provienen desde el Estado.<\/p>\n<p style=\"text-align: justify;\">Del mismo modo lo ve el seremi(s) del Trabajo y Previsi\u00f3n Social, Rodrigo D\u00edaz Cordaro, quien, adem\u00e1s, destaca que, entre noviembre de 2025 y enero de 2026, la poblaci\u00f3n fuera de la fuerza laboral por razones habituales, es decir, personas que no buscan empleo ni est\u00e1n disponibles, disminuy\u00f3 un 3,1% respecto al trimestre anterior y un 2,1% en la comparaci\u00f3n anual.<\/p>\n<p style=\"text-align: justify;\">\u00a0\u201c<em>Quiero destacar el \u00edndice de informalidad, que es un \u00edndice que siempre preocupa y que ha tenido una significativa baja. Como Ministerio del Trabajo y Previsi\u00f3n Social nos sentimos satisfechos por los resultados obtenidos ya que son la muestra del incansable trabajo por dar sentido al empleo decente y tratar de cambiar una cultura laboral regional que prevalece en nuestra sociedad, haci\u00e9ndoles ver que la formalidad es el camino correcto para tener mayores beneficios sociales, cobertura de la Ley de Accidentes Laborales y Enfermedades Profesionales con el acceso a licencias m\u00e9dicas, mejores pensiones, y sobre todo, tener una estabilidad econ\u00f3mica que les permita tener un nivel de vida adecuado para satisfacer sus necesidades b\u00e1sicas. Prueba de esto es la comparaci\u00f3n del trimestre noviembre-diciembre-enero 2022 donde la informalidad era de un 31,8% que se traduce en 19.282 personas versus la tasa actual de un 28,9% reflejado en 17.341 personas. En el 2022 est\u00e1bamos liderando la tasa de informalidad a nivel nacional y hoy estamos pr\u00e1cticamente en la media, lo cual es un gran avance en esta materia<\/em>\u201d.<\/p>\n<p style=\"text-align: justify;\">Tambi\u00e9n agreg\u00f3 <em>\u201cPor otro lado, tambi\u00e9n debemos hablar de la poblaci\u00f3n fuera de la fuerza laboral por razones habituales, donde hubo una ca\u00edda de 0,9% mensual y 0,4% anual para el grupo de las mujeres y es necesario decir que ellas est\u00e1n fuera, en primer lugar, por razones familiares permanentes, seguidas por razones de estudio con cifras de 3.682 y 3.388 de mujeres, respectivamente. Ante esto, este ministerio se ha enfocado en apoyar las iniciativas de conciliaci\u00f3n familiar, personal y laboral, pensando principalmente en las mujeres que muchas veces dejan de trabajar para hacerse cargo de la crianza, pero hoy en d\u00eda, ya podemos ver que ambas cosas se pueden compatibilizar, contando tambi\u00e9n con la flexibilidad del empleador, donde estamos viendo que como sociedad nos estamos abriendo a esta posibilidad, valorando la importancia que convivan arm\u00f3nicamente el \u00e1mbito personal con el del trabajo\u201d<\/em> indic\u00f3 la autoridad.<\/p>\n<p style=\"text-align: justify;\"><strong><u>El aumento del asalariado privado formal<\/u><\/strong><\/p>\n<p style=\"text-align: justify;\">Entre noviembre de 2025 y enero de 2026, la ocupaci\u00f3n en la regi\u00f3n de Ays\u00e9n registr\u00f3 un alza interanual de 1,3% mientras que los asalariados privados con contrato formal se incrementaron en 5,3% frente al mismo lapso del a\u00f1o previo, es decir, se aument\u00f3 de 20.197 a 21.265 personas.<\/p>\n<p style=\"text-align: justify;\">Este aumento notable es una situaci\u00f3n que merece menci\u00f3n, indica C\u00e9sar G\u00f3mez Berrocal, director ejecutivo del Observatorio Laboral, que argumenta lo importante de las cifras, las que sit\u00faan a la regi\u00f3n de Ays\u00e9n como l\u00edder nacional absoluto por d\u00e9cimo trimestre m\u00f3vil consecutivo con los mejores indicadores laborales.<\/p>\n<p style=\"text-align: justify;\">\u201c<em>Durante el a\u00f1o 2025, el term\u00f3metro laboral ha evidenciado dentro de lo que es el sector de asalariado del sector privado,\u00a0un comportamiento bastante estable, con alrededor de 22.500 personas ocupadas en este sector,\u00a0lo que se traduce en alrededor de 36% del total de ocupados de la regi\u00f3n y lo que a su vez tambi\u00e9n est\u00e1 en l\u00ednea con las cifras econ\u00f3micas del a\u00f1o 2025,\u00a0las que a su vez se han mantenido al alza,\u00a0y que demuestra en definitiva un aporte importante del sector privado,\u00a0tanto a la econom\u00eda como a la generaci\u00f3n de empleo dentro de nuestra regi\u00f3n\u201d<\/em><\/p>\n<p style=\"text-align: justify;\">El Observatorio Laboral de Ays\u00e9n, es parte de la Estrategia Nacional de Prospecci\u00f3n Laboral, convenio firmado entre el Centro de Formaci\u00f3n T\u00e9cnica Estatal de Ays\u00e9n y la Subsecretaria del Trabajo, representada por la Seremi de Trabajo y Previsi\u00f3n Social. Para acceder al Term\u00f3metro Laboral del trimestre noviembre-diciembre-enero, el link es: <a href=\"https:\/\/www.subtrab.gob.cl\/tl\/\">https:\/\/www.subtrab.gob.cl\/tl\/<\/a> y dar click a regi\u00f3n de Ays\u00e9n.<\/p>\n<\/div><\/section><\/div><div  style='height:50px' class='hr hr-invisible   avia-builder-el-6  el_after_av_one_full  el_before_av_social_share '><span class='hr-inner ' ><span class='hr-inner-style'><\/span><\/span><\/div><\/p>\n<div  class='av-social-sharing-box  avia-builder-el-7  el_after_av_hr  el_before_av_hr  '><div class='av-share-box'><h5 class='av-share-link-description av-no-toc '>Compartir esta noticia<\/h5><ul class='av-share-box-list noLightbox'><li class='av-share-link av-social-link-facebook' ><a target=\"_blank\" aria-label=\"Compartir en Facebook\" href='https:\/\/www.facebook.com\/sharer.php?u=https:\/\/radiorevelacionfm.cl\/?p=64920&#038;t=Term%C3%B3metro%20laboral%20regional%3A%20Regi%C3%B3n%20de%20Ays%C3%A9n%20lidera%20a%20nivel%20nacional%20en%20sus%20indicadores%20por%20d%C3%A9cimo%20trimestre%20m%C3%B3vil%20consecutivo' aria-hidden='false' data-av_icon='\ue8f3' data-av_iconfont='entypo-fontello' title='' data-avia-related-tooltip='Compartir en Facebook' rel=\"noopener\"><span class='avia_hidden_link_text'>Compartir en Facebook<\/span><\/a><\/li><li class='av-share-link av-social-link-twitter' ><a target=\"_blank\" aria-label=\"Compartir en Twitter\" href='https:\/\/twitter.com\/share?text=Term%C3%B3metro%20laboral%20regional%3A%20Regi%C3%B3n%20de%20Ays%C3%A9n%20lidera%20a%20nivel%20nacional%20en%20sus%20indicadores%20por%20d%C3%A9cimo%20trimestre%20m%C3%B3vil%20consecutivo&#038;url=https:\/\/radiorevelacionfm.cl\/?p=64920' aria-hidden='false' data-av_icon='\ue8f1' data-av_iconfont='entypo-fontello' title='' data-avia-related-tooltip='Compartir en Twitter' rel=\"noopener\"><span class='avia_hidden_link_text'>Compartir en Twitter<\/span><\/a><\/li><li class='av-share-link av-social-link-whatsapp' ><a target=\"_blank\" aria-label=\"Compartir en Whatsapp\" href='https:\/\/api.whatsapp.com\/send?text=https:\/\/radiorevelacionfm.cl\/?p=64920' aria-hidden='false' data-av_icon='\uf232' data-av_iconfont='entypo-fontello' title='' data-avia-related-tooltip='Compartir en Whatsapp' rel=\"noopener\"><span class='avia_hidden_link_text'>Compartir en Whatsapp<\/span><\/a><\/li><li class='av-share-link av-social-link-linkedin' ><a target=\"_blank\" aria-label=\"Compartir en LinkedIn\" href='https:\/\/linkedin.com\/shareArticle?mini=true&#038;title=Term%C3%B3metro%20laboral%20regional%3A%20Regi%C3%B3n%20de%20Ays%C3%A9n%20lidera%20a%20nivel%20nacional%20en%20sus%20indicadores%20por%20d%C3%A9cimo%20trimestre%20m%C3%B3vil%20consecutivo&#038;url=https:\/\/radiorevelacionfm.cl\/?p=64920' aria-hidden='false' data-av_icon='\ue8fc' data-av_iconfont='entypo-fontello' title='' data-avia-related-tooltip='Compartir en LinkedIn' rel=\"noopener\"><span class='avia_hidden_link_text'>Compartir en LinkedIn<\/span><\/a><\/li><li class='av-share-link av-social-link-mail' ><a  aria-label=\"Compartir por correo\" href='mailto:?subject=Term%C3%B3metro%20laboral%20regional%3A%20Regi%C3%B3n%20de%20Ays%C3%A9n%20lidera%20a%20nivel%20nacional%20en%20sus%20indicadores%20por%20d%C3%A9cimo%20trimestre%20m%C3%B3vil%20consecutivo&#038;body=https:\/\/radiorevelacionfm.cl\/?p=64920' aria-hidden='false' data-av_icon='\ue805' data-av_iconfont='entypo-fontello' title='' data-avia-related-tooltip='Compartir por correo'><span class='avia_hidden_link_text'>Compartir por correo<\/span><\/a><\/li><\/ul><\/div><\/div>\n<div  style='height:50px' class='hr hr-invisible   avia-builder-el-8  el_after_av_social_share  el_before_av_comments_list '><span class='hr-inner ' ><span class='hr-inner-style'><\/span><\/span><\/div>\n<div  class='av-buildercomment  av-blog-meta-html-info-disabled av-blog-meta-tag-disabled  '><\/div>\n","protected":false},"excerpt":{"rendered":"","protected":false},"author":1,"featured_media":64921,"comment_status":"closed","ping_status":"closed","sticky":false,"template":"","format":"standard","meta":{"footnotes":""},"categories":[38],"tags":[],"class_list":["post-64920","post","type-post","status-publish","format-standard","has-post-thumbnail","hentry","category-regional"],"jetpack_featured_media_url":"https:\/\/radiorevelacionfm.cl\/wp-content\/uploads\/2026\/03\/obra-vial-1-1.jpg","_links":{"self":[{"href":"https:\/\/radiorevelacionfm.cl\/index.php?rest_route=\/wp\/v2\/posts\/64920","targetHints":{"allow":["GET"]}}],"collection":[{"href":"https:\/\/radiorevelacionfm.cl\/index.php?rest_route=\/wp\/v2\/posts"}],"about":[{"href":"https:\/\/radiorevelacionfm.cl\/index.php?rest_route=\/wp\/v2\/types\/post"}],"author":[{"embeddable":true,"href":"https:\/\/radiorevelacionfm.cl\/index.php?rest_route=\/wp\/v2\/users\/1"}],"replies":[{"embeddable":true,"href":"https:\/\/radiorevelacionfm.cl\/index.php?rest_route=%2Fwp%2Fv2%2Fcomments&post=64920"}],"version-history":[{"count":2,"href":"https:\/\/radiorevelacionfm.cl\/index.php?rest_route=\/wp\/v2\/posts\/64920\/revisions"}],"predecessor-version":[{"id":64934,"href":"https:\/\/radiorevelacionfm.cl\/index.php?rest_route=\/wp\/v2\/posts\/64920\/revisions\/64934"}],"wp:featuredmedia":[{"embeddable":true,"href":"https:\/\/radiorevelacionfm.cl\/index.php?rest_route=\/wp\/v2\/media\/64921"}],"wp:attachment":[{"href":"https:\/\/radiorevelacionfm.cl\/index.php?rest_route=%2Fwp%2Fv2%2Fmedia&parent=64920"}],"wp:term":[{"taxonomy":"category","embeddable":true,"href":"https:\/\/radiorevelacionfm.cl\/index.php?rest_route=%2Fwp%2Fv2%2Fcategories&post=64920"},{"taxonomy":"post_tag","embeddable":true,"href":"https:\/\/radiorevelacionfm.cl\/index.php?rest_route=%2Fwp%2Fv2%2Ftags&post=64920"}],"curies":[{"name":"wp","href":"https:\/\/api.w.org\/{rel}","templated":true}]}}