{"id":64916,"date":"2026-03-08T22:37:06","date_gmt":"2026-03-09T01:37:06","guid":{"rendered":"https:\/\/radiorevelacionfm.cl\/?p=64916"},"modified":"2026-03-08T22:37:06","modified_gmt":"2026-03-09T01:37:06","slug":"dia-internacional-de-la-mujer-cabo-1ro-claudia-galaz-vargas-la-carabinera-que-hace-historia-y-patria-en-la-tenencia-puerto-ingeniero-ibanez-f","status":"publish","type":"post","link":"https:\/\/radiorevelacionfm.cl\/?p=64916","title":{"rendered":"D\u00eda Internacional de la Mujer Cabo 1ro. Claudia Galaz Vargas: La carabinera que hace historia y patria en la Tenencia Puerto Ingeniero Ib\u00e1\u00f1ez (F)"},"content":{"rendered":"<div class=\"flex_column av_one_full  flex_column_div av-zero-column-padding first  avia-builder-el-0  el_before_av_one_full  avia-builder-el-first  \" style='border-radius:0px; '><div  class='avia-image-container  av-styling-    avia-builder-el-1  avia-builder-el-no-sibling  avia-align-center '  itemprop=\"image\" itemscope=\"itemscope\" itemtype=\"https:\/\/schema.org\/ImageObject\"  ><div class='avia-image-container-inner'><div class='avia-image-overlay-wrap'><img decoding=\"async\" class='wp-image-64917 avia-img-lazy-loading-not-64917 avia_image' src=\"https:\/\/radiorevelacionfm.cl\/wp-content\/uploads\/2026\/03\/08570d25-6d13-4b52-9e0f-f1f3094d6515-1_optimized.jpg\" alt='' title='08570d25-6d13-4b52-9e0f-f1f3094d6515-(1)_optimized' height=\"660\" width=\"801\"  itemprop=\"thumbnailUrl\" srcset=\"https:\/\/radiorevelacionfm.cl\/wp-content\/uploads\/2026\/03\/08570d25-6d13-4b52-9e0f-f1f3094d6515-1_optimized.jpg 801w, https:\/\/radiorevelacionfm.cl\/wp-content\/uploads\/2026\/03\/08570d25-6d13-4b52-9e0f-f1f3094d6515-1_optimized-300x247.jpg 300w, https:\/\/radiorevelacionfm.cl\/wp-content\/uploads\/2026\/03\/08570d25-6d13-4b52-9e0f-f1f3094d6515-1_optimized-768x633.jpg 768w, https:\/\/radiorevelacionfm.cl\/wp-content\/uploads\/2026\/03\/08570d25-6d13-4b52-9e0f-f1f3094d6515-1_optimized-705x581.jpg 705w, https:\/\/radiorevelacionfm.cl\/wp-content\/uploads\/2026\/03\/08570d25-6d13-4b52-9e0f-f1f3094d6515-1_optimized-450x371.jpg 450w, https:\/\/radiorevelacionfm.cl\/wp-content\/uploads\/2026\/03\/08570d25-6d13-4b52-9e0f-f1f3094d6515-1_optimized-600x494.jpg 600w\" sizes=\"(max-width: 801px) 100vw, 801px\" \/><\/div><\/div><\/div><\/div><div class=\"flex_column av_one_full  flex_column_div av-zero-column-padding first  avia-builder-el-2  el_after_av_one_full  el_before_av_one_full  column-top-margin\" style='border-radius:0px; '><section class=\"av_textblock_section \"  itemscope=\"itemscope\" itemtype=\"https:\/\/schema.org\/BlogPosting\" itemprop=\"blogPost\" ><div class='avia_textblock  '   itemprop=\"text\" ><p dir=\"ltr\" style=\"text-align: center;\"><strong><span style=\"font-size: 18pt;\">D\u00eda Internacional de la Mujer Cabo 1ro. Claudia Galaz Vargas: La carabinera que hace historia y patria en la Tenencia Puerto Ingeniero Ib\u00e1\u00f1ez (F)<\/span><\/strong><\/p>\n<div id=\"gtx-trans\" style=\"position: absolute; left: -50px; top: 4.31534px;\">\n<div class=\"gtx-trans-icon\"><\/div>\n<\/div>\n<\/div><\/section><\/div><div class=\"flex_column av_one_full  flex_column_div av-zero-column-padding first  avia-builder-el-4  el_after_av_one_full  el_before_av_hr  column-top-margin\" style='border-radius:0px; '><section class=\"av_textblock_section \"  itemscope=\"itemscope\" itemtype=\"https:\/\/schema.org\/BlogPosting\" itemprop=\"blogPost\" ><div class='avia_textblock  '   itemprop=\"text\" ><ul>\n<li dir=\"ltr\">\n<p dir=\"ltr\" style=\"text-align: justify;\" role=\"presentation\"><em>Con doce a\u00f1os de servicio y tres en la regi\u00f3n de Ays\u00e9n, la funcionaria especialista en monta\u00f1a y frontera, es la primera mujer en integrar la dotaci\u00f3n de esta unidad en toda su historia.<\/em><\/p>\n<\/li>\n<\/ul>\n<p style=\"text-align: justify;\">En este 8 de marzo, Carabineros de Chile reconoce y valora la contribuci\u00f3n e invaluable impacto de las mujeres en todos los \u00e1mbitos de nuestra sociedad.<\/p>\n<p dir=\"ltr\" style=\"text-align: justify;\">En esta jornada, destacamos especialmente a las mujeres carabineros, quienes con vocaci\u00f3n de servicio, compromiso y valent\u00eda trabajan cada d\u00eda por la seguridad, el orden p\u00fablico y el bienestar de la comunidad en todo el pa\u00eds. Su labor refleja el esp\u00edritu de servicio que inspira a nuestra instituci\u00f3n y fortalece el v\u00ednculo con las personas.<\/p>\n<p dir=\"ltr\" style=\"text-align: justify;\">Hoy rendimos homenaje a todas las mujeres que, con coraje y determinaci\u00f3n, construyen un futuro mejor para todos, reafirmando nuestro compromiso de seguir avanzando hacia una sociedad m\u00e1s segura, respetuosa y con igualdad de oportunidades.<\/p>\n<p dir=\"ltr\" style=\"text-align: justify;\">Hace m\u00e1s de 12 a\u00f1os, cuando a\u00fan cursaba sus estudios medios en la ciudad de Pichilemu, Claudia Galaz Vargas, ve\u00eda en televisi\u00f3n la proeza y el compromiso demostrado por Carabineros en cada una de sus acciones desplegadas en el territorio. Fue entonces cuando sinti\u00f3 un especial llamado por la vocaci\u00f3n de servicio p\u00fablico hacia la comunidad y por estar de lado de las v\u00edctimas y de quienes requieren una ayuda fraterna en momentos de aflicci\u00f3n sin esperar nada a cambio, m\u00e1s que la satisfacci\u00f3n del deber cumplido por hacer lo correcto.<\/p>\n<p dir=\"ltr\" style=\"text-align: justify;\"><strong>Especialista en monta\u00f1a y frontera<\/strong><\/p>\n<p dir=\"ltr\" style=\"text-align: justify;\">Doce a\u00f1os despu\u00e9s, aquella alumna de ense\u00f1anza media es hoy la Cabo 1ro. Claudia Galaz Vargas, actualmente de dotaci\u00f3n de la Tenencia Puerto Ingeniero Ib\u00e1\u00f1ez (F). Especialista en monta\u00f1a y frontera, es la encargada de realizar servicio de guardia, patrullajes preventivos, control migratorio y visita a los hitos fronterizos, haciendo patria, integraci\u00f3n y resguardando la soberan\u00eda de nuestro pa\u00eds.<\/p>\n<p dir=\"ltr\" style=\"text-align: justify;\">\u201cComenc\u00e9 haciendo guardia en la 52\u00b0 Comisar\u00eda (Maip\u00fa), fui morista y despu\u00e9s realic\u00e9 el curso de frontera (en Los Andes), el cual era todo un desaf\u00edo, porque en ese entonces era una especialidad que ve\u00edamos casi como si fuera el GOPE peque\u00f1o, fecha en que por lo dem\u00e1s hab\u00eda muy pocas mujeres fronterizas\u201d, indic\u00f3.<\/p>\n<p dir=\"ltr\" style=\"text-align: justify;\">En los primeros a\u00f1os de carrera cumpli\u00f3 funciones en el Complejo Paso Los Libertadores de Los Andes, efectuando controles vehiculares, experiencia que ha replicado en el paso Pallavicini de Puerto Ingeniero Ib\u00e1\u00f1ez, efectuando control migratorio junto con desarrollar trabajo conjunto con el SAG.<\/p>\n<p dir=\"ltr\" style=\"text-align: justify;\">\u201cTrabajar con carabineros varones nunca ha sido un tema, ellos me ven como una m\u00e1s de ellos, desde un principio ha sido muy acogedor el trato\u201d, indic\u00f3.<\/p>\n<p dir=\"ltr\" style=\"text-align: justify;\"><strong>Pionera en la dotaci\u00f3n<\/strong><\/p>\n<p dir=\"ltr\" style=\"text-align: justify;\">En los a\u00f1os de historia de la esta Unidad fronteriza, la Cabo 1ro. Claudia Galaz Vargas es la primera mujer en cumplir funciones en esta Tenencia, aspecto que inclusive ha llamado la atenci\u00f3n a los propios lugare\u00f1os y residentes de esta comuna lacustre del Lago General Carrera.<\/p>\n<p dir=\"ltr\" style=\"text-align: justify;\">\u201cLos lugare\u00f1os en un principio se asombraban y me dec\u00edan que nunca hab\u00edan visto una mujer carabinero ac\u00e1. El turista o las personas que cruzan el lago en barcaza hacia Chile Chico es casi siempre la misma, as\u00ed es que ya nos ubicamos. Puerto Ib\u00e1\u00f1ez es muy peque\u00f1o y ya todos nos conocemos\u201d, acot\u00f3.<\/p>\n<p dir=\"ltr\" style=\"text-align: justify;\">Durante su historia, Carabineros ha experimentado un gran avance en todo \u00e1mbito, toda vez que la presencia femenina est\u00e1 en las distintas especialidades y cursos que se imparten, ocupando cargos de relevancia desde el nivel operativo hasta el nivel estrat\u00e9gico y alta direcci\u00f3n.<\/p>\n<p dir=\"ltr\" style=\"text-align: justify;\">Cuando muchas j\u00f3venes cursan su \u00faltimo a\u00f1o de ense\u00f1anza media y otras cursan los primeros meses en los planteles formativos institucionales o cumplen sus primeros a\u00f1os de servicio, la Cabo Cabo 1ro. Claudia Galaz, las inst\u00f3 a no dejar pasar las oportunidades que se van presentando en el camino, que se perfeccionen y se atrevan a alcanzar sus propias metas.<\/p>\n<p dir=\"ltr\" style=\"text-align: justify;\">Actualmente en la regi\u00f3n de Ays\u00e9n 172 mujeres carabineras cumplen funciones tanto en el \u00e1mbito operativo, como civil, contribuyendo a brindar m\u00e1s seguridad y protecci\u00f3n a la comunidad desde las distintas esferas del quehacer institucional.<\/p>\n<\/div><\/section><\/div><div  style='height:50px' class='hr hr-invisible   avia-builder-el-6  el_after_av_one_full  el_before_av_social_share '><span class='hr-inner ' ><span class='hr-inner-style'><\/span><\/span><\/div><\/p>\n<div  class='av-social-sharing-box  avia-builder-el-7  el_after_av_hr  el_before_av_hr  '><div class='av-share-box'><h5 class='av-share-link-description av-no-toc '>Compartir esta noticia<\/h5><ul class='av-share-box-list noLightbox'><li class='av-share-link av-social-link-facebook' ><a target=\"_blank\" aria-label=\"Compartir en Facebook\" href='https:\/\/www.facebook.com\/sharer.php?u=https:\/\/radiorevelacionfm.cl\/?p=64916&#038;t=D%C3%ADa%20Internacional%20de%20la%20Mujer%20Cabo%201ro.%20Claudia%20Galaz%20Vargas%3A%20La%20carabinera%20que%20hace%20historia%20y%20patria%20en%20la%20Tenencia%20Puerto%20Ingeniero%20Ib%C3%A1%C3%B1ez%20%28F%29' aria-hidden='false' data-av_icon='\ue8f3' data-av_iconfont='entypo-fontello' title='' data-avia-related-tooltip='Compartir en Facebook' rel=\"noopener\"><span class='avia_hidden_link_text'>Compartir en Facebook<\/span><\/a><\/li><li class='av-share-link av-social-link-twitter' ><a target=\"_blank\" aria-label=\"Compartir en Twitter\" href='https:\/\/twitter.com\/share?text=D%C3%ADa%20Internacional%20de%20la%20Mujer%20Cabo%201ro.%20Claudia%20Galaz%20Vargas%3A%20La%20carabinera%20que%20hace%20historia%20y%20patria%20en%20la%20Tenencia%20Puerto%20Ingeniero%20Ib%C3%A1%C3%B1ez%20%28F%29&#038;url=https:\/\/radiorevelacionfm.cl\/?p=64916' aria-hidden='false' data-av_icon='\ue8f1' data-av_iconfont='entypo-fontello' title='' data-avia-related-tooltip='Compartir en Twitter' rel=\"noopener\"><span class='avia_hidden_link_text'>Compartir en Twitter<\/span><\/a><\/li><li class='av-share-link av-social-link-whatsapp' ><a target=\"_blank\" aria-label=\"Compartir en Whatsapp\" href='https:\/\/api.whatsapp.com\/send?text=https:\/\/radiorevelacionfm.cl\/?p=64916' aria-hidden='false' data-av_icon='\uf232' data-av_iconfont='entypo-fontello' title='' data-avia-related-tooltip='Compartir en Whatsapp' rel=\"noopener\"><span class='avia_hidden_link_text'>Compartir en Whatsapp<\/span><\/a><\/li><li class='av-share-link av-social-link-linkedin' ><a target=\"_blank\" aria-label=\"Compartir en LinkedIn\" href='https:\/\/linkedin.com\/shareArticle?mini=true&#038;title=D%C3%ADa%20Internacional%20de%20la%20Mujer%20Cabo%201ro.%20Claudia%20Galaz%20Vargas%3A%20La%20carabinera%20que%20hace%20historia%20y%20patria%20en%20la%20Tenencia%20Puerto%20Ingeniero%20Ib%C3%A1%C3%B1ez%20%28F%29&#038;url=https:\/\/radiorevelacionfm.cl\/?p=64916' aria-hidden='false' data-av_icon='\ue8fc' data-av_iconfont='entypo-fontello' title='' data-avia-related-tooltip='Compartir en LinkedIn' rel=\"noopener\"><span class='avia_hidden_link_text'>Compartir en LinkedIn<\/span><\/a><\/li><li class='av-share-link av-social-link-mail' ><a  aria-label=\"Compartir por correo\" href='mailto:?subject=D%C3%ADa%20Internacional%20de%20la%20Mujer%20Cabo%201ro.%20Claudia%20Galaz%20Vargas%3A%20La%20carabinera%20que%20hace%20historia%20y%20patria%20en%20la%20Tenencia%20Puerto%20Ingeniero%20Ib%C3%A1%C3%B1ez%20%28F%29&#038;body=https:\/\/radiorevelacionfm.cl\/?p=64916' aria-hidden='false' data-av_icon='\ue805' data-av_iconfont='entypo-fontello' title='' data-avia-related-tooltip='Compartir por correo'><span class='avia_hidden_link_text'>Compartir por correo<\/span><\/a><\/li><\/ul><\/div><\/div>\n<div  style='height:50px' class='hr hr-invisible   avia-builder-el-8  el_after_av_social_share  el_before_av_comments_list '><span class='hr-inner ' ><span class='hr-inner-style'><\/span><\/span><\/div>\n<div  class='av-buildercomment  av-blog-meta-html-info-disabled av-blog-meta-tag-disabled  '><\/div>\n","protected":false},"excerpt":{"rendered":"","protected":false},"author":1,"featured_media":64917,"comment_status":"closed","ping_status":"closed","sticky":false,"template":"","format":"standard","meta":{"footnotes":""},"categories":[36],"tags":[],"class_list":["post-64916","post","type-post","status-publish","format-standard","has-post-thumbnail","hentry","category-policial"],"jetpack_featured_media_url":"https:\/\/radiorevelacionfm.cl\/wp-content\/uploads\/2026\/03\/08570d25-6d13-4b52-9e0f-f1f3094d6515-1_optimized.jpg","_links":{"self":[{"href":"https:\/\/radiorevelacionfm.cl\/index.php?rest_route=\/wp\/v2\/posts\/64916","targetHints":{"allow":["GET"]}}],"collection":[{"href":"https:\/\/radiorevelacionfm.cl\/index.php?rest_route=\/wp\/v2\/posts"}],"about":[{"href":"https:\/\/radiorevelacionfm.cl\/index.php?rest_route=\/wp\/v2\/types\/post"}],"author":[{"embeddable":true,"href":"https:\/\/radiorevelacionfm.cl\/index.php?rest_route=\/wp\/v2\/users\/1"}],"replies":[{"embeddable":true,"href":"https:\/\/radiorevelacionfm.cl\/index.php?rest_route=%2Fwp%2Fv2%2Fcomments&post=64916"}],"version-history":[{"count":2,"href":"https:\/\/radiorevelacionfm.cl\/index.php?rest_route=\/wp\/v2\/posts\/64916\/revisions"}],"predecessor-version":[{"id":64919,"href":"https:\/\/radiorevelacionfm.cl\/index.php?rest_route=\/wp\/v2\/posts\/64916\/revisions\/64919"}],"wp:featuredmedia":[{"embeddable":true,"href":"https:\/\/radiorevelacionfm.cl\/index.php?rest_route=\/wp\/v2\/media\/64917"}],"wp:attachment":[{"href":"https:\/\/radiorevelacionfm.cl\/index.php?rest_route=%2Fwp%2Fv2%2Fmedia&parent=64916"}],"wp:term":[{"taxonomy":"category","embeddable":true,"href":"https:\/\/radiorevelacionfm.cl\/index.php?rest_route=%2Fwp%2Fv2%2Fcategories&post=64916"},{"taxonomy":"post_tag","embeddable":true,"href":"https:\/\/radiorevelacionfm.cl\/index.php?rest_route=%2Fwp%2Fv2%2Ftags&post=64916"}],"curies":[{"name":"wp","href":"https:\/\/api.w.org\/{rel}","templated":true}]}}