{"id":64912,"date":"2026-03-08T22:23:45","date_gmt":"2026-03-09T01:23:45","guid":{"rendered":"https:\/\/radiorevelacionfm.cl\/?p=64912"},"modified":"2026-03-08T22:23:45","modified_gmt":"2026-03-09T01:23:45","slug":"valentia-con-rostro-de-mujer-carabineras-de-coyhaique-destacan-por-su-compromiso-y-arriesgada-labor-en-la-seguridad-de-la-comunidad","status":"publish","type":"post","link":"https:\/\/radiorevelacionfm.cl\/?p=64912","title":{"rendered":"Valent\u00eda con rostro de mujer: Carabineras de Coyhaique destacan por su compromiso y arriesgada labor en la seguridad de la comunidad"},"content":{"rendered":"<div class=\"flex_column av_one_full  flex_column_div av-zero-column-padding first  avia-builder-el-0  el_before_av_one_full  avia-builder-el-first  \" style='border-radius:0px; '><div  class='avia-image-container  av-styling-    avia-builder-el-1  avia-builder-el-no-sibling  avia-align-center '  itemprop=\"image\" itemscope=\"itemscope\" itemtype=\"https:\/\/schema.org\/ImageObject\"  ><div class='avia-image-container-inner'><div class='avia-image-overlay-wrap'><img decoding=\"async\" class='wp-image-64913 avia-img-lazy-loading-not-64913 avia_image' src=\"https:\/\/radiorevelacionfm.cl\/wp-content\/uploads\/2026\/03\/Sin-titulo-2-4-1-1.jpg\" alt='' title='Sin t\u00edtulo-2 (4) (1) (1)' height=\"785\" width=\"802\"  itemprop=\"thumbnailUrl\" srcset=\"https:\/\/radiorevelacionfm.cl\/wp-content\/uploads\/2026\/03\/Sin-titulo-2-4-1-1.jpg 802w, https:\/\/radiorevelacionfm.cl\/wp-content\/uploads\/2026\/03\/Sin-titulo-2-4-1-1-300x294.jpg 300w, https:\/\/radiorevelacionfm.cl\/wp-content\/uploads\/2026\/03\/Sin-titulo-2-4-1-1-768x752.jpg 768w, https:\/\/radiorevelacionfm.cl\/wp-content\/uploads\/2026\/03\/Sin-titulo-2-4-1-1-36x36.jpg 36w, https:\/\/radiorevelacionfm.cl\/wp-content\/uploads\/2026\/03\/Sin-titulo-2-4-1-1-705x690.jpg 705w, https:\/\/radiorevelacionfm.cl\/wp-content\/uploads\/2026\/03\/Sin-titulo-2-4-1-1-450x440.jpg 450w, https:\/\/radiorevelacionfm.cl\/wp-content\/uploads\/2026\/03\/Sin-titulo-2-4-1-1-600x587.jpg 600w\" sizes=\"(max-width: 802px) 100vw, 802px\" \/><\/div><\/div><\/div><\/div><div class=\"flex_column av_one_full  flex_column_div av-zero-column-padding first  avia-builder-el-2  el_after_av_one_full  el_before_av_one_full  column-top-margin\" style='border-radius:0px; '><section class=\"av_textblock_section \"  itemscope=\"itemscope\" itemtype=\"https:\/\/schema.org\/BlogPosting\" itemprop=\"blogPost\" ><div class='avia_textblock  '   itemprop=\"text\" ><p style=\"text-align: center;\"><strong><span style=\"font-size: 18pt;\">Valent\u00eda con rostro de mujer: Carabineras de Coyhaique destacan por su compromiso y arriesgada labor en la seguridad de la comunidad<\/span><\/strong><\/p>\n<div id=\"gtx-trans\" style=\"position: absolute; left: -50px; top: 4.31534px;\">\n<div class=\"gtx-trans-icon\"><\/div>\n<\/div>\n<\/div><\/section><\/div><div class=\"flex_column av_one_full  flex_column_div av-zero-column-padding first  avia-builder-el-4  el_after_av_one_full  el_before_av_hr  column-top-margin\" style='border-radius:0px; '><section class=\"av_textblock_section \"  itemscope=\"itemscope\" itemtype=\"https:\/\/schema.org\/BlogPosting\" itemprop=\"blogPost\" ><div class='avia_textblock  '   itemprop=\"text\" ><p dir=\"ltr\" style=\"text-align: justify;\">En el marco de la conmemoraci\u00f3n del D\u00eda Internacional de la Mujer, cada 8 de marzo se reconoce el aporte, la dedicaci\u00f3n y el rol fundamental que cumplen las mujeres en distintos \u00e1mbitos de la sociedad. En ese contexto, Carabineros de Chile quiso destacar el compromiso, profesionalismo y vocaci\u00f3n de servicio de dos funcionarias de la 1ra. Comisar\u00eda de Coyhaique, quienes durante el \u00faltimo tiempo han demostrado un notable desempe\u00f1o en procedimientos policiales de relevancia regional.<\/p>\n<p dir=\"ltr\" style=\"text-align: justify;\">Se trata de la Cabo 1ro Gisell Amigo y la Cabo 1ro Camila Gonz\u00e1lez Gonz\u00e1lez, quienes durante el a\u00f1o 2025 y en lo que va transcurrido del presente a\u00f1o, han participado activamente en diversos procedimientos policiales, logrando la detenci\u00f3n de personas vinculadas a delitos violentos y contribuyendo de manera significativa a la seguridad de la comunidad.<\/p>\n<p dir=\"ltr\" style=\"text-align: justify;\">Ambas funcionarias representan distintas realidades personales dentro de la Instituci\u00f3n, pero comparten una misma vocaci\u00f3n: servir y proteger a la ciudadan\u00eda.<\/p>\n<p dir=\"ltr\" style=\"text-align: justify;\"><strong>Compromiso con el servicio policial<\/strong><\/p>\n<p dir=\"ltr\" style=\"text-align: justify;\">En el caso de la Cabo 1ro. Gisell Amigo, su labor policial se desarrolla paralelamente con su rol de madre, compatibilizando las exigencias del servicio policial con la responsabilidad de su vida familiar y el cuidado de sus hijos. Esta realidad refleja el doble esfuerzo que muchas mujeres realizan diariamente para cumplir tanto en el \u00e1mbito profesional como personal.<\/p>\n<p dir=\"ltr\" style=\"text-align: justify;\">Por su parte, la Cabo 1ro. Camila Gonz\u00e1lez Gonz\u00e1lez, quien desarrolla su vida personal en calidad de soltera, ha demostrado una permanente disposici\u00f3n y compromiso con el servicio policial, participando activamente en procedimientos operativos complejos donde muchas veces se deben enfrentar situaciones de riesgo para resguardar la seguridad de las personas.<\/p>\n<p dir=\"ltr\" style=\"text-align: justify;\">Durante distintos procedimientos policiales desarrollados en la comuna, ambas carabineras han evidenciado un actuar profesional destacado, caracterizado por su valent\u00eda, criterio policial y compromiso institucional, enfrentando situaciones donde incluso han debido poner en riesgo su propia integridad f\u00edsica para cumplir con su deber.<\/p>\n<p dir=\"ltr\" style=\"text-align: justify;\">Con motivo de esta significativa fecha, una de las funcionarias accedi\u00f3 a representar el sentir de ambas carabineras en una breve conversaci\u00f3n sobre su vocaci\u00f3n y el desaf\u00edo de ser mujer en la labor policial.<\/p>\n<p dir=\"ltr\" style=\"text-align: justify;\"><strong>Ser carabinera es una vocaci\u00f3n que se vive todos los d\u00edas<\/strong><\/p>\n<p dir=\"ltr\" style=\"text-align: justify;\">\u00bfQu\u00e9 significa para ustedes ser carabineras en una fecha tan significativa como el D\u00eda Internacional de la Mujer?<\/p>\n<p dir=\"ltr\" style=\"text-align: justify;\">Ser carabinera es una vocaci\u00f3n que se vive todos los d\u00edas. En una fecha como el 8 de marzo uno tambi\u00e9n reflexiona sobre el camino que han recorrido muchas mujeres para abrir espacios en distintas \u00e1reas. Hoy tenemos la oportunidad de servir a la comunidad desde una instituci\u00f3n tan importante como Carabineros, y eso es un orgullo muy grande.<\/p>\n<p dir=\"ltr\" style=\"text-align: justify;\">Durante el \u00faltimo tiempo han participado en diversos procedimientos policiales complejos. \u00bfC\u00f3mo enfrentan situaciones que muchas veces implican riesgos para su integridad?<\/p>\n<p dir=\"ltr\" style=\"text-align: justify;\">Nuestro trabajo implica estar preparadas para enfrentar distintos escenarios, donde sabemos que hay procedimientos que pueden ser complejos o riesgosos, pero estamos capacitadas para actuar de manera profesional. Lo m\u00e1s importante siempre es proteger a las personas y actuar conforme a la ley y a los protocolos institucionales.<\/p>\n<p dir=\"ltr\" style=\"text-align: justify;\">En el caso de la Cabo 1ero. Gisell Amigo, adem\u00e1s del servicio policial existe la responsabilidad de ser madre.<\/p>\n<p dir=\"ltr\" style=\"text-align: justify;\">\u00bfC\u00f3mo se logra compatibilizar ambas realidades?<\/p>\n<p dir=\"ltr\" style=\"text-align: justify;\">No es f\u00e1cil, pero cuando existe vocaci\u00f3n y apoyo familiar se puede lograr. Muchas mujeres en Carabineros cumplen roles similares, siendo madres y al mismo tiempo desarrollando su carrera profesional, esto requiere organizaci\u00f3n, esfuerzo y tambi\u00e9n mucha convicci\u00f3n respecto al servicio que realizamos.<\/p>\n<p dir=\"ltr\" style=\"text-align: justify;\">\u00bfQu\u00e9 mensaje le entregar\u00edan a las ni\u00f1as o j\u00f3venes que sue\u00f1an con vestir el uniforme de Carabineros?<\/p>\n<p dir=\"ltr\" style=\"text-align: justify;\">Que nunca dejen de creer en sus capacidades. Ser carabinera es una profesi\u00f3n muy hermosa porque permite ayudar a las personas y aportar directamente a la seguridad de la comunidad. Hoy las mujeres tienen un rol cada vez m\u00e1s importante dentro de la instituci\u00f3n y pueden desarrollarse plenamente en esta carrera.<\/p>\n<p dir=\"ltr\" style=\"text-align: justify;\">La conmemoraci\u00f3n del D\u00eda Internacional de la Mujer constituye tambi\u00e9n una oportunidad para reconocer el importante rol que cumplen las mujeres dentro de Carabineros de Chile, donde su aporte ha sido fundamental en las labores de prevenci\u00f3n, control del delito, cercan\u00eda con la comunidad y protecci\u00f3n de las personas.<\/p>\n<p dir=\"ltr\" style=\"text-align: justify;\">El reconocimiento a las funcionarias, simboliza el esfuerzo, la dedicaci\u00f3n y la vocaci\u00f3n de servicio de muchas mujeres que, con profesionalismo y valent\u00eda, cumplen diariamente la misi\u00f3n institucional de servir y proteger a la comunidad.<\/p>\n<p dir=\"ltr\" style=\"text-align: justify;\">Porque ser mujer, madre, hija o compa\u00f1era de vida no es incompatible con vestir el uniforme verde; por el contrario, cada d\u00eda estas carabineras demuestran que la valent\u00eda, la vocaci\u00f3n de servicio y el compromiso con la comunidad tambi\u00e9n tienen rostro de mujer.<\/p>\n<p dir=\"ltr\" style=\"text-align: justify;\">Su trabajo silencioso, muchas veces lejos de sus familias y enfrentando situaciones de riesgo, refleja la verdadera esencia del servicio p\u00fablico: proteger la vida y la tranquilidad de los dem\u00e1s, incluso cuando eso significa poner en riesgo la propia.<\/p>\n<\/div><\/section><\/div><div  style='height:50px' class='hr hr-invisible   avia-builder-el-6  el_after_av_one_full  el_before_av_social_share '><span class='hr-inner ' ><span class='hr-inner-style'><\/span><\/span><\/div><\/p>\n<div  class='av-social-sharing-box  avia-builder-el-7  el_after_av_hr  el_before_av_hr  '><div class='av-share-box'><h5 class='av-share-link-description av-no-toc '>Compartir esta noticia<\/h5><ul class='av-share-box-list noLightbox'><li class='av-share-link av-social-link-facebook' ><a target=\"_blank\" aria-label=\"Compartir en Facebook\" href='https:\/\/www.facebook.com\/sharer.php?u=https:\/\/radiorevelacionfm.cl\/?p=64912&#038;t=Valent%C3%ADa%20con%20rostro%20de%20mujer%3A%20Carabineras%20de%20Coyhaique%20destacan%20por%20su%20compromiso%20y%20arriesgada%20labor%20en%20la%20seguridad%20de%20la%20comunidad' aria-hidden='false' data-av_icon='\ue8f3' data-av_iconfont='entypo-fontello' title='' data-avia-related-tooltip='Compartir en Facebook' rel=\"noopener\"><span class='avia_hidden_link_text'>Compartir en Facebook<\/span><\/a><\/li><li class='av-share-link av-social-link-twitter' ><a target=\"_blank\" aria-label=\"Compartir en Twitter\" href='https:\/\/twitter.com\/share?text=Valent%C3%ADa%20con%20rostro%20de%20mujer%3A%20Carabineras%20de%20Coyhaique%20destacan%20por%20su%20compromiso%20y%20arriesgada%20labor%20en%20la%20seguridad%20de%20la%20comunidad&#038;url=https:\/\/radiorevelacionfm.cl\/?p=64912' aria-hidden='false' data-av_icon='\ue8f1' data-av_iconfont='entypo-fontello' title='' data-avia-related-tooltip='Compartir en Twitter' rel=\"noopener\"><span class='avia_hidden_link_text'>Compartir en Twitter<\/span><\/a><\/li><li class='av-share-link av-social-link-whatsapp' ><a target=\"_blank\" aria-label=\"Compartir en Whatsapp\" href='https:\/\/api.whatsapp.com\/send?text=https:\/\/radiorevelacionfm.cl\/?p=64912' aria-hidden='false' data-av_icon='\uf232' data-av_iconfont='entypo-fontello' title='' data-avia-related-tooltip='Compartir en Whatsapp' rel=\"noopener\"><span class='avia_hidden_link_text'>Compartir en Whatsapp<\/span><\/a><\/li><li class='av-share-link av-social-link-linkedin' ><a target=\"_blank\" aria-label=\"Compartir en LinkedIn\" href='https:\/\/linkedin.com\/shareArticle?mini=true&#038;title=Valent%C3%ADa%20con%20rostro%20de%20mujer%3A%20Carabineras%20de%20Coyhaique%20destacan%20por%20su%20compromiso%20y%20arriesgada%20labor%20en%20la%20seguridad%20de%20la%20comunidad&#038;url=https:\/\/radiorevelacionfm.cl\/?p=64912' aria-hidden='false' data-av_icon='\ue8fc' data-av_iconfont='entypo-fontello' title='' data-avia-related-tooltip='Compartir en LinkedIn' rel=\"noopener\"><span class='avia_hidden_link_text'>Compartir en LinkedIn<\/span><\/a><\/li><li class='av-share-link av-social-link-mail' ><a  aria-label=\"Compartir por correo\" href='mailto:?subject=Valent%C3%ADa%20con%20rostro%20de%20mujer%3A%20Carabineras%20de%20Coyhaique%20destacan%20por%20su%20compromiso%20y%20arriesgada%20labor%20en%20la%20seguridad%20de%20la%20comunidad&#038;body=https:\/\/radiorevelacionfm.cl\/?p=64912' aria-hidden='false' data-av_icon='\ue805' data-av_iconfont='entypo-fontello' title='' data-avia-related-tooltip='Compartir por correo'><span class='avia_hidden_link_text'>Compartir por correo<\/span><\/a><\/li><\/ul><\/div><\/div>\n<div  style='height:50px' class='hr hr-invisible   avia-builder-el-8  el_after_av_social_share  el_before_av_comments_list '><span class='hr-inner ' ><span class='hr-inner-style'><\/span><\/span><\/div>\n<div  class='av-buildercomment  av-blog-meta-html-info-disabled av-blog-meta-tag-disabled  '><\/div>\n","protected":false},"excerpt":{"rendered":"","protected":false},"author":1,"featured_media":64913,"comment_status":"closed","ping_status":"closed","sticky":false,"template":"","format":"standard","meta":{"footnotes":""},"categories":[36],"tags":[],"class_list":["post-64912","post","type-post","status-publish","format-standard","has-post-thumbnail","hentry","category-policial"],"jetpack_featured_media_url":"https:\/\/radiorevelacionfm.cl\/wp-content\/uploads\/2026\/03\/Sin-titulo-2-4-1-1.jpg","_links":{"self":[{"href":"https:\/\/radiorevelacionfm.cl\/index.php?rest_route=\/wp\/v2\/posts\/64912","targetHints":{"allow":["GET"]}}],"collection":[{"href":"https:\/\/radiorevelacionfm.cl\/index.php?rest_route=\/wp\/v2\/posts"}],"about":[{"href":"https:\/\/radiorevelacionfm.cl\/index.php?rest_route=\/wp\/v2\/types\/post"}],"author":[{"embeddable":true,"href":"https:\/\/radiorevelacionfm.cl\/index.php?rest_route=\/wp\/v2\/users\/1"}],"replies":[{"embeddable":true,"href":"https:\/\/radiorevelacionfm.cl\/index.php?rest_route=%2Fwp%2Fv2%2Fcomments&post=64912"}],"version-history":[{"count":2,"href":"https:\/\/radiorevelacionfm.cl\/index.php?rest_route=\/wp\/v2\/posts\/64912\/revisions"}],"predecessor-version":[{"id":64915,"href":"https:\/\/radiorevelacionfm.cl\/index.php?rest_route=\/wp\/v2\/posts\/64912\/revisions\/64915"}],"wp:featuredmedia":[{"embeddable":true,"href":"https:\/\/radiorevelacionfm.cl\/index.php?rest_route=\/wp\/v2\/media\/64913"}],"wp:attachment":[{"href":"https:\/\/radiorevelacionfm.cl\/index.php?rest_route=%2Fwp%2Fv2%2Fmedia&parent=64912"}],"wp:term":[{"taxonomy":"category","embeddable":true,"href":"https:\/\/radiorevelacionfm.cl\/index.php?rest_route=%2Fwp%2Fv2%2Fcategories&post=64912"},{"taxonomy":"post_tag","embeddable":true,"href":"https:\/\/radiorevelacionfm.cl\/index.php?rest_route=%2Fwp%2Fv2%2Ftags&post=64912"}],"curies":[{"name":"wp","href":"https:\/\/api.w.org\/{rel}","templated":true}]}}