{"id":64908,"date":"2026-03-09T10:27:04","date_gmt":"2026-03-09T13:27:04","guid":{"rendered":"https:\/\/radiorevelacionfm.cl\/?p=64908"},"modified":"2026-03-09T10:27:04","modified_gmt":"2026-03-09T13:27:04","slug":"radio-raices-la-nueva-apuesta-mediatica-socioambiental-de-aysen","status":"publish","type":"post","link":"https:\/\/radiorevelacionfm.cl\/?p=64908","title":{"rendered":"Radio Ra\u00edces, la nueva apuesta medi\u00e1tica socioambiental de Ays\u00e9n"},"content":{"rendered":"<div class=\"flex_column av_one_full  flex_column_div av-zero-column-padding first  avia-builder-el-0  el_before_av_one_full  avia-builder-el-first  \" style='border-radius:0px; '><div  class='avia-image-container  av-styling-    avia-builder-el-1  avia-builder-el-no-sibling  avia-align-center '  itemprop=\"image\" itemscope=\"itemscope\" itemtype=\"https:\/\/schema.org\/ImageObject\"  ><div class='avia-image-container-inner'><div class='avia-image-overlay-wrap'><img decoding=\"async\" class='wp-image-64909 avia-img-lazy-loading-not-64909 avia_image' src=\"https:\/\/radiorevelacionfm.cl\/wp-content\/uploads\/2026\/03\/1000677110-1_optimized.jpg\" alt='' title='1000677110-(1)_optimized' height=\"600\" width=\"901\"  itemprop=\"thumbnailUrl\" srcset=\"https:\/\/radiorevelacionfm.cl\/wp-content\/uploads\/2026\/03\/1000677110-1_optimized.jpg 901w, https:\/\/radiorevelacionfm.cl\/wp-content\/uploads\/2026\/03\/1000677110-1_optimized-300x200.jpg 300w, https:\/\/radiorevelacionfm.cl\/wp-content\/uploads\/2026\/03\/1000677110-1_optimized-768x511.jpg 768w, https:\/\/radiorevelacionfm.cl\/wp-content\/uploads\/2026\/03\/1000677110-1_optimized-705x469.jpg 705w, https:\/\/radiorevelacionfm.cl\/wp-content\/uploads\/2026\/03\/1000677110-1_optimized-450x300.jpg 450w, https:\/\/radiorevelacionfm.cl\/wp-content\/uploads\/2026\/03\/1000677110-1_optimized-600x400.jpg 600w\" sizes=\"(max-width: 901px) 100vw, 901px\" \/><\/div><\/div><\/div><\/div><div class=\"flex_column av_one_full  flex_column_div av-zero-column-padding first  avia-builder-el-2  el_after_av_one_full  el_before_av_one_full  column-top-margin\" style='border-radius:0px; '><section class=\"av_textblock_section \"  itemscope=\"itemscope\" itemtype=\"https:\/\/schema.org\/BlogPosting\" itemprop=\"blogPost\" ><div class='avia_textblock  '   itemprop=\"text\" ><p dir=\"ltr\" style=\"text-align: center;\"><strong><span style=\"font-size: 18pt;\">Radio Ra\u00edces, la nueva apuesta medi\u00e1tica socioambiental de Ays\u00e9n<\/span><\/strong><\/p>\n<div id=\"gtx-trans\" style=\"position: absolute; left: -50px; top: 4.31534px;\">\n<div class=\"gtx-trans-icon\"><\/div>\n<\/div>\n<\/div><\/section><\/div><div class=\"flex_column av_one_full  flex_column_div av-zero-column-padding first  avia-builder-el-4  el_after_av_one_full  el_before_av_hr  column-top-margin\" style='border-radius:0px; '><section class=\"av_textblock_section \"  itemscope=\"itemscope\" itemtype=\"https:\/\/schema.org\/BlogPosting\" itemprop=\"blogPost\" ><div class='avia_textblock  '   itemprop=\"text\" ><ul>\n<li dir=\"ltr\" style=\"text-align: justify;\" aria-level=\"1\"><em>Inicia transmisiones el lunes 9 de marzo en formato multiplataforma. <\/em><em style=\"text-align: justify;\">La iniciativa re\u00fane los esfuerzos de m\u00faltiples personas y organizaciones, que en forma voluntaria aportar\u00e1n una mirada diversa sobre temas sociales, ambientales, econ\u00f3micos y culturales. El objetivo ser\u00e1 dar espacio a visiones que no tienen la suficiente cabida en otros medios de comunicaci\u00f3n radiales, con el fin de aportar puntos de vista necesarios.<\/em><\/li>\n<\/ul>\n<p dir=\"ltr\" style=\"text-align: justify;\">Como una apuesta informativa, cultural y de entretenci\u00f3n, en un contexto en que cada d\u00eda se requieren m\u00e1s voces, nace en la regi\u00f3n de Ays\u00e9n la radio Ra\u00edces. Se trata de una plataforma multiformato, que podr\u00e1 sintonizarse en Instagram, Youtube, Facebook, Spotify y tambi\u00e9n en se\u00f1al FM, en una primera etapa en el dial 107.1 de Islas Huichas.<\/p>\n<p dir=\"ltr\" style=\"text-align: justify;\">El objetivo planteado por el equipo de activistas, dirigentes y profesionales de distintas \u00e1reas ser\u00e1 abordar desde Ays\u00e9n el escenario local y nacional, con una mirada pluralista y territorial.<\/p>\n<p dir=\"ltr\" style=\"text-align: justify;\">El director general Nelson Millatureo explic\u00f3 que \u201ceste medio de comunicaci\u00f3n a\u00fana los esfuerzos de mucha gente, todos ellos voluntarios, para que hoy d\u00eda comencemos con esta programaci\u00f3n diversa, hablando de los temas que son nuestros, las problem\u00e1ticas pero tambi\u00e9n las soluciones, y por cierto diversos temas que van desde lo social, lo ambiental y mucho m\u00e1s\u201d.<\/p>\n<p dir=\"ltr\" style=\"text-align: justify;\">El lanzamiento oficial de la emisora se realiz\u00f3 este jueves 5 de marzo en el estudio ubicado en Las Lengas 1169 de Coyhaique, con la participaci\u00f3n de vecinos, dirigentes comunitarios, autoridades, artistas, m\u00fasicos y\u00a0 representantes de organizaciones socioambientales, adem\u00e1s del equipo a cargo de los programas y los aspectos t\u00e9cnicos.<\/p>\n<p dir=\"ltr\" style=\"text-align: justify;\">En la ocasi\u00f3n, el presidente de la Junta de Vecinos de la Poblaci\u00f3n Bernardo O\u2019Higgins, Sergio C\u00e1rcamo, quien fuera invitado al lanzamiento, dio \u201cun saludo y agradecimiento tambi\u00e9n. Es muy significativo que esta radio est\u00e9 inserta en nuestro barrio, en mi poblaci\u00f3n\u2026 Agradecer la invitaci\u00f3n y reitero, s\u00f3lo felicitar este desaf\u00edo y tambi\u00e9n a todos\u201d.<\/p>\n<p dir=\"ltr\" style=\"text-align: justify;\">La jornada fue inaugurada al ritmo de las creaciones del cantautor regional Celeste Anacletxx y sellada con la m\u00fasica de la banda Everest.<\/p>\n<p dir=\"ltr\" style=\"text-align: justify;\"><strong>Oferta program\u00e1tica<\/strong><\/p>\n<p dir=\"ltr\" style=\"text-align: justify;\">La propuesta contempla m\u00e1s de una decena de programas, durante toda la semana.<\/p>\n<p dir=\"ltr\" style=\"text-align: justify;\">El matinal \u201cBuenos d\u00edas, Patagonia\u201d estar\u00e1 a cargo de Nelson Millatureo, quien con entrevistas, informaci\u00f3n y m\u00fasica dar\u00e1 cuenta de la realidad regional, con espacio para transmitir las voces de los habitantes de Ays\u00e9n y sus dirigentes.<\/p>\n<p dir=\"ltr\" style=\"text-align: justify;\">El tema ambiental tendr\u00e1 su espacio en \u201cEntre Fiordos y Estepas\u201d (Alejandra Huala, Valeria Mansilla, Carolina Loyola y Peter Hartmann) y en \u201cCr\u00f3nicas desde el Sur\u201d (Mitzi Urtubia y Ver\u00f3nica Venegas), mientras que los derechos humanos ser\u00e1n abordados en \u201cUtop\u00eda en el Viento\u201d (Joaqu\u00edn Mansilla, Gloria Hern\u00e1ndez).<\/p>\n<p dir=\"ltr\" style=\"text-align: justify;\">El an\u00e1lisis pol\u00edtico y social estar\u00e1 presente en \u201cKag\u00fcin\u201d (Bruno D\u00edaz), mientras que la cultura en \u201cPalabras de Artesanos\u201d (Nancy S\u00e1ez), \u201cPasado, presente y futuro\u201d (Fredy Jofr\u00e9 y Carlos Mart\u00ednez) y \u201cFillke R\u00fcpu\u201d (Ivanna Guaquel y Claudia Oyarzo).<\/p>\n<p dir=\"ltr\" style=\"text-align: justify;\">De corte informativo y comunitario ser\u00e1 \u201cEstamos en Sinton\u00eda\u201d (Elena Z\u00fa\u00f1iga), en tanto \u201cCostera Patagonia\u201d (Carolina Loyola) abordar\u00e1 todo lo relacionado con el maritorio y la vida en la costa, entre otros temas asociados al mar, y \u201cFuera de guion\u201d (Javier Gonz\u00e1lez y Pablo Jori) actualidad, datos y humor LGBTIQ+.<\/p>\n<p dir=\"ltr\" style=\"text-align: justify;\">En \u201cSublima lo humano: Ciencia y conciencia para la salud integral\u201d (Lorens Tapia) el foco ser\u00e1 la medicina natural.<\/p>\n<p dir=\"ltr\" style=\"text-align: justify;\">El equipo, adem\u00e1s del director general, est\u00e1 compuesto por\u00a0Deisy Avenda\u00f1o\u00a0en Coordinaci\u00f3n General,\u00a0Yasmina Molina\u00a0en Coordinaci\u00f3n Comercial y Relaciones P\u00fablicas,\u00a0Roc\u00edo Hern\u00e1ndez S\u00e1ez\u00a0en Coordinaci\u00f3n de Producci\u00f3n y\u00a0Mitzi Urtubia\u00a0en Coordinaci\u00f3n de Prensa y Contenidos.<\/p>\n<p dir=\"ltr\" style=\"text-align: justify;\">Se invit\u00f3 a la comunidad aysenina a seguir estos primeros pasos de la emisora, bajo el concepto \u00ab<b>Sembrando conciencia, transmitiendo comunidad<\/b>\u00ab, sintoniz\u00e1ndola en:<\/p>\n<p dir=\"ltr\" style=\"text-align: justify;\"><img decoding=\"async\" class=\"an1\" draggable=\"false\" src=\"https:\/\/fonts.gstatic.com\/s\/e\/notoemoji\/17.0\/1f4f1\/32.png\" alt=\"\ud83d\udcf1\" data-emoji=\"\ud83d\udcf1\" aria-label=\"\ud83d\udcf1\" \/>\u00a0Facebook \u2013 Radio Ra\u00edces desde la Patagonia<\/p>\n<p dir=\"ltr\" style=\"text-align: justify;\"><img decoding=\"async\" class=\"an1\" draggable=\"false\" src=\"https:\/\/fonts.gstatic.com\/s\/e\/notoemoji\/17.0\/1f4f8\/32.png\" alt=\"\ud83d\udcf8\" data-emoji=\"\ud83d\udcf8\" aria-label=\"\ud83d\udcf8\" \/>\u00a0Instagram \u2013 @radioraicespatagonia<\/p>\n<p dir=\"ltr\" style=\"text-align: justify;\"><img decoding=\"async\" class=\"an1\" draggable=\"false\" src=\"https:\/\/fonts.gstatic.com\/s\/e\/notoemoji\/17.0\/1f4fb\/32.png\" alt=\"\ud83d\udcfb\" data-emoji=\"\ud83d\udcfb\" aria-label=\"\ud83d\udcfb\" \/>\u00a0Se\u00f1al FM \u2013 107.1 Islas Huichas<\/p>\n<p dir=\"ltr\" style=\"text-align: justify;\"><img decoding=\"async\" class=\"an1\" draggable=\"false\" src=\"https:\/\/fonts.gstatic.com\/s\/e\/notoemoji\/17.0\/1f3b5\/32.png\" alt=\"\ud83c\udfb5\" data-emoji=\"\ud83c\udfb5\" aria-label=\"\ud83c\udfb5\" \/>\u00a0Spotify \u2013 Radio Ra\u00edces desde la Patagonia<\/p>\n<p dir=\"ltr\" style=\"text-align: justify;\"><img decoding=\"async\" class=\"an1\" draggable=\"false\" src=\"https:\/\/fonts.gstatic.com\/s\/e\/notoemoji\/17.0\/1f4fa\/32.png\" alt=\"\ud83d\udcfa\" data-emoji=\"\ud83d\udcfa\" aria-label=\"\ud83d\udcfa\" \/>\u00a0YouTube \u2013 Radio Ra\u00edces desde la Patagonia<\/p>\n<\/div><\/section><\/div><div  style='height:50px' class='hr hr-invisible   avia-builder-el-6  el_after_av_one_full  el_before_av_social_share '><span class='hr-inner ' ><span class='hr-inner-style'><\/span><\/span><\/div><\/p>\n<div  class='av-social-sharing-box  avia-builder-el-7  el_after_av_hr  el_before_av_hr  '><div class='av-share-box'><h5 class='av-share-link-description av-no-toc '>Compartir esta noticia<\/h5><ul class='av-share-box-list noLightbox'><li class='av-share-link av-social-link-facebook' ><a target=\"_blank\" aria-label=\"Compartir en Facebook\" href='https:\/\/www.facebook.com\/sharer.php?u=https:\/\/radiorevelacionfm.cl\/?p=64908&#038;t=Radio%20Ra%C3%ADces%2C%20la%20nueva%20apuesta%20medi%C3%A1tica%20socioambiental%20de%20Ays%C3%A9n' aria-hidden='false' data-av_icon='\ue8f3' data-av_iconfont='entypo-fontello' title='' data-avia-related-tooltip='Compartir en Facebook' rel=\"noopener\"><span class='avia_hidden_link_text'>Compartir en Facebook<\/span><\/a><\/li><li class='av-share-link av-social-link-twitter' ><a target=\"_blank\" aria-label=\"Compartir en Twitter\" href='https:\/\/twitter.com\/share?text=Radio%20Ra%C3%ADces%2C%20la%20nueva%20apuesta%20medi%C3%A1tica%20socioambiental%20de%20Ays%C3%A9n&#038;url=https:\/\/radiorevelacionfm.cl\/?p=64908' aria-hidden='false' data-av_icon='\ue8f1' data-av_iconfont='entypo-fontello' title='' data-avia-related-tooltip='Compartir en Twitter' rel=\"noopener\"><span class='avia_hidden_link_text'>Compartir en Twitter<\/span><\/a><\/li><li class='av-share-link av-social-link-whatsapp' ><a target=\"_blank\" aria-label=\"Compartir en Whatsapp\" href='https:\/\/api.whatsapp.com\/send?text=https:\/\/radiorevelacionfm.cl\/?p=64908' aria-hidden='false' data-av_icon='\uf232' data-av_iconfont='entypo-fontello' title='' data-avia-related-tooltip='Compartir en Whatsapp' rel=\"noopener\"><span class='avia_hidden_link_text'>Compartir en Whatsapp<\/span><\/a><\/li><li class='av-share-link av-social-link-linkedin' ><a target=\"_blank\" aria-label=\"Compartir en LinkedIn\" href='https:\/\/linkedin.com\/shareArticle?mini=true&#038;title=Radio%20Ra%C3%ADces%2C%20la%20nueva%20apuesta%20medi%C3%A1tica%20socioambiental%20de%20Ays%C3%A9n&#038;url=https:\/\/radiorevelacionfm.cl\/?p=64908' aria-hidden='false' data-av_icon='\ue8fc' data-av_iconfont='entypo-fontello' title='' data-avia-related-tooltip='Compartir en LinkedIn' rel=\"noopener\"><span class='avia_hidden_link_text'>Compartir en LinkedIn<\/span><\/a><\/li><li class='av-share-link av-social-link-mail' ><a  aria-label=\"Compartir por correo\" href='mailto:?subject=Radio%20Ra%C3%ADces%2C%20la%20nueva%20apuesta%20medi%C3%A1tica%20socioambiental%20de%20Ays%C3%A9n&#038;body=https:\/\/radiorevelacionfm.cl\/?p=64908' aria-hidden='false' data-av_icon='\ue805' data-av_iconfont='entypo-fontello' title='' data-avia-related-tooltip='Compartir por correo'><span class='avia_hidden_link_text'>Compartir por correo<\/span><\/a><\/li><\/ul><\/div><\/div>\n<div  style='height:50px' class='hr hr-invisible   avia-builder-el-8  el_after_av_social_share  el_before_av_comments_list '><span class='hr-inner ' ><span class='hr-inner-style'><\/span><\/span><\/div>\n<div  class='av-buildercomment  av-blog-meta-html-info-disabled av-blog-meta-tag-disabled  '><\/div>\n","protected":false},"excerpt":{"rendered":"","protected":false},"author":1,"featured_media":64909,"comment_status":"closed","ping_status":"closed","sticky":false,"template":"","format":"standard","meta":{"footnotes":""},"categories":[38],"tags":[],"class_list":["post-64908","post","type-post","status-publish","format-standard","has-post-thumbnail","hentry","category-regional"],"jetpack_featured_media_url":"https:\/\/radiorevelacionfm.cl\/wp-content\/uploads\/2026\/03\/1000677110-1_optimized.jpg","_links":{"self":[{"href":"https:\/\/radiorevelacionfm.cl\/index.php?rest_route=\/wp\/v2\/posts\/64908","targetHints":{"allow":["GET"]}}],"collection":[{"href":"https:\/\/radiorevelacionfm.cl\/index.php?rest_route=\/wp\/v2\/posts"}],"about":[{"href":"https:\/\/radiorevelacionfm.cl\/index.php?rest_route=\/wp\/v2\/types\/post"}],"author":[{"embeddable":true,"href":"https:\/\/radiorevelacionfm.cl\/index.php?rest_route=\/wp\/v2\/users\/1"}],"replies":[{"embeddable":true,"href":"https:\/\/radiorevelacionfm.cl\/index.php?rest_route=%2Fwp%2Fv2%2Fcomments&post=64908"}],"version-history":[{"count":2,"href":"https:\/\/radiorevelacionfm.cl\/index.php?rest_route=\/wp\/v2\/posts\/64908\/revisions"}],"predecessor-version":[{"id":64923,"href":"https:\/\/radiorevelacionfm.cl\/index.php?rest_route=\/wp\/v2\/posts\/64908\/revisions\/64923"}],"wp:featuredmedia":[{"embeddable":true,"href":"https:\/\/radiorevelacionfm.cl\/index.php?rest_route=\/wp\/v2\/media\/64909"}],"wp:attachment":[{"href":"https:\/\/radiorevelacionfm.cl\/index.php?rest_route=%2Fwp%2Fv2%2Fmedia&parent=64908"}],"wp:term":[{"taxonomy":"category","embeddable":true,"href":"https:\/\/radiorevelacionfm.cl\/index.php?rest_route=%2Fwp%2Fv2%2Fcategories&post=64908"},{"taxonomy":"post_tag","embeddable":true,"href":"https:\/\/radiorevelacionfm.cl\/index.php?rest_route=%2Fwp%2Fv2%2Ftags&post=64908"}],"curies":[{"name":"wp","href":"https:\/\/api.w.org\/{rel}","templated":true}]}}