{"id":64903,"date":"2026-03-08T16:30:01","date_gmt":"2026-03-08T19:30:01","guid":{"rendered":"https:\/\/radiorevelacionfm.cl\/?p=64903"},"modified":"2026-03-08T16:30:01","modified_gmt":"2026-03-08T19:30:01","slug":"autoridades-y-vecinos-dieron-la-partida-a-las-obras-que-renovaran-por-completo-la-plaza-de-mallin-grande","status":"publish","type":"post","link":"https:\/\/radiorevelacionfm.cl\/?p=64903","title":{"rendered":"Autoridades y vecinos dieron la partida a las obras que renovar\u00e1n por completo la plaza de Mall\u00edn Grande"},"content":{"rendered":"<div class=\"flex_column av_one_full  flex_column_div av-zero-column-padding first  avia-builder-el-0  el_before_av_one_full  avia-builder-el-first  \" style='border-radius:0px; '><div  class='avia-image-container  av-styling-    avia-builder-el-1  avia-builder-el-no-sibling  avia-align-center '  itemprop=\"image\" itemscope=\"itemscope\" itemtype=\"https:\/\/schema.org\/ImageObject\"  ><div class='avia-image-container-inner'><div class='avia-image-overlay-wrap'><img decoding=\"async\" class='wp-image-64904 avia-img-lazy-loading-not-64904 avia_image' src=\"https:\/\/radiorevelacionfm.cl\/wp-content\/uploads\/2026\/03\/vecinos-y-sutoridades-dan-incio-a-las-obras-de-remodalcion-de-la-plaza-de-mallin-grande-1_optimized-1.jpeg\" alt='' title='vecinos-y-sutoridades-dan-incio-a-las-obras-de-remodalci\u00f3n-de-la-plaza-de-mall\u00edn-grande-(1)_optimized (1)' height=\"600\" width=\"901\"  itemprop=\"thumbnailUrl\" srcset=\"https:\/\/radiorevelacionfm.cl\/wp-content\/uploads\/2026\/03\/vecinos-y-sutoridades-dan-incio-a-las-obras-de-remodalcion-de-la-plaza-de-mallin-grande-1_optimized-1.jpeg 901w, https:\/\/radiorevelacionfm.cl\/wp-content\/uploads\/2026\/03\/vecinos-y-sutoridades-dan-incio-a-las-obras-de-remodalcion-de-la-plaza-de-mallin-grande-1_optimized-1-300x200.jpeg 300w, https:\/\/radiorevelacionfm.cl\/wp-content\/uploads\/2026\/03\/vecinos-y-sutoridades-dan-incio-a-las-obras-de-remodalcion-de-la-plaza-de-mallin-grande-1_optimized-1-768x511.jpeg 768w, https:\/\/radiorevelacionfm.cl\/wp-content\/uploads\/2026\/03\/vecinos-y-sutoridades-dan-incio-a-las-obras-de-remodalcion-de-la-plaza-de-mallin-grande-1_optimized-1-705x469.jpeg 705w, https:\/\/radiorevelacionfm.cl\/wp-content\/uploads\/2026\/03\/vecinos-y-sutoridades-dan-incio-a-las-obras-de-remodalcion-de-la-plaza-de-mallin-grande-1_optimized-1-450x300.jpeg 450w, https:\/\/radiorevelacionfm.cl\/wp-content\/uploads\/2026\/03\/vecinos-y-sutoridades-dan-incio-a-las-obras-de-remodalcion-de-la-plaza-de-mallin-grande-1_optimized-1-600x400.jpeg 600w\" sizes=\"(max-width: 901px) 100vw, 901px\" \/><\/div><\/div><\/div><\/div><div class=\"flex_column av_one_full  flex_column_div av-zero-column-padding first  avia-builder-el-2  el_after_av_one_full  el_before_av_one_full  column-top-margin\" style='border-radius:0px; '><section class=\"av_textblock_section \"  itemscope=\"itemscope\" itemtype=\"https:\/\/schema.org\/BlogPosting\" itemprop=\"blogPost\" ><div class='avia_textblock  '   itemprop=\"text\" ><p style=\"text-align: center;\"><strong><span style=\"font-size: 18pt;\">Autoridades y vecinos dieron la partida a las obras que renovar\u00e1n por completo la plaza de Mall\u00edn Grande<\/span><\/strong><\/p>\n<div id=\"gtx-trans\" style=\"position: absolute; left: -50px; top: 4.31534px;\">\n<div class=\"gtx-trans-icon\"><\/div>\n<\/div>\n<\/div><\/section><\/div><div class=\"flex_column av_one_full  flex_column_div av-zero-column-padding first  avia-builder-el-4  el_after_av_one_full  el_before_av_hr  column-top-margin\" style='border-radius:0px; '><section class=\"av_textblock_section \"  itemscope=\"itemscope\" itemtype=\"https:\/\/schema.org\/BlogPosting\" itemprop=\"blogPost\" ><div class='avia_textblock  '   itemprop=\"text\" ><p style=\"text-align: justify;\">Las esculturas hiperrealistas del \u201cChilezauruz Diegosaurezi\u201d, una especie de dinosaurio que vivi\u00f3 hace 150 millones de a\u00f1os y cuyos restos fueron descubiertos en el sector en a\u00f1o 2007, ser\u00e1n sin duda las principales atracciones que tendr\u00e1 la renovada plaza de Mall\u00edn Grande, llamativo proyecto urbano que comenz\u00f3 a ser ejecutado hace algunos d\u00edas por la empresa constructora Mallines SPA y que debiera estar terminado en un plazo aproximado de 150 d\u00edas.<\/p>\n<p style=\"text-align: justify;\">Para dar la partida oficial a las obras, que implican una inversi\u00f3n sectorial que bordea los 440 millones de pesos, se traslad\u00f3 hasta la localidad la Seremi de Vivienda y Urbanismo, Paulina Ruz Delf\u00edn, quien, junto a las autoridades comunales, dirigentes y vecinos, destac\u00f3 el significativo aporte de esta obra al bienestar de los habitantes y al desarrollo tur\u00edstico de la zona.<\/p>\n<p style=\"text-align: justify;\">Similares palabras expres\u00f3 el presidente de la Junta de Vecinos de Mall\u00edn Grande, Sergio Aldea, quien se mostr\u00f3 feliz de ver que el esperado proyecto comienza a ser una realidad.<\/p>\n<p style=\"text-align: justify;\">El alcalde de la comuna de Chile Chico, Ariel Keim, destac\u00f3 tambi\u00e9n el positivo impacto que estas obras tienen para las familias locales y los visitantes.<\/p>\n<p style=\"text-align: justify;\">Tambi\u00e9n la representante de la Delegaci\u00f3n Presidencial de la Provincia General Carrera, Andrea Cabero, valor\u00f3 el impacto de estas obras para seguir elevando la calidad de vida de nuestras comunidades\u2026<\/p>\n<p style=\"text-align: justify;\">El dise\u00f1o de la renovada plaza de Mall\u00edn Grande fue elaborado por profesionales del Departamento de Planes y Programas de la Seremi de vivienda, quienes incluyeron en su formulaci\u00f3n ideas y sugerencias que entregaron los mismos vecinos en varias reuniones y espacios de participaci\u00f3n ciudadana.<\/p>\n<p style=\"text-align: justify;\">El proyecto considera intervenir cerca de mil 700 metros cuadrados, donde se mejoran las v\u00edas de acceso y los lugares destinados al esparcimiento y el uso c\u00edvico. Para ellos se considera la renovaci\u00f3n de mobiliario urbano y la instalaci\u00f3n de un ode\u00f3n para actividades al aire libre, todo en directa vinculaci\u00f3n con las \u00e1reas verdes y la arborizaci\u00f3n existente en este lugar. Uno de los puntos de mayor inter\u00e9s tiene que ver con la instalaci\u00f3n de esculturas hiperrealistas del \u201cChilezauruz Diegosaurezi\u201d, una especie de dinosaurio que vivi\u00f3 hace 150 millones de a\u00f1os y cuyos restos fueron descubiertos en el sector de mall\u00edn grande en a\u00f1o 2007, causando un gran impacto e inter\u00e9s cient\u00edfico a nivel nacional e internacional.<\/p>\n<\/div><\/section><\/div><div  style='height:50px' class='hr hr-invisible   avia-builder-el-6  el_after_av_one_full  el_before_av_social_share '><span class='hr-inner ' ><span class='hr-inner-style'><\/span><\/span><\/div><\/p>\n<div  class='av-social-sharing-box  avia-builder-el-7  el_after_av_hr  el_before_av_hr  '><div class='av-share-box'><h5 class='av-share-link-description av-no-toc '>Compartir esta noticia<\/h5><ul class='av-share-box-list noLightbox'><li class='av-share-link av-social-link-facebook' ><a target=\"_blank\" aria-label=\"Compartir en Facebook\" href='https:\/\/www.facebook.com\/sharer.php?u=https:\/\/radiorevelacionfm.cl\/?p=64903&#038;t=Autoridades%20y%20vecinos%20dieron%20la%20partida%20a%20las%20obras%20que%20renovar%C3%A1n%20por%20completo%20la%20plaza%20de%20Mall%C3%ADn%20Grande' aria-hidden='false' data-av_icon='\ue8f3' data-av_iconfont='entypo-fontello' title='' data-avia-related-tooltip='Compartir en Facebook' rel=\"noopener\"><span class='avia_hidden_link_text'>Compartir en Facebook<\/span><\/a><\/li><li class='av-share-link av-social-link-twitter' ><a target=\"_blank\" aria-label=\"Compartir en Twitter\" href='https:\/\/twitter.com\/share?text=Autoridades%20y%20vecinos%20dieron%20la%20partida%20a%20las%20obras%20que%20renovar%C3%A1n%20por%20completo%20la%20plaza%20de%20Mall%C3%ADn%20Grande&#038;url=https:\/\/radiorevelacionfm.cl\/?p=64903' aria-hidden='false' data-av_icon='\ue8f1' data-av_iconfont='entypo-fontello' title='' data-avia-related-tooltip='Compartir en Twitter' rel=\"noopener\"><span class='avia_hidden_link_text'>Compartir en Twitter<\/span><\/a><\/li><li class='av-share-link av-social-link-whatsapp' ><a target=\"_blank\" aria-label=\"Compartir en Whatsapp\" href='https:\/\/api.whatsapp.com\/send?text=https:\/\/radiorevelacionfm.cl\/?p=64903' aria-hidden='false' data-av_icon='\uf232' data-av_iconfont='entypo-fontello' title='' data-avia-related-tooltip='Compartir en Whatsapp' rel=\"noopener\"><span class='avia_hidden_link_text'>Compartir en Whatsapp<\/span><\/a><\/li><li class='av-share-link av-social-link-linkedin' ><a target=\"_blank\" aria-label=\"Compartir en LinkedIn\" href='https:\/\/linkedin.com\/shareArticle?mini=true&#038;title=Autoridades%20y%20vecinos%20dieron%20la%20partida%20a%20las%20obras%20que%20renovar%C3%A1n%20por%20completo%20la%20plaza%20de%20Mall%C3%ADn%20Grande&#038;url=https:\/\/radiorevelacionfm.cl\/?p=64903' aria-hidden='false' data-av_icon='\ue8fc' data-av_iconfont='entypo-fontello' title='' data-avia-related-tooltip='Compartir en LinkedIn' rel=\"noopener\"><span class='avia_hidden_link_text'>Compartir en LinkedIn<\/span><\/a><\/li><li class='av-share-link av-social-link-mail' ><a  aria-label=\"Compartir por correo\" href='mailto:?subject=Autoridades%20y%20vecinos%20dieron%20la%20partida%20a%20las%20obras%20que%20renovar%C3%A1n%20por%20completo%20la%20plaza%20de%20Mall%C3%ADn%20Grande&#038;body=https:\/\/radiorevelacionfm.cl\/?p=64903' aria-hidden='false' data-av_icon='\ue805' data-av_iconfont='entypo-fontello' title='' data-avia-related-tooltip='Compartir por correo'><span class='avia_hidden_link_text'>Compartir por correo<\/span><\/a><\/li><\/ul><\/div><\/div>\n<div  style='height:50px' class='hr hr-invisible   avia-builder-el-8  el_after_av_social_share  el_before_av_comments_list '><span class='hr-inner ' ><span class='hr-inner-style'><\/span><\/span><\/div>\n<div  class='av-buildercomment  av-blog-meta-html-info-disabled av-blog-meta-tag-disabled  '><\/div>\n","protected":false},"excerpt":{"rendered":"","protected":false},"author":1,"featured_media":64904,"comment_status":"closed","ping_status":"closed","sticky":false,"template":"","format":"standard","meta":{"footnotes":""},"categories":[57],"tags":[],"class_list":["post-64903","post","type-post","status-publish","format-standard","has-post-thumbnail","hentry","category-vivienda"],"jetpack_featured_media_url":"https:\/\/radiorevelacionfm.cl\/wp-content\/uploads\/2026\/03\/vecinos-y-sutoridades-dan-incio-a-las-obras-de-remodalcion-de-la-plaza-de-mallin-grande-1_optimized-1.jpeg","_links":{"self":[{"href":"https:\/\/radiorevelacionfm.cl\/index.php?rest_route=\/wp\/v2\/posts\/64903","targetHints":{"allow":["GET"]}}],"collection":[{"href":"https:\/\/radiorevelacionfm.cl\/index.php?rest_route=\/wp\/v2\/posts"}],"about":[{"href":"https:\/\/radiorevelacionfm.cl\/index.php?rest_route=\/wp\/v2\/types\/post"}],"author":[{"embeddable":true,"href":"https:\/\/radiorevelacionfm.cl\/index.php?rest_route=\/wp\/v2\/users\/1"}],"replies":[{"embeddable":true,"href":"https:\/\/radiorevelacionfm.cl\/index.php?rest_route=%2Fwp%2Fv2%2Fcomments&post=64903"}],"version-history":[{"count":2,"href":"https:\/\/radiorevelacionfm.cl\/index.php?rest_route=\/wp\/v2\/posts\/64903\/revisions"}],"predecessor-version":[{"id":64911,"href":"https:\/\/radiorevelacionfm.cl\/index.php?rest_route=\/wp\/v2\/posts\/64903\/revisions\/64911"}],"wp:featuredmedia":[{"embeddable":true,"href":"https:\/\/radiorevelacionfm.cl\/index.php?rest_route=\/wp\/v2\/media\/64904"}],"wp:attachment":[{"href":"https:\/\/radiorevelacionfm.cl\/index.php?rest_route=%2Fwp%2Fv2%2Fmedia&parent=64903"}],"wp:term":[{"taxonomy":"category","embeddable":true,"href":"https:\/\/radiorevelacionfm.cl\/index.php?rest_route=%2Fwp%2Fv2%2Fcategories&post=64903"},{"taxonomy":"post_tag","embeddable":true,"href":"https:\/\/radiorevelacionfm.cl\/index.php?rest_route=%2Fwp%2Fv2%2Ftags&post=64903"}],"curies":[{"name":"wp","href":"https:\/\/api.w.org\/{rel}","templated":true}]}}