{"id":6490,"date":"2021-07-21T13:50:38","date_gmt":"2021-07-21T16:50:38","guid":{"rendered":"https:\/\/radiorevelacionfm.cl\/?p=6490"},"modified":"2021-07-21T13:50:38","modified_gmt":"2021-07-21T16:50:38","slug":"sernameg-reitera-llamado-a-postular-a-la-escuela-lideres-politicas","status":"publish","type":"post","link":"https:\/\/radiorevelacionfm.cl\/?p=6490","title":{"rendered":"SernamEG reitera llamado a postular a la Escuela L\u00edderes Pol\u00edticas"},"content":{"rendered":"<div class=\"flex_column av_one_full  flex_column_div av-zero-column-padding first  avia-builder-el-0  el_before_av_one_full  avia-builder-el-first  \" style='border-radius:0px; '><div  class='avia-image-container  av-styling-    avia-builder-el-1  avia-builder-el-no-sibling  avia-align-center '  itemprop=\"image\" itemscope=\"itemscope\" itemtype=\"https:\/\/schema.org\/ImageObject\"  ><div class='avia-image-container-inner'><div class='avia-image-overlay-wrap'><img decoding=\"async\" class='wp-image-0 avia-img-lazy-loading-not-0 avia_image' src=\"https:\/\/radiorevelacionfm.cl\/wp-content\/uploads\/2021\/07\/escuela-lideres-politicas-1_optimized.jpg\" alt='' title=''   itemprop=\"thumbnailUrl\"  \/><\/div><\/div><\/div><\/div><div class=\"flex_column av_one_full  flex_column_div av-zero-column-padding first  avia-builder-el-2  el_after_av_one_full  el_before_av_one_full  column-top-margin\" style='border-radius:0px; '><section class=\"av_textblock_section \"  itemscope=\"itemscope\" itemtype=\"https:\/\/schema.org\/BlogPosting\" itemprop=\"blogPost\" ><div class='avia_textblock  '   itemprop=\"text\" ><p style=\"text-align: center;\"><strong><span style=\"font-size: 18pt;\">SernamEG reitera llamado a postular a la Escuela L\u00edderes Pol\u00edticas<\/span><\/strong><\/p>\n<div id=\"gtx-trans\" style=\"position: absolute; left: -50px; top: 4.31534px;\">\n<div class=\"gtx-trans-icon\"><\/div>\n<\/div>\n<\/div><\/section><\/div><div class=\"flex_column av_one_full  flex_column_div av-zero-column-padding first  avia-builder-el-4  el_after_av_one_full  el_before_av_hr  column-top-margin\" style='border-radius:0px; '><section class=\"av_textblock_section \"  itemscope=\"itemscope\" itemtype=\"https:\/\/schema.org\/BlogPosting\" itemprop=\"blogPost\" ><div class='avia_textblock  '   itemprop=\"text\" ><p style=\"font-weight: 400; text-align: justify;\">Este domingo 25 de julio finaliza el plazo de postulaci\u00f3n para ser parte de la Escuela L\u00edderes Pol\u00edticas del Servicio Nacional de la Mujer y la Equidad de G\u00e9nero, SernamEG. Iniciativa que busca empoderar a las mujeres y fomentar su participaci\u00f3n en cargos de representaci\u00f3n popular. Este a\u00f1o se realizar\u00e1 entre agosto y noviembre en formato e-learning y clases online, mediante cinco m\u00f3dulos de 40 horas pedag\u00f3gicas, a los cuales las participantes podr\u00e1n acceder en el horario y d\u00eda que m\u00e1s les convenga.<\/p>\n<p style=\"font-weight: 400; text-align: justify;\">Tras los \u00faltimos comicios de mayo, el panorama de representaci\u00f3n pol\u00edtica femenina a nivel regional result\u00f3 en la elecci\u00f3n de dos mujeres constituyentes y fue elegida la primera Gobernadora Regional; en tanto, otras 28 l\u00edderes pol\u00edticas resultaron electas como concejalas. Al respecto, la Directora Regional de SernamEG, Elizabeth Guti\u00e9rrez Eggers, dijo: \u201cnos encontramos en medio de un per\u00edodo electoral muy importante para el pa\u00eds, lo que hace evidente que debemos reforzar los esfuerzos para que m\u00e1s chilenas cuenten con los conocimientos y herramientas que les permitan a atreverse a incursionar en este tipo de espacios que en su mayor\u00eda tienen presencia masculina; para seguir avanzando en la transformaci\u00f3n cultural y en la participaci\u00f3n con incidencia\u201d.<\/p>\n<p style=\"font-weight: 400; text-align: justify;\">Cinco son los m\u00f3dulos de la Escuela L\u00edderes Pol\u00edticas que abordan las siguientes tem\u00e1ticas: Avances y desaf\u00edos en la Igualdad G\u00e9nero; Liderazgo y resoluci\u00f3n de conflictos en el \u00e1mbito pol\u00edtico y social; Org\u00e1nica del Estado de Chile; Campa\u00f1as exitosas: Comunicaci\u00f3n Efectiva y Oratoria; y Liderazgo de las mujeres y nuevas tecnolog\u00edas.<\/p>\n<p style=\"font-weight: 400; text-align: justify;\">Respecto a los requisitos para la postulaci\u00f3n, pueden inscribirse mujeres mayores de 18 a\u00f1os, con la ense\u00f1anza media completa, pertenecientes a alguna organizaci\u00f3n -o interesadas en hacerlo- que deseen fortalecer su liderazgo. S\u00f3lo se necesita un computador y conexi\u00f3n a internet. Las interesadas pueden realizar consultas al correo electr\u00f3nico\u00a0<a href=\"mailto:oirscoyhaique@sernameg.gob.cl\">oirscoyhaique@sernameg.gob.cl<\/a>\u00a0o postular directamente al sitio\u00a0<a href=\"http:\/\/sernameg.gob.cl\/\" data-saferedirecturl=\"https:\/\/www.google.com\/url?q=http:\/\/sernameg.gob.cl&amp;source=gmail&amp;ust=1626965451419000&amp;usg=AFQjCNF1gQ3JseUlBrwEg32hm_ZwjphkyQ\">sernameg.gob.cl<\/a>\u00a0hasta este domingo.<\/p>\n<\/div><\/section><\/div><div  style='height:50px' class='hr hr-invisible   avia-builder-el-6  el_after_av_one_full  el_before_av_social_share '><span class='hr-inner ' ><span class='hr-inner-style'><\/span><\/span><\/div><\/p>\n<div  class='av-social-sharing-box  avia-builder-el-7  el_after_av_hr  el_before_av_hr  '><div class='av-share-box'><h5 class='av-share-link-description av-no-toc '>Compartir esta noticia<\/h5><ul class='av-share-box-list noLightbox'><li class='av-share-link av-social-link-facebook' ><a target=\"_blank\" aria-label=\"Compartir en Facebook\" href='https:\/\/www.facebook.com\/sharer.php?u=https:\/\/radiorevelacionfm.cl\/?p=6490&#038;t=SernamEG%20reitera%20llamado%20a%20postular%20a%20la%20Escuela%20L%C3%ADderes%20Pol%C3%ADticas' aria-hidden='false' data-av_icon='\ue8f3' data-av_iconfont='entypo-fontello' title='' data-avia-related-tooltip='Compartir en Facebook' rel=\"noopener\"><span class='avia_hidden_link_text'>Compartir en Facebook<\/span><\/a><\/li><li class='av-share-link av-social-link-twitter' ><a target=\"_blank\" aria-label=\"Compartir en Twitter\" href='https:\/\/twitter.com\/share?text=SernamEG%20reitera%20llamado%20a%20postular%20a%20la%20Escuela%20L%C3%ADderes%20Pol%C3%ADticas&#038;url=https:\/\/radiorevelacionfm.cl\/?p=6490' aria-hidden='false' data-av_icon='\ue8f1' data-av_iconfont='entypo-fontello' title='' data-avia-related-tooltip='Compartir en Twitter' rel=\"noopener\"><span class='avia_hidden_link_text'>Compartir en Twitter<\/span><\/a><\/li><li class='av-share-link av-social-link-whatsapp' ><a target=\"_blank\" aria-label=\"Compartir en Whatsapp\" href='https:\/\/api.whatsapp.com\/send?text=https:\/\/radiorevelacionfm.cl\/?p=6490' aria-hidden='false' data-av_icon='\uf232' data-av_iconfont='entypo-fontello' title='' data-avia-related-tooltip='Compartir en Whatsapp' rel=\"noopener\"><span class='avia_hidden_link_text'>Compartir en Whatsapp<\/span><\/a><\/li><li class='av-share-link av-social-link-linkedin' ><a target=\"_blank\" aria-label=\"Compartir en LinkedIn\" href='https:\/\/linkedin.com\/shareArticle?mini=true&#038;title=SernamEG%20reitera%20llamado%20a%20postular%20a%20la%20Escuela%20L%C3%ADderes%20Pol%C3%ADticas&#038;url=https:\/\/radiorevelacionfm.cl\/?p=6490' aria-hidden='false' data-av_icon='\ue8fc' data-av_iconfont='entypo-fontello' title='' data-avia-related-tooltip='Compartir en LinkedIn' rel=\"noopener\"><span class='avia_hidden_link_text'>Compartir en LinkedIn<\/span><\/a><\/li><li class='av-share-link av-social-link-mail' ><a  aria-label=\"Compartir por correo\" href='mailto:?subject=SernamEG%20reitera%20llamado%20a%20postular%20a%20la%20Escuela%20L%C3%ADderes%20Pol%C3%ADticas&#038;body=https:\/\/radiorevelacionfm.cl\/?p=6490' aria-hidden='false' data-av_icon='\ue805' data-av_iconfont='entypo-fontello' title='' data-avia-related-tooltip='Compartir por correo'><span class='avia_hidden_link_text'>Compartir por correo<\/span><\/a><\/li><\/ul><\/div><\/div>\n<div  style='height:50px' class='hr hr-invisible   avia-builder-el-8  el_after_av_social_share  el_before_av_comments_list '><span class='hr-inner ' ><span class='hr-inner-style'><\/span><\/span><\/div>\n<div  class='av-buildercomment  av-blog-meta-html-info-disabled av-blog-meta-tag-disabled  '><\/div>\n","protected":false},"excerpt":{"rendered":"","protected":false},"author":1,"featured_media":0,"comment_status":"open","ping_status":"open","sticky":false,"template":"","format":"standard","meta":{"footnotes":""},"categories":[38],"tags":[],"class_list":["post-6490","post","type-post","status-publish","format-standard","hentry","category-regional"],"jetpack_featured_media_url":"","_links":{"self":[{"href":"https:\/\/radiorevelacionfm.cl\/index.php?rest_route=\/wp\/v2\/posts\/6490","targetHints":{"allow":["GET"]}}],"collection":[{"href":"https:\/\/radiorevelacionfm.cl\/index.php?rest_route=\/wp\/v2\/posts"}],"about":[{"href":"https:\/\/radiorevelacionfm.cl\/index.php?rest_route=\/wp\/v2\/types\/post"}],"author":[{"embeddable":true,"href":"https:\/\/radiorevelacionfm.cl\/index.php?rest_route=\/wp\/v2\/users\/1"}],"replies":[{"embeddable":true,"href":"https:\/\/radiorevelacionfm.cl\/index.php?rest_route=%2Fwp%2Fv2%2Fcomments&post=6490"}],"version-history":[{"count":1,"href":"https:\/\/radiorevelacionfm.cl\/index.php?rest_route=\/wp\/v2\/posts\/6490\/revisions"}],"predecessor-version":[{"id":6492,"href":"https:\/\/radiorevelacionfm.cl\/index.php?rest_route=\/wp\/v2\/posts\/6490\/revisions\/6492"}],"wp:attachment":[{"href":"https:\/\/radiorevelacionfm.cl\/index.php?rest_route=%2Fwp%2Fv2%2Fmedia&parent=6490"}],"wp:term":[{"taxonomy":"category","embeddable":true,"href":"https:\/\/radiorevelacionfm.cl\/index.php?rest_route=%2Fwp%2Fv2%2Fcategories&post=6490"},{"taxonomy":"post_tag","embeddable":true,"href":"https:\/\/radiorevelacionfm.cl\/index.php?rest_route=%2Fwp%2Fv2%2Ftags&post=6490"}],"curies":[{"name":"wp","href":"https:\/\/api.w.org\/{rel}","templated":true}]}}