{"id":64898,"date":"2026-03-08T15:56:04","date_gmt":"2026-03-08T18:56:04","guid":{"rendered":"https:\/\/radiorevelacionfm.cl\/?p=64898"},"modified":"2026-03-08T15:56:04","modified_gmt":"2026-03-08T18:56:04","slug":"mideso-destaca-inversion-en-aysen-para-proteger-derechos-de-la-ninez-y-adolescencia","status":"publish","type":"post","link":"https:\/\/radiorevelacionfm.cl\/?p=64898","title":{"rendered":"Mideso destaca inversi\u00f3n en Ays\u00e9n para proteger derechos de la ni\u00f1ez y adolescencia"},"content":{"rendered":"<div class=\"flex_column av_one_full  flex_column_div av-zero-column-padding first  avia-builder-el-0  el_before_av_one_full  avia-builder-el-first  \" style='border-radius:0px; '><div  class='avia-image-container  av-styling-    avia-builder-el-1  avia-builder-el-no-sibling  avia-align-center '  itemprop=\"image\" itemscope=\"itemscope\" itemtype=\"https:\/\/schema.org\/ImageObject\"  ><div class='avia-image-container-inner'><div class='avia-image-overlay-wrap'><img decoding=\"async\" class='wp-image-64899 avia-img-lazy-loading-not-64899 avia_image' src=\"https:\/\/radiorevelacionfm.cl\/wp-content\/uploads\/2026\/03\/subse-n-2-3-1_optimized.jpeg\" alt='' title='subse-n-2-(3)-(1)_optimized' height=\"600\" width=\"800\"  itemprop=\"thumbnailUrl\" srcset=\"https:\/\/radiorevelacionfm.cl\/wp-content\/uploads\/2026\/03\/subse-n-2-3-1_optimized.jpeg 800w, https:\/\/radiorevelacionfm.cl\/wp-content\/uploads\/2026\/03\/subse-n-2-3-1_optimized-300x225.jpeg 300w, https:\/\/radiorevelacionfm.cl\/wp-content\/uploads\/2026\/03\/subse-n-2-3-1_optimized-768x576.jpeg 768w, https:\/\/radiorevelacionfm.cl\/wp-content\/uploads\/2026\/03\/subse-n-2-3-1_optimized-705x529.jpeg 705w, https:\/\/radiorevelacionfm.cl\/wp-content\/uploads\/2026\/03\/subse-n-2-3-1_optimized-450x338.jpeg 450w, https:\/\/radiorevelacionfm.cl\/wp-content\/uploads\/2026\/03\/subse-n-2-3-1_optimized-600x450.jpeg 600w\" sizes=\"(max-width: 800px) 100vw, 800px\" \/><\/div><\/div><\/div><\/div><div class=\"flex_column av_one_full  flex_column_div av-zero-column-padding first  avia-builder-el-2  el_after_av_one_full  el_before_av_one_full  column-top-margin\" style='border-radius:0px; '><section class=\"av_textblock_section \"  itemscope=\"itemscope\" itemtype=\"https:\/\/schema.org\/BlogPosting\" itemprop=\"blogPost\" ><div class='avia_textblock  '   itemprop=\"text\" ><p style=\"text-align: center;\"><strong><span style=\"font-size: 18pt;\">Mideso destaca inversi\u00f3n en Ays\u00e9n para proteger derechos de la ni\u00f1ez y adolescencia<\/span><\/strong><\/p>\n<div id=\"gtx-trans\" style=\"position: absolute; left: -50px; top: 4.31534px;\">\n<div class=\"gtx-trans-icon\"><\/div>\n<\/div>\n<\/div><\/section><\/div><div class=\"flex_column av_one_full  flex_column_div av-zero-column-padding first  avia-builder-el-4  el_after_av_one_full  el_before_av_hr  column-top-margin\" style='border-radius:0px; '><section class=\"av_textblock_section \"  itemscope=\"itemscope\" itemtype=\"https:\/\/schema.org\/BlogPosting\" itemprop=\"blogPost\" ><div class='avia_textblock  '   itemprop=\"text\" ><p style=\"text-align: justify;\"><em>Karina Acevedo Auad enfatiza en que se debe seguir trabajando para disminuir la vulneraci\u00f3n de derechos de ni\u00f1as, ni\u00f1os y adolescentes.<\/em><\/p>\n<p style=\"text-align: justify;\">La protecci\u00f3n integral de los derechos de Ni\u00f1as Ni\u00f1os y Adolescentes, NNA en la regi\u00f3n de Ays\u00e9n es un trabajo que este 2026 se sigue consolidando con una oferta program\u00e1tica ajustada a las condiciones geogr\u00e1ficas del territorio y que es vigilada con derecho a voz y voto por un Consejo Consultivo conformado por NNA de las 10 comunas de la regi\u00f3n.<\/p>\n<p style=\"text-align: justify;\">As\u00ed qued\u00f3 establecido tras la puesta en marcha de la Ley 21.430 que, para su cumplimiento, mandat\u00f3 la conformaci\u00f3n de Oficinas Locales de la Ni\u00f1ez, OLN en las 10 comunas a trav\u00e9s de los municipios con la coordinaci\u00f3n regional de la Subsecretar\u00eda de la Ni\u00f1ez.<\/p>\n<p style=\"text-align: justify;\">A la fecha, la inversi\u00f3n para la regi\u00f3n de Ays\u00e9n desde el Ministerio de Desarrollo Social y Familia que garantiza el cumplimiento de la Ley de Garant\u00edas, supera los dos mil trecientos millones de pesos y se distribuyen entre el Fondo de Intervenciones de Apoyo al Desarrollo Infantil, el Programa Abriendo Caminos, las 10 OLN y el Plan Integral de Bienestar que abarca programas como Turismo Familiar, Transformando Barrios, Crecer en Comunidad, entre otros.<\/p>\n<p style=\"text-align: justify;\">\u201cIniciamos el 2022 con el gran desaf\u00edo de la instalaci\u00f3n de la Ley de Garant\u00edas en todo nuestro territorio\u201d, relata la Seremi de Desarrollo Social y Familia Karina Acevedo Auad que adicionalmente se\u00f1ala \u201cDecidimos partir por las localidades m\u00e1s apartadas, Guaitecas\u00a0y Villa O&#8217;Higgins y con el piloto que era la comuna de Ays\u00e9n. Partimos con un presupuesto de 130 millones de pesos aproximadamente y con mucho orgullo el 2024 ten\u00edamos las 10 comunas y con las OLN instaladas y con un presupuesto que les permit\u00eda poder trabajar en la red local junto a las municipalidades\u201d.<\/p>\n<p style=\"text-align: justify;\">Comprender los alcances de la Ley y su articulaci\u00f3n con las otras instituciones es fundamental, se\u00f1ala Karina Acevedo, raz\u00f3n por la que \u201cCon cada una de las comunas nos reunimos para contarles la articulaci\u00f3n que requer\u00eda el trabajo de la Oficina Locales de la Ni\u00f1ez y cu\u00e1les son los lineamientos y la legalidad para poder implementarla en cada una de ellas. Sumado a eso, la Ley de Garant\u00eda tiene algo que es muy especial y particular, convoca a los ni\u00f1os de cada una de las comunas a conformar un Consejo Consultivo\u201d.<\/p>\n<p style=\"text-align: justify;\">El trabajo para este 2026 ya est\u00e1 en marcha y con metas establecidas, indica la Seremi Karina Acevedo Auad \u201cPodemos garantizar hoy d\u00eda que est\u00e1 la institucionalidad dispuesta para dar apoyo, cuidado y protecci\u00f3n a nuestros ni\u00f1os, ni\u00f1as y adolescentes pensado en derechos, como tambi\u00e9n se ha entablado todo el trabajo intersectorial para que cada uno de los sectores aporte y colabore en este desarrollo y protecci\u00f3n integral\u201d.<\/p>\n<p style=\"text-align: justify;\">Asimismo, Karina Acevedo Seremi de Desarrollo Social y Familia en Ays\u00e9n hizo un claro llamado \u201cDurante este tiempo hemos trabajado duro para poder lograr la constituci\u00f3n de nuestras OLN, sin embargo,\u00a0ahora viene otro desaf\u00edo que es poder sostener el buen trabajo coordinado con las municipalidades, coordinado con la Subsecretar\u00eda de la Ni\u00f1ez y sobre todo con nuestros ni\u00f1os, ni\u00f1os y adolescentes en los territorios. Esperamos que este trabajo que iniciamos el 2022 se fortalezca dando una real capacidad de respuesta a los casos de vulneraci\u00f3n de derechos para proteger a nuestra infancia y adolescencia en toda la regi\u00f3n de Ays\u00e9n\u201d.<\/p>\n<p>CIFRAS<\/p>\n<table>\n<tbody>\n<tr>\n<td width=\"196\">NOMBRE FONDO<\/td>\n<td width=\"196\">INVERSI\u00d3N INICIAL 2022<\/td>\n<td width=\"196\">INVERSI\u00d3N A LA FECHA<\/td>\n<\/tr>\n<tr>\n<td width=\"196\">FIADI: Fondo Intervenci\u00f3n de Apoyo al Desarrollo Infantil<\/td>\n<td width=\"196\">$61.005.063<\/td>\n<td width=\"196\">$251.990.126<\/td>\n<\/tr>\n<tr>\n<td width=\"196\">Abriendo Caminos<\/td>\n<td width=\"196\">$83.383.825<\/td>\n<td width=\"196\">\u00a0$182.826.757<\/td>\n<\/tr>\n<tr>\n<td width=\"196\">Oficina Local de la Ni\u00f1ez<\/td>\n<td width=\"196\">$133.940.112<\/td>\n<td width=\"196\">$1.709.199.197<\/td>\n<\/tr>\n<tr>\n<td width=\"196\">Plan Integral de bienestar NNA inicia 2025<\/td>\n<td width=\"196\">&#8211;<\/td>\n<td width=\"196\">$162.739.868<\/td>\n<\/tr>\n<\/tbody>\n<\/table>\n<\/div><\/section><\/div><div  style='height:50px' class='hr hr-invisible   avia-builder-el-6  el_after_av_one_full  el_before_av_social_share '><span class='hr-inner ' ><span class='hr-inner-style'><\/span><\/span><\/div><\/p>\n<div  class='av-social-sharing-box  avia-builder-el-7  el_after_av_hr  el_before_av_hr  '><div class='av-share-box'><h5 class='av-share-link-description av-no-toc '>Compartir esta noticia<\/h5><ul class='av-share-box-list noLightbox'><li class='av-share-link av-social-link-facebook' ><a target=\"_blank\" aria-label=\"Compartir en Facebook\" href='https:\/\/www.facebook.com\/sharer.php?u=https:\/\/radiorevelacionfm.cl\/?p=64898&#038;t=Mideso%20destaca%20inversi%C3%B3n%20en%20Ays%C3%A9n%20para%20proteger%20derechos%20de%20la%20ni%C3%B1ez%20y%20adolescencia' aria-hidden='false' data-av_icon='\ue8f3' data-av_iconfont='entypo-fontello' title='' data-avia-related-tooltip='Compartir en Facebook' rel=\"noopener\"><span class='avia_hidden_link_text'>Compartir en Facebook<\/span><\/a><\/li><li class='av-share-link av-social-link-twitter' ><a target=\"_blank\" aria-label=\"Compartir en Twitter\" href='https:\/\/twitter.com\/share?text=Mideso%20destaca%20inversi%C3%B3n%20en%20Ays%C3%A9n%20para%20proteger%20derechos%20de%20la%20ni%C3%B1ez%20y%20adolescencia&#038;url=https:\/\/radiorevelacionfm.cl\/?p=64898' aria-hidden='false' data-av_icon='\ue8f1' data-av_iconfont='entypo-fontello' title='' data-avia-related-tooltip='Compartir en Twitter' rel=\"noopener\"><span class='avia_hidden_link_text'>Compartir en Twitter<\/span><\/a><\/li><li class='av-share-link av-social-link-whatsapp' ><a target=\"_blank\" aria-label=\"Compartir en Whatsapp\" href='https:\/\/api.whatsapp.com\/send?text=https:\/\/radiorevelacionfm.cl\/?p=64898' aria-hidden='false' data-av_icon='\uf232' data-av_iconfont='entypo-fontello' title='' data-avia-related-tooltip='Compartir en Whatsapp' rel=\"noopener\"><span class='avia_hidden_link_text'>Compartir en Whatsapp<\/span><\/a><\/li><li class='av-share-link av-social-link-linkedin' ><a target=\"_blank\" aria-label=\"Compartir en LinkedIn\" href='https:\/\/linkedin.com\/shareArticle?mini=true&#038;title=Mideso%20destaca%20inversi%C3%B3n%20en%20Ays%C3%A9n%20para%20proteger%20derechos%20de%20la%20ni%C3%B1ez%20y%20adolescencia&#038;url=https:\/\/radiorevelacionfm.cl\/?p=64898' aria-hidden='false' data-av_icon='\ue8fc' data-av_iconfont='entypo-fontello' title='' data-avia-related-tooltip='Compartir en LinkedIn' rel=\"noopener\"><span class='avia_hidden_link_text'>Compartir en LinkedIn<\/span><\/a><\/li><li class='av-share-link av-social-link-mail' ><a  aria-label=\"Compartir por correo\" href='mailto:?subject=Mideso%20destaca%20inversi%C3%B3n%20en%20Ays%C3%A9n%20para%20proteger%20derechos%20de%20la%20ni%C3%B1ez%20y%20adolescencia&#038;body=https:\/\/radiorevelacionfm.cl\/?p=64898' aria-hidden='false' data-av_icon='\ue805' data-av_iconfont='entypo-fontello' title='' data-avia-related-tooltip='Compartir por correo'><span class='avia_hidden_link_text'>Compartir por correo<\/span><\/a><\/li><\/ul><\/div><\/div>\n<div  style='height:50px' class='hr hr-invisible   avia-builder-el-8  el_after_av_social_share  el_before_av_comments_list '><span class='hr-inner ' ><span class='hr-inner-style'><\/span><\/span><\/div>\n<div  class='av-buildercomment  av-blog-meta-html-info-disabled av-blog-meta-tag-disabled  '><\/div>\n","protected":false},"excerpt":{"rendered":"","protected":false},"author":1,"featured_media":64899,"comment_status":"closed","ping_status":"closed","sticky":false,"template":"","format":"standard","meta":{"footnotes":""},"categories":[38],"tags":[],"class_list":["post-64898","post","type-post","status-publish","format-standard","has-post-thumbnail","hentry","category-regional"],"jetpack_featured_media_url":"https:\/\/radiorevelacionfm.cl\/wp-content\/uploads\/2026\/03\/subse-n-2-3-1_optimized.jpeg","_links":{"self":[{"href":"https:\/\/radiorevelacionfm.cl\/index.php?rest_route=\/wp\/v2\/posts\/64898","targetHints":{"allow":["GET"]}}],"collection":[{"href":"https:\/\/radiorevelacionfm.cl\/index.php?rest_route=\/wp\/v2\/posts"}],"about":[{"href":"https:\/\/radiorevelacionfm.cl\/index.php?rest_route=\/wp\/v2\/types\/post"}],"author":[{"embeddable":true,"href":"https:\/\/radiorevelacionfm.cl\/index.php?rest_route=\/wp\/v2\/users\/1"}],"replies":[{"embeddable":true,"href":"https:\/\/radiorevelacionfm.cl\/index.php?rest_route=%2Fwp%2Fv2%2Fcomments&post=64898"}],"version-history":[{"count":2,"href":"https:\/\/radiorevelacionfm.cl\/index.php?rest_route=\/wp\/v2\/posts\/64898\/revisions"}],"predecessor-version":[{"id":64902,"href":"https:\/\/radiorevelacionfm.cl\/index.php?rest_route=\/wp\/v2\/posts\/64898\/revisions\/64902"}],"wp:featuredmedia":[{"embeddable":true,"href":"https:\/\/radiorevelacionfm.cl\/index.php?rest_route=\/wp\/v2\/media\/64899"}],"wp:attachment":[{"href":"https:\/\/radiorevelacionfm.cl\/index.php?rest_route=%2Fwp%2Fv2%2Fmedia&parent=64898"}],"wp:term":[{"taxonomy":"category","embeddable":true,"href":"https:\/\/radiorevelacionfm.cl\/index.php?rest_route=%2Fwp%2Fv2%2Fcategories&post=64898"},{"taxonomy":"post_tag","embeddable":true,"href":"https:\/\/radiorevelacionfm.cl\/index.php?rest_route=%2Fwp%2Fv2%2Ftags&post=64898"}],"curies":[{"name":"wp","href":"https:\/\/api.w.org\/{rel}","templated":true}]}}