{"id":64895,"date":"2026-03-08T14:48:55","date_gmt":"2026-03-08T17:48:55","guid":{"rendered":"https:\/\/radiorevelacionfm.cl\/?p=64895"},"modified":"2026-03-08T14:48:55","modified_gmt":"2026-03-08T17:48:55","slug":"con-enfasis-en-la-seguridad-y-salud-laboral-cchc-coyhaique-inicia-su-ano-gremial-2026","status":"publish","type":"post","link":"https:\/\/radiorevelacionfm.cl\/?p=64895","title":{"rendered":"Con \u00e9nfasis en la seguridad y salud laboral CChC Coyhaique inicia su a\u00f1o gremial 2026"},"content":{"rendered":"<div class=\"flex_column av_one_full  flex_column_div av-zero-column-padding first  avia-builder-el-0  el_before_av_one_full  avia-builder-el-first  \" style='border-radius:0px; '><div  class='avia-image-container  av-styling-    avia-builder-el-1  avia-builder-el-no-sibling  avia-align-center '  itemprop=\"image\" itemscope=\"itemscope\" itemtype=\"https:\/\/schema.org\/ImageObject\"  ><div class='avia-image-container-inner'><div class='avia-image-overlay-wrap'><img decoding=\"async\" class='wp-image-64896 avia-img-lazy-loading-not-64896 avia_image' src=\"https:\/\/radiorevelacionfm.cl\/wp-content\/uploads\/2026\/03\/3-2026-03-08t142033_optimized.166-1.jpeg\" alt='' title='3 - -2026-03-08t142033_optimized.166-(1)' height=\"600\" width=\"1067\"  itemprop=\"thumbnailUrl\" srcset=\"https:\/\/radiorevelacionfm.cl\/wp-content\/uploads\/2026\/03\/3-2026-03-08t142033_optimized.166-1.jpeg 1067w, https:\/\/radiorevelacionfm.cl\/wp-content\/uploads\/2026\/03\/3-2026-03-08t142033_optimized.166-1-300x169.jpeg 300w, https:\/\/radiorevelacionfm.cl\/wp-content\/uploads\/2026\/03\/3-2026-03-08t142033_optimized.166-1-1030x579.jpeg 1030w, https:\/\/radiorevelacionfm.cl\/wp-content\/uploads\/2026\/03\/3-2026-03-08t142033_optimized.166-1-768x432.jpeg 768w, https:\/\/radiorevelacionfm.cl\/wp-content\/uploads\/2026\/03\/3-2026-03-08t142033_optimized.166-1-705x396.jpeg 705w, https:\/\/radiorevelacionfm.cl\/wp-content\/uploads\/2026\/03\/3-2026-03-08t142033_optimized.166-1-450x253.jpeg 450w, https:\/\/radiorevelacionfm.cl\/wp-content\/uploads\/2026\/03\/3-2026-03-08t142033_optimized.166-1-600x337.jpeg 600w\" sizes=\"(max-width: 1067px) 100vw, 1067px\" \/><\/div><\/div><\/div><\/div><div class=\"flex_column av_one_full  flex_column_div av-zero-column-padding first  avia-builder-el-2  el_after_av_one_full  el_before_av_one_full  column-top-margin\" style='border-radius:0px; '><section class=\"av_textblock_section \"  itemscope=\"itemscope\" itemtype=\"https:\/\/schema.org\/BlogPosting\" itemprop=\"blogPost\" ><div class='avia_textblock  '   itemprop=\"text\" ><p style=\"text-align: center;\"><strong><span style=\"font-size: 18pt;\">Con \u00e9nfasis en la seguridad y salud laboral CChC Coyhaique inicia su a\u00f1o gremial 2026<\/span><\/strong><\/p>\n<div id=\"gtx-trans\" style=\"position: absolute; left: -50px; top: 4.31534px;\">\n<div class=\"gtx-trans-icon\"><\/div>\n<\/div>\n<\/div><\/section><\/div><div class=\"flex_column av_one_full  flex_column_div av-zero-column-padding first  avia-builder-el-4  el_after_av_one_full  el_before_av_hr  column-top-margin\" style='border-radius:0px; '><section class=\"av_textblock_section \"  itemscope=\"itemscope\" itemtype=\"https:\/\/schema.org\/BlogPosting\" itemprop=\"blogPost\" ><div class='avia_textblock  '   itemprop=\"text\" ><p style=\"text-align: justify;\"><em>Capacitaciones, visitas a obras y encuentros t\u00e9cnicos marcaron el inicio del \u00abA\u00f1o de la Seguridad\u00bb, iniciativa con la que el gremio busca fortalecer la cultura preventiva en la Regi\u00f3n de Ays\u00e9n.<\/em><\/p>\n<p style=\"text-align: justify;\">La C\u00e1mara Chilena de la Construcci\u00f3n (CChC) ha definido este 2026 como el a\u00f1o de la \u201cSeguridad y Salud Laboral\u201d, con el objetivo de promover una cultura de autocuidado y responsabilidad entre trabajadores, proveedores y empresas del sector.<\/p>\n<p style=\"text-align: justify;\">En este marco, durante la primera semana de marzo se realizaron una serie de actividades para lanzar este compromiso. La instancia cont\u00f3 con la participaci\u00f3n de <strong>Francisco Casta\u00f1eda, presidente nacional de la Comisi\u00f3n de Seguridad y Salud Laboral (SSL)<\/strong> del gremio, quien destac\u00f3 el despliegue regional en esta materia.<\/p>\n<p style=\"text-align: justify;\">\u00abHemos podido constatar un alto compromiso con la prevenci\u00f3n a todo nivel. Agradecemos la disposici\u00f3n de la sede regional y de su comisi\u00f3n t\u00e9cnica. El hecho de que toda la mesa directiva participe activamente en la declaraci\u00f3n de este como el &#8216;A\u00f1o de la Seguridad&#8217; nos deja muy satisfechos\u00bb, se\u00f1al\u00f3 Casta\u00f1eda.<\/p>\n<p style=\"text-align: justify;\"><strong>Agenda t\u00e9cnica y buenas pr\u00e1cticas<\/strong><\/p>\n<p style=\"text-align: justify;\">La programaci\u00f3n incluy\u00f3 reuniones estrat\u00e9gicas con expertos en prevenci\u00f3n de riesgos y socios del gremio. Adem\u00e1s, se realiz\u00f3 un taller sobre <strong>responsabilidad civil y penal en accidentes laborales<\/strong>, dictado por una abogada de la Mutual de Seguridad, y una visita t\u00e9cnica a la planta <strong>Mel\u00f3n Hormigones<\/strong>.<\/p>\n<p style=\"text-align: justify;\">En dicha visita, los asistentes conocieron los protocolos de resguardo implementados por la empresa. <strong>Gonzalo Mora<\/strong>, administrador de la sucursal en Coyhaique, valor\u00f3 el intercambio de experiencias: \u00abPresentamos nuestro proceso productivo enfocado en la seguridad y compartimos buenas pr\u00e1cticas que aplicamos a nivel nacional, adaptadas a las condiciones clim\u00e1ticas y geogr\u00e1ficas particulares de nuestra regi\u00f3n\u00bb, detall\u00f3 tras el recorrido en el sector de la recta Foitzick.<\/p>\n<p style=\"text-align: justify;\">A nivel local, las acciones en seguridad y salud laboral son coordinadas por <strong>Manuel Suazo<\/strong>, presidente de la Comisi\u00f3n SSL de la CChC Coyhaique, quien subray\u00f3 la importancia de la colaboraci\u00f3n interempresarial.<\/p>\n<p style=\"text-align: justify;\">\u201cAgradecemos la apertura de Mel\u00f3n Hormigones para mostrarnos su funcionamiento, que difiere de una obra de edificaci\u00f3n convencional. Estamos muy conformes con la convocatoria, que sum\u00f3 a prevencionistas, socios y gerentes, adem\u00e1s de contar con el respaldo de nuestro presidente nacional\u201d, afirm\u00f3 Suazo.<\/p>\n<p style=\"text-align: justify;\">Con este hito, la CChC reafirma su plan de trabajo para el resto del a\u00f1o, el cual se centrar\u00e1 en la <strong>capacitaci\u00f3n continua y la promoci\u00f3n de entornos laborales seguros<\/strong>, con la meta de reducir progresivamente los \u00edndices de accidentabilidad y\/o siniestralidad en la industria de la construcci\u00f3n.<\/p>\n<\/div><\/section><\/div><div  style='height:50px' class='hr hr-invisible   avia-builder-el-6  el_after_av_one_full  el_before_av_social_share '><span class='hr-inner ' ><span class='hr-inner-style'><\/span><\/span><\/div><\/p>\n<div  class='av-social-sharing-box  avia-builder-el-7  el_after_av_hr  el_before_av_hr  '><div class='av-share-box'><h5 class='av-share-link-description av-no-toc '>Compartir esta noticia<\/h5><ul class='av-share-box-list noLightbox'><li class='av-share-link av-social-link-facebook' ><a target=\"_blank\" aria-label=\"Compartir en Facebook\" href='https:\/\/www.facebook.com\/sharer.php?u=https:\/\/radiorevelacionfm.cl\/?p=64895&#038;t=Con%20%C3%A9nfasis%20en%20la%20seguridad%20y%20salud%20laboral%20CChC%20Coyhaique%20inicia%20su%20a%C3%B1o%20gremial%202026' aria-hidden='false' data-av_icon='\ue8f3' data-av_iconfont='entypo-fontello' title='' data-avia-related-tooltip='Compartir en Facebook' rel=\"noopener\"><span class='avia_hidden_link_text'>Compartir en Facebook<\/span><\/a><\/li><li class='av-share-link av-social-link-twitter' ><a target=\"_blank\" aria-label=\"Compartir en Twitter\" href='https:\/\/twitter.com\/share?text=Con%20%C3%A9nfasis%20en%20la%20seguridad%20y%20salud%20laboral%20CChC%20Coyhaique%20inicia%20su%20a%C3%B1o%20gremial%202026&#038;url=https:\/\/radiorevelacionfm.cl\/?p=64895' aria-hidden='false' data-av_icon='\ue8f1' data-av_iconfont='entypo-fontello' title='' data-avia-related-tooltip='Compartir en Twitter' rel=\"noopener\"><span class='avia_hidden_link_text'>Compartir en Twitter<\/span><\/a><\/li><li class='av-share-link av-social-link-whatsapp' ><a target=\"_blank\" aria-label=\"Compartir en Whatsapp\" href='https:\/\/api.whatsapp.com\/send?text=https:\/\/radiorevelacionfm.cl\/?p=64895' aria-hidden='false' data-av_icon='\uf232' data-av_iconfont='entypo-fontello' title='' data-avia-related-tooltip='Compartir en Whatsapp' rel=\"noopener\"><span class='avia_hidden_link_text'>Compartir en Whatsapp<\/span><\/a><\/li><li class='av-share-link av-social-link-linkedin' ><a target=\"_blank\" aria-label=\"Compartir en LinkedIn\" href='https:\/\/linkedin.com\/shareArticle?mini=true&#038;title=Con%20%C3%A9nfasis%20en%20la%20seguridad%20y%20salud%20laboral%20CChC%20Coyhaique%20inicia%20su%20a%C3%B1o%20gremial%202026&#038;url=https:\/\/radiorevelacionfm.cl\/?p=64895' aria-hidden='false' data-av_icon='\ue8fc' data-av_iconfont='entypo-fontello' title='' data-avia-related-tooltip='Compartir en LinkedIn' rel=\"noopener\"><span class='avia_hidden_link_text'>Compartir en LinkedIn<\/span><\/a><\/li><li class='av-share-link av-social-link-mail' ><a  aria-label=\"Compartir por correo\" href='mailto:?subject=Con%20%C3%A9nfasis%20en%20la%20seguridad%20y%20salud%20laboral%20CChC%20Coyhaique%20inicia%20su%20a%C3%B1o%20gremial%202026&#038;body=https:\/\/radiorevelacionfm.cl\/?p=64895' aria-hidden='false' data-av_icon='\ue805' data-av_iconfont='entypo-fontello' title='' data-avia-related-tooltip='Compartir por correo'><span class='avia_hidden_link_text'>Compartir por correo<\/span><\/a><\/li><\/ul><\/div><\/div>\n<div  style='height:50px' class='hr hr-invisible   avia-builder-el-8  el_after_av_social_share  el_before_av_comments_list '><span class='hr-inner ' ><span class='hr-inner-style'><\/span><\/span><\/div>\n<div  class='av-buildercomment  av-blog-meta-html-info-disabled av-blog-meta-tag-disabled  '><\/div>\n","protected":false},"excerpt":{"rendered":"","protected":false},"author":1,"featured_media":64896,"comment_status":"closed","ping_status":"closed","sticky":false,"template":"","format":"standard","meta":{"footnotes":""},"categories":[38],"tags":[],"class_list":["post-64895","post","type-post","status-publish","format-standard","has-post-thumbnail","hentry","category-regional"],"jetpack_featured_media_url":"https:\/\/radiorevelacionfm.cl\/wp-content\/uploads\/2026\/03\/3-2026-03-08t142033_optimized.166-1.jpeg","_links":{"self":[{"href":"https:\/\/radiorevelacionfm.cl\/index.php?rest_route=\/wp\/v2\/posts\/64895","targetHints":{"allow":["GET"]}}],"collection":[{"href":"https:\/\/radiorevelacionfm.cl\/index.php?rest_route=\/wp\/v2\/posts"}],"about":[{"href":"https:\/\/radiorevelacionfm.cl\/index.php?rest_route=\/wp\/v2\/types\/post"}],"author":[{"embeddable":true,"href":"https:\/\/radiorevelacionfm.cl\/index.php?rest_route=\/wp\/v2\/users\/1"}],"replies":[{"embeddable":true,"href":"https:\/\/radiorevelacionfm.cl\/index.php?rest_route=%2Fwp%2Fv2%2Fcomments&post=64895"}],"version-history":[{"count":2,"href":"https:\/\/radiorevelacionfm.cl\/index.php?rest_route=\/wp\/v2\/posts\/64895\/revisions"}],"predecessor-version":[{"id":64901,"href":"https:\/\/radiorevelacionfm.cl\/index.php?rest_route=\/wp\/v2\/posts\/64895\/revisions\/64901"}],"wp:featuredmedia":[{"embeddable":true,"href":"https:\/\/radiorevelacionfm.cl\/index.php?rest_route=\/wp\/v2\/media\/64896"}],"wp:attachment":[{"href":"https:\/\/radiorevelacionfm.cl\/index.php?rest_route=%2Fwp%2Fv2%2Fmedia&parent=64895"}],"wp:term":[{"taxonomy":"category","embeddable":true,"href":"https:\/\/radiorevelacionfm.cl\/index.php?rest_route=%2Fwp%2Fv2%2Fcategories&post=64895"},{"taxonomy":"post_tag","embeddable":true,"href":"https:\/\/radiorevelacionfm.cl\/index.php?rest_route=%2Fwp%2Fv2%2Ftags&post=64895"}],"curies":[{"name":"wp","href":"https:\/\/api.w.org\/{rel}","templated":true}]}}