{"id":64890,"date":"2026-03-07T19:59:30","date_gmt":"2026-03-07T22:59:30","guid":{"rendered":"https:\/\/radiorevelacionfm.cl\/?p=64890"},"modified":"2026-03-07T19:59:30","modified_gmt":"2026-03-07T22:59:30","slug":"carabineros-despidio-con-honores-a-duao-del-emblema-verde-el-can-detector-de-explosivos-que-sirvio-por-nueve-anos-a-la-institucion-y-al-pais","status":"publish","type":"post","link":"https:\/\/radiorevelacionfm.cl\/?p=64890","title":{"rendered":"Carabineros despidi\u00f3 con honores a \u201cDuao del Emblema Verde\u201d el can detector de explosivos que sirvi\u00f3 por nueve a\u00f1os a la Instituci\u00f3n y al pa\u00eds"},"content":{"rendered":"<div class=\"flex_column av_one_full  flex_column_div av-zero-column-padding first  avia-builder-el-0  el_before_av_one_full  avia-builder-el-first  \" style='border-radius:0px; '><div  class='avia-image-container  av-styling-    avia-builder-el-1  avia-builder-el-no-sibling  avia-align-center '  itemprop=\"image\" itemscope=\"itemscope\" itemtype=\"https:\/\/schema.org\/ImageObject\"  ><div class='avia-image-container-inner'><div class='avia-image-overlay-wrap'><img decoding=\"async\" class='wp-image-64891 avia-img-lazy-loading-not-64891 avia_image' src=\"https:\/\/radiorevelacionfm.cl\/wp-content\/uploads\/2026\/03\/IMG_1655-1-1.jpg\" alt='' title='IMG_1655 (1) (1)' height=\"610\" width=\"800\"  itemprop=\"thumbnailUrl\" srcset=\"https:\/\/radiorevelacionfm.cl\/wp-content\/uploads\/2026\/03\/IMG_1655-1-1.jpg 800w, https:\/\/radiorevelacionfm.cl\/wp-content\/uploads\/2026\/03\/IMG_1655-1-1-300x229.jpg 300w, https:\/\/radiorevelacionfm.cl\/wp-content\/uploads\/2026\/03\/IMG_1655-1-1-768x586.jpg 768w, https:\/\/radiorevelacionfm.cl\/wp-content\/uploads\/2026\/03\/IMG_1655-1-1-705x538.jpg 705w, https:\/\/radiorevelacionfm.cl\/wp-content\/uploads\/2026\/03\/IMG_1655-1-1-450x343.jpg 450w, https:\/\/radiorevelacionfm.cl\/wp-content\/uploads\/2026\/03\/IMG_1655-1-1-600x458.jpg 600w\" sizes=\"(max-width: 800px) 100vw, 800px\" \/><\/div><\/div><\/div><\/div><div class=\"flex_column av_one_full  flex_column_div av-zero-column-padding first  avia-builder-el-2  el_after_av_one_full  el_before_av_one_full  column-top-margin\" style='border-radius:0px; '><section class=\"av_textblock_section \"  itemscope=\"itemscope\" itemtype=\"https:\/\/schema.org\/BlogPosting\" itemprop=\"blogPost\" ><div class='avia_textblock  '   itemprop=\"text\" ><p style=\"text-align: center;\"><strong><span style=\"font-size: 18pt;\">Carabineros despidi\u00f3 con honores a \u201cDuao del Emblema Verde\u201d el can detector de explosivos que sirvi\u00f3 por nueve a\u00f1os a la Instituci\u00f3n y al pa\u00eds\u00a0<\/span><\/strong><\/p>\n<div id=\"gtx-trans\" style=\"position: absolute; left: -50px; top: 4.31534px;\">\n<div class=\"gtx-trans-icon\"><\/div>\n<\/div>\n<\/div><\/section><\/div><div class=\"flex_column av_one_full  flex_column_div av-zero-column-padding first  avia-builder-el-4  el_after_av_one_full  el_before_av_hr  column-top-margin\" style='border-radius:0px; '><section class=\"av_textblock_section \"  itemscope=\"itemscope\" itemtype=\"https:\/\/schema.org\/BlogPosting\" itemprop=\"blogPost\" ><div class='avia_textblock  '   itemprop=\"text\" ><ul>\n<li dir=\"ltr\" style=\"text-align: justify;\" role=\"presentation\"><em>El can represent\u00f3 lo mejor del esp\u00edritu policial y sirvi\u00f3 a Carabineros de Chile con la misma vocaci\u00f3n de disciplina, nobleza, lealtad, valent\u00eda y compromiso con la misi\u00f3n institucional.<\/em><\/li>\n<li dir=\"ltr\" style=\"text-align: justify;\" role=\"presentation\"><em>Duao represent\u00f3 la verdadera hermandad de servicio y hoy es parte de la historia institucional, de la trayectoria del GOPE Ays\u00e9n y de la familia de quienes han compartido estos a\u00f1os de servicio.<\/em><\/li>\n<\/ul>\n<p dir=\"ltr\" style=\"text-align: justify;\">Con un minuto de silencio -en una emotiva ceremonia- Carabineros despidi\u00f3 con honores a \u201cDuao del Emblema Verde\u201d, ejemplar canino que durante nueve a\u00f1os entreg\u00f3 lo mejor de s\u00ed, e integr\u00f3 las filas del Grupo de Operaciones Policiales Especiales (GOPE) Ays\u00e9n, brindando apoyo, compromiso y lealtad, garantizando la protecci\u00f3n y seguridad en m\u00faltiples misiones tanto en la regi\u00f3n del Bio Bio como en Ays\u00e9n.<\/p>\n<p dir=\"ltr\" style=\"text-align: justify;\">De raza Golden Retriever, el ejemplar visti\u00f3 su capa hasta el \u00faltimo d\u00eda y sirvi\u00f3 a Carabineros de Chile y al pa\u00eds con la misma vocaci\u00f3n de disciplina y lealtad que caracteriza a cada uno de los m\u00e1s de 55 mil funcionarios en todo Chile.<\/p>\n<p dir=\"ltr\" style=\"text-align: justify;\">\u201cDurante nueve a\u00f1os de servicio este noble compa\u00f1ero fue parte fundamental en el trabajo operativo de nuestra Instituci\u00f3n, demostrando en cada intervenci\u00f3n, instinto, valent\u00eda y compromiso con la misi\u00f3n institucional\u201d, expres\u00f3 el Jefe del GOPE Ays\u00e9n, Capit\u00e1n Francisco Gajardo.<\/p>\n<p dir=\"ltr\" style=\"text-align: justify;\">El Oficial a\u00f1adi\u00f3 que los ejemplares caninos cumplen un rol fundamental en las filas, toda vez que su entrenamiento, capacidad de trabajo y v\u00ednculo con su gu\u00eda, permiten desarrollar labores altamente especializadas en beneficio de la seguridad de la comunidad.<\/p>\n<p dir=\"ltr\" style=\"text-align: justify;\">\u201cQuienes trabajan con estos ejemplares, saben que estos animales son fieles compa\u00f1eros de vida, generando lazos de confianza y lealtad que trascienden al servicio\u201d, acot\u00f3 el Oficial.<\/p>\n<p dir=\"ltr\" style=\"text-align: justify;\"><strong>\u201cDuao fue un verdadero camarada de servicio\u201d<\/strong><\/p>\n<p dir=\"ltr\" style=\"text-align: justify;\">Durante la ceremonia su gu\u00eda canino, el Sargento 1ro. Arturo Fuentes Fuentes tuvo emotivas palabras, indicando que \u201cDuao del Emblema Verde\u201d visti\u00f3 su capa -sin grados en su pecho- pero que sirvi\u00f3 con la misma entrega, valent\u00eda y lealtad como un integrante m\u00e1s de este grupo de \u00e9lite como es el GOPE Ays\u00e9n.<\/p>\n<p dir=\"ltr\" style=\"text-align: justify;\">\u201cDuao no s\u00f3lo fue un perro de trabajo -para todos quienes tuvimos la oportunidad de ver su desempe\u00f1o- fue un verdadero camarada de servicio, un compa\u00f1ero que con su instinto, disciplina y nobleza estuvo siempre dispuesto a cumplir la misi\u00f3n sin cuestionamientos, sin cansancio y sin pedir nada a cambio, m\u00e1s que la confianza y el cari\u00f1o de quienes lo rodean\u201d, indic\u00f3.<\/p>\n<p dir=\"ltr\" style=\"text-align: justify;\">\u201cDurante estos m\u00e1s de nueve a\u00f1os de servicio, con Duao formamos un equipo inseparable, desarrollando una relaci\u00f3n basada en la confianza absoluta, el respeto mutuo y un profundo v\u00ednculo que s\u00f3lo quienes han trabajado con un ejemplar canino pueden comprender\u201d, a\u00f1adi\u00f3.<\/p>\n<p dir=\"ltr\" style=\"text-align: justify;\">Sus capacidades olfativas, hicieron de \u201cDuao\u201d un can excepcional, quien a trav\u00e9s de su entrenamiento se convirti\u00f3 en un especialista en la detecci\u00f3n de explosivos tales como p\u00f3lvora, TNT, Flex-X, RDX, nitrato de amonio, entre otros elementos de diversa composici\u00f3n.<\/p>\n<p dir=\"ltr\" style=\"text-align: justify;\">\u201cDuao del Emblema Verde\u201d particip\u00f3 en m\u00faltiples procedimientos de registro de instalaciones, llamados an\u00f3nimos, en aeropuerto, visitas a colegios, desfiles, ExpoPatagonia e intervenciones en visitas presidenciales a la regi\u00f3n, entre otras m\u00faltiples acciones.<\/p>\n<p dir=\"ltr\" style=\"text-align: justify;\">\u201cM\u00e1s que un ejemplar canino, Duao fue un compa\u00f1ero de trabajo, un amigo, con el cual compart\u00eda la mayor parte del d\u00eda y me quedo con los m\u00e1s lindos momentos de servicio en que compartimos largas jornadas tanto en Ays\u00e9n como en la regi\u00f3n del Bio Bio\u201d, se\u00f1al\u00f3 el Sargento 1ro. Fuentes, quien lo tuvo desde que el can ten\u00eda dos a\u00f1os de vida.<\/p>\n<p dir=\"ltr\" style=\"text-align: justify;\">Actualmente, \u201cDuao\u201d se encontraba a dos meses de su retiro de la Instituci\u00f3n, sin embargo, problemas de salud, le impidieron continuar sirviendo en este mundo.<\/p>\n<p dir=\"ltr\" style=\"text-align: justify;\"><strong>Esp\u00edritu policial<\/strong><\/p>\n<p dir=\"ltr\" style=\"text-align: justify;\">La uni\u00f3n entre un gu\u00eda y su can es mucho m\u00e1s que una relaci\u00f3n de trabajo, es una verdadera hermandad de servicio.<\/p>\n<p dir=\"ltr\" style=\"text-align: justify;\">Ejemplares caninos como \u201cDuao\u201d, representan lo mejor del esp\u00edritu policial, no entienden de jerarqu\u00eda ni de reconocimiento -como nosotros lo comprendemos- pero si entienden de lealtad, compromiso y proteger a quienes est\u00e1n a su lado.<\/p>\n<p dir=\"ltr\" style=\"text-align: justify;\">Cada b\u00fasqueda, cada procedimiento y cada servicio en el que particip\u00f3 \u201cDuao\u201d, fue una muestra silenciosa de entrega y valent\u00eda. Un trabajo muchas veces an\u00f3nimo, pero fundamental para el cumplimento de la misi\u00f3n institucional.<\/p>\n<p dir=\"ltr\" style=\"text-align: justify;\">\u201cDuao\u201d no solo fue un recurso operativo, sino que es parte de la historia institucional, parte de la trayectoria del GOPE Ays\u00e9n y de la familia de quienes han compartido estos a\u00f1os de servicio.<\/p>\n<p dir=\"ltr\" style=\"text-align: justify;\">\u201cA veces el verdadero esp\u00edritu de servicio no siempre se expresa con palabras, a veces se demuestra con una mirada fiel, con un paso firme al lado de su gu\u00eda y con la valent\u00eda de quien siempre est\u00e1 dispuesto a cumplir su deber. Tu huella quedar\u00e1 por siempre en la historia de la Unidad GOPE Ays\u00e9n, de su gu\u00eda y tambi\u00e9n en el coraz\u00f3n de todos quienes tuvimos el honor de conocerte (&#8230;), gracias querido amigo\u201d, se\u00f1al\u00f3 con emoci\u00f3n el Sargento 1ro. Arturo Fuentes, quien fuera su gu\u00eda por nueve a\u00f1os.<\/p>\n<p dir=\"ltr\" style=\"text-align: justify;\">Durante la ocasi\u00f3n, el Jefe de Zona Ays\u00e9n, General Eduardo Palma Fuentes hizo entrega de la capa del ejemplar canino a su gu\u00eda, destacando el valor que poseen los canes para el servicio policial, ceremonia que concluy\u00f3 con la interpretaci\u00f3n del himno institucional.<\/p>\n<p dir=\"ltr\" style=\"text-align: justify;\">El Oficial General destac\u00f3 que Duao prest\u00f3 servicios en la regi\u00f3n como detector de explosivos y acompa\u00f1\u00f3 el desarrollo de m\u00faltiples servicios efectuados en el territorio.<\/p>\n<p dir=\"ltr\" style=\"text-align: justify;\">\u201cMuchas veces ustedes, los vecinos, la comunidad le entregaron cari\u00f1o en la ExpoPatagonia, en el aeropuerto y en diferentes puntos de la regi\u00f3n donde este perrito prest\u00f3 servicio. Luego de una enfermedad, hoy nos ha dejado y de acuerdo a nuestra normativa, lo hemos despedido con honores porque es un miembro de nuestra familia institucional\u201d, indic\u00f3 el General Palma, quien lament\u00f3 su triste partida.<\/p>\n<p dir=\"ltr\" style=\"text-align: justify;\">\u00a0Tras lo anterior el cuerpo del ejemplar canino fue depositado en un sector de la Zona Ays\u00e9n y que asegura que nadie pondr\u00e1 sus pies sobre este espacio que honra su memoria y a\u00f1os de servicio a la Instituci\u00f3n y al pa\u00eds.<\/p>\n<div class=\"yj6qo\" style=\"text-align: justify;\"><\/div>\n<div class=\"adL\" style=\"text-align: justify;\"><\/div>\n<\/div><\/section><\/div><div  style='height:50px' class='hr hr-invisible   avia-builder-el-6  el_after_av_one_full  el_before_av_social_share '><span class='hr-inner ' ><span class='hr-inner-style'><\/span><\/span><\/div><\/p>\n<div  class='av-social-sharing-box  avia-builder-el-7  el_after_av_hr  el_before_av_hr  '><div class='av-share-box'><h5 class='av-share-link-description av-no-toc '>Compartir esta noticia<\/h5><ul class='av-share-box-list noLightbox'><li class='av-share-link av-social-link-facebook' ><a target=\"_blank\" aria-label=\"Compartir en Facebook\" href='https:\/\/www.facebook.com\/sharer.php?u=https:\/\/radiorevelacionfm.cl\/?p=64890&#038;t=Carabineros%20despidi%C3%B3%20con%20honores%20a%20%E2%80%9CDuao%20del%20Emblema%20Verde%E2%80%9D%20el%20can%20detector%20de%20explosivos%20que%20sirvi%C3%B3%20por%20nueve%20a%C3%B1os%20a%20la%20Instituci%C3%B3n%20y%20al%20pa%C3%ADs' aria-hidden='false' data-av_icon='\ue8f3' data-av_iconfont='entypo-fontello' title='' data-avia-related-tooltip='Compartir en Facebook' rel=\"noopener\"><span class='avia_hidden_link_text'>Compartir en Facebook<\/span><\/a><\/li><li class='av-share-link av-social-link-twitter' ><a target=\"_blank\" aria-label=\"Compartir en Twitter\" href='https:\/\/twitter.com\/share?text=Carabineros%20despidi%C3%B3%20con%20honores%20a%20%E2%80%9CDuao%20del%20Emblema%20Verde%E2%80%9D%20el%20can%20detector%20de%20explosivos%20que%20sirvi%C3%B3%20por%20nueve%20a%C3%B1os%20a%20la%20Instituci%C3%B3n%20y%20al%20pa%C3%ADs&#038;url=https:\/\/radiorevelacionfm.cl\/?p=64890' aria-hidden='false' data-av_icon='\ue8f1' data-av_iconfont='entypo-fontello' title='' data-avia-related-tooltip='Compartir en Twitter' rel=\"noopener\"><span class='avia_hidden_link_text'>Compartir en Twitter<\/span><\/a><\/li><li class='av-share-link av-social-link-whatsapp' ><a target=\"_blank\" aria-label=\"Compartir en Whatsapp\" href='https:\/\/api.whatsapp.com\/send?text=https:\/\/radiorevelacionfm.cl\/?p=64890' aria-hidden='false' data-av_icon='\uf232' data-av_iconfont='entypo-fontello' title='' data-avia-related-tooltip='Compartir en Whatsapp' rel=\"noopener\"><span class='avia_hidden_link_text'>Compartir en Whatsapp<\/span><\/a><\/li><li class='av-share-link av-social-link-linkedin' ><a target=\"_blank\" aria-label=\"Compartir en LinkedIn\" href='https:\/\/linkedin.com\/shareArticle?mini=true&#038;title=Carabineros%20despidi%C3%B3%20con%20honores%20a%20%E2%80%9CDuao%20del%20Emblema%20Verde%E2%80%9D%20el%20can%20detector%20de%20explosivos%20que%20sirvi%C3%B3%20por%20nueve%20a%C3%B1os%20a%20la%20Instituci%C3%B3n%20y%20al%20pa%C3%ADs&#038;url=https:\/\/radiorevelacionfm.cl\/?p=64890' aria-hidden='false' data-av_icon='\ue8fc' data-av_iconfont='entypo-fontello' title='' data-avia-related-tooltip='Compartir en LinkedIn' rel=\"noopener\"><span class='avia_hidden_link_text'>Compartir en LinkedIn<\/span><\/a><\/li><li class='av-share-link av-social-link-mail' ><a  aria-label=\"Compartir por correo\" href='mailto:?subject=Carabineros%20despidi%C3%B3%20con%20honores%20a%20%E2%80%9CDuao%20del%20Emblema%20Verde%E2%80%9D%20el%20can%20detector%20de%20explosivos%20que%20sirvi%C3%B3%20por%20nueve%20a%C3%B1os%20a%20la%20Instituci%C3%B3n%20y%20al%20pa%C3%ADs&#038;body=https:\/\/radiorevelacionfm.cl\/?p=64890' aria-hidden='false' data-av_icon='\ue805' data-av_iconfont='entypo-fontello' title='' data-avia-related-tooltip='Compartir por correo'><span class='avia_hidden_link_text'>Compartir por correo<\/span><\/a><\/li><\/ul><\/div><\/div>\n<div  style='height:50px' class='hr hr-invisible   avia-builder-el-8  el_after_av_social_share  el_before_av_comments_list '><span class='hr-inner ' ><span class='hr-inner-style'><\/span><\/span><\/div>\n<div  class='av-buildercomment  av-blog-meta-html-info-disabled av-blog-meta-tag-disabled  '><\/div>\n","protected":false},"excerpt":{"rendered":"","protected":false},"author":1,"featured_media":64891,"comment_status":"closed","ping_status":"closed","sticky":false,"template":"","format":"standard","meta":{"footnotes":""},"categories":[36],"tags":[],"class_list":["post-64890","post","type-post","status-publish","format-standard","has-post-thumbnail","hentry","category-policial"],"jetpack_featured_media_url":"https:\/\/radiorevelacionfm.cl\/wp-content\/uploads\/2026\/03\/IMG_1655-1-1.jpg","_links":{"self":[{"href":"https:\/\/radiorevelacionfm.cl\/index.php?rest_route=\/wp\/v2\/posts\/64890","targetHints":{"allow":["GET"]}}],"collection":[{"href":"https:\/\/radiorevelacionfm.cl\/index.php?rest_route=\/wp\/v2\/posts"}],"about":[{"href":"https:\/\/radiorevelacionfm.cl\/index.php?rest_route=\/wp\/v2\/types\/post"}],"author":[{"embeddable":true,"href":"https:\/\/radiorevelacionfm.cl\/index.php?rest_route=\/wp\/v2\/users\/1"}],"replies":[{"embeddable":true,"href":"https:\/\/radiorevelacionfm.cl\/index.php?rest_route=%2Fwp%2Fv2%2Fcomments&post=64890"}],"version-history":[{"count":2,"href":"https:\/\/radiorevelacionfm.cl\/index.php?rest_route=\/wp\/v2\/posts\/64890\/revisions"}],"predecessor-version":[{"id":64893,"href":"https:\/\/radiorevelacionfm.cl\/index.php?rest_route=\/wp\/v2\/posts\/64890\/revisions\/64893"}],"wp:featuredmedia":[{"embeddable":true,"href":"https:\/\/radiorevelacionfm.cl\/index.php?rest_route=\/wp\/v2\/media\/64891"}],"wp:attachment":[{"href":"https:\/\/radiorevelacionfm.cl\/index.php?rest_route=%2Fwp%2Fv2%2Fmedia&parent=64890"}],"wp:term":[{"taxonomy":"category","embeddable":true,"href":"https:\/\/radiorevelacionfm.cl\/index.php?rest_route=%2Fwp%2Fv2%2Fcategories&post=64890"},{"taxonomy":"post_tag","embeddable":true,"href":"https:\/\/radiorevelacionfm.cl\/index.php?rest_route=%2Fwp%2Fv2%2Ftags&post=64890"}],"curies":[{"name":"wp","href":"https:\/\/api.w.org\/{rel}","templated":true}]}}