{"id":64882,"date":"2026-03-07T15:05:19","date_gmt":"2026-03-07T18:05:19","guid":{"rendered":"https:\/\/radiorevelacionfm.cl\/?p=64882"},"modified":"2026-03-07T15:05:19","modified_gmt":"2026-03-07T18:05:19","slug":"direccion-regional-del-trabajo-de-aysen-aplico-1-184-multas-y-recupero-mas-de-2-mil-millones-de-pesos-para-trabajadores","status":"publish","type":"post","link":"https:\/\/radiorevelacionfm.cl\/?p=64882","title":{"rendered":"Direcci\u00f3n Regional del Trabajo de Ays\u00e9n aplic\u00f3 1.184 multas y recuper\u00f3 m\u00e1s de 2 mil millones de pesos para trabajadores"},"content":{"rendered":"<div class=\"flex_column av_one_full  flex_column_div av-zero-column-padding first  avia-builder-el-0  el_before_av_one_full  avia-builder-el-first  \" style='border-radius:0px; '><div  class='avia-image-container  av-styling-    avia-builder-el-1  avia-builder-el-no-sibling  avia-align-center '  itemprop=\"image\" itemscope=\"itemscope\" itemtype=\"https:\/\/schema.org\/ImageObject\"  ><div class='avia-image-container-inner'><div class='avia-image-overlay-wrap'><img decoding=\"async\" class='wp-image-64883 avia-img-lazy-loading-not-64883 avia_image' src=\"https:\/\/radiorevelacionfm.cl\/wp-content\/uploads\/2026\/03\/06_optimized.03.2026-aysen4-1-1-1.jpg\" alt='' title='06_optimized.03.2026-ays\u00e9n4-(1)-(1) (1)' height=\"600\" width=\"1067\"  itemprop=\"thumbnailUrl\" srcset=\"https:\/\/radiorevelacionfm.cl\/wp-content\/uploads\/2026\/03\/06_optimized.03.2026-aysen4-1-1-1.jpg 1067w, https:\/\/radiorevelacionfm.cl\/wp-content\/uploads\/2026\/03\/06_optimized.03.2026-aysen4-1-1-1-300x169.jpg 300w, https:\/\/radiorevelacionfm.cl\/wp-content\/uploads\/2026\/03\/06_optimized.03.2026-aysen4-1-1-1-1030x579.jpg 1030w, https:\/\/radiorevelacionfm.cl\/wp-content\/uploads\/2026\/03\/06_optimized.03.2026-aysen4-1-1-1-768x432.jpg 768w, https:\/\/radiorevelacionfm.cl\/wp-content\/uploads\/2026\/03\/06_optimized.03.2026-aysen4-1-1-1-705x396.jpg 705w, https:\/\/radiorevelacionfm.cl\/wp-content\/uploads\/2026\/03\/06_optimized.03.2026-aysen4-1-1-1-450x253.jpg 450w, https:\/\/radiorevelacionfm.cl\/wp-content\/uploads\/2026\/03\/06_optimized.03.2026-aysen4-1-1-1-600x337.jpg 600w\" sizes=\"(max-width: 1067px) 100vw, 1067px\" \/><\/div><\/div><\/div><\/div><div class=\"flex_column av_one_full  flex_column_div av-zero-column-padding first  avia-builder-el-2  el_after_av_one_full  el_before_av_one_full  column-top-margin\" style='border-radius:0px; '><section class=\"av_textblock_section \"  itemscope=\"itemscope\" itemtype=\"https:\/\/schema.org\/BlogPosting\" itemprop=\"blogPost\" ><div class='avia_textblock  '   itemprop=\"text\" ><p style=\"text-align: center;\"><span style=\"font-size: 18pt;\"><b>Direcci\u00f3n Regional del Trabajo de Ays\u00e9n aplic\u00f3 1.184 multas y recuper\u00f3 m\u00e1s de 2 mil millones de pesos para trabajadores<\/b><\/span><\/p>\n<div id=\"gtx-trans\" style=\"position: absolute; left: -50px; top: 4.31534px;\">\n<div class=\"gtx-trans-icon\"><\/div>\n<\/div>\n<\/div><\/section><\/div><div class=\"flex_column av_one_full  flex_column_div av-zero-column-padding first  avia-builder-el-4  el_after_av_one_full  el_before_av_hr  column-top-margin\" style='border-radius:0px; '><section class=\"av_textblock_section \"  itemscope=\"itemscope\" itemtype=\"https:\/\/schema.org\/BlogPosting\" itemprop=\"blogPost\" ><div class='avia_textblock  '   itemprop=\"text\" ><ul>\n<li style=\"font-weight: 400; text-align: justify;\"><em>Organismo inspectivo y mediador difundi\u00f3 este viernes estad\u00edsticas sobre su actuar operativo entre 2023 y 2025.<\/em><\/li>\n<li style=\"font-weight: 400; text-align: justify;\"><em>Mediaciones lograron acuerdos en todas las negociaciones colectivas donde se hab\u00eda aprobado la realizaci\u00f3n de huelgas.\u00a0<\/em><\/li>\n<\/ul>\n<p style=\"font-weight: 400; text-align: justify;\">La Direcci\u00f3n Regional del Trabajo (DRT) divulg\u00f3 un balance de su actuar operativo en los \u00faltimos tres a\u00f1os, destacando los resultados tanto de su responsabilidad fiscalizadora como de la mediadora para prevenir conflictos entre empresas y sindicatos.<\/p>\n<p style=\"font-weight: 400; text-align: justify;\">En lo inspectivo, entre los a\u00f1os 2023 y 2025, la DRT de Ays\u00e9n realiz\u00f3 5.099 fiscalizaciones, al cabo de las cuales fueron aplicadas 1.184 multas, es decir, el 23,2 por ciento.<\/p>\n<p style=\"font-weight: 400; text-align: justify;\">En lo mediador, en igual per\u00edodo la DRT evit\u00f3 el comienzo de 13 huelgas legales que hab\u00edan sido aprobadas en el marco de negociaciones colectivas.<\/p>\n<p style=\"font-weight: 400; text-align: justify;\">El director regional del Trabajo, Christian Aros, consider\u00f3 que \u201cestos resultados demuestran que, coherente con su misi\u00f3n hist\u00f3rica, la Direcci\u00f3n Regional del Trabajo ha sabido conjugar en estos \u00faltimos a\u00f1os su obligaci\u00f3n fiscalizadora para hacer cumplir la ley laboral y su vocaci\u00f3n por mejorar las relaciones al interior de las empresas, mediando activamente en negociaciones colectivas y conflictos laborales para ayudar a conseguir acuerdos que dejen satisfechas a las partes involucradas\u201d.<\/p>\n<p style=\"font-weight: 400; text-align: justify;\">En esta misma l\u00ednea, el Seremi(s) de Trabajo y Previsi\u00f3n Social, Rodrigo D\u00edaz, destac\u00f3 la mirada tripartita de la Direcci\u00f3n del Trabajo regional y la gran valoraci\u00f3n por parte de la comunidad, \u201cCon respecto al balance entregado por la Direcci\u00f3n Regional del Trabajo Ays\u00e9n, quiero mencionar la gran valoraci\u00f3n que existe por parte de la comunidad, tanto de trabajadores como de empleadores hacia la instituci\u00f3n, donde no solo lo ven como un ente fiscalizador, sino que tambi\u00e9n, una instituci\u00f3n que entrega orientaci\u00f3n y apoyo en el \u00e1mbito laboral, m\u00e1s a\u00fan con la serie de avances que hemos tenido en normativa laboral en los \u00faltimos a\u00f1os. Debo adem\u00e1s recalcar que esta labor se ha realizado con un esp\u00edritu de di\u00e1logo social y tripartito, buscando el entendimiento entre las partes y la entrega de conocimientos y herramientas, tanto a trabajadores como a empleadores\u201d, afirm\u00f3.<\/p>\n<p style=\"font-weight: 400; text-align: justify;\"><strong><u>Sanciones y montos<\/u><\/strong><\/p>\n<p style=\"font-weight: 400; text-align: justify;\">En lo inspectivo, las cinco principales causales de las sanciones fueron no exhibir toda la documentaci\u00f3n necesaria para efectuar las labores de fiscalizaci\u00f3n (190), no tomar todas las medidas necesarias para proteger eficazmente la vida y salud de los trabajadores (144), no llevar correctamente el registro de asistencia y determinaci\u00f3n de las horas de trabajo (140), Distribuir jornada semanal ordinaria de 45 horas en m\u00e1s de 6 d\u00edas (menos de 5 d\u00edas (100) y no llevar registro de asistencia y determinaci\u00f3n de las horas de trabajo (74).<\/p>\n<p style=\"font-weight: 400; text-align: justify;\">El monto de las multas alcanz\u00f3 a los $5.940.065.975.<\/p>\n<p style=\"font-weight: 400; text-align: justify;\">En cuanto a la informalidad laboral, en el per\u00edodo se realizaron 630 fiscalizaciones, de las cuales el 27,3 por ciento terminaron con multas.<\/p>\n<p style=\"font-weight: 400; text-align: justify;\"><strong><u>Leyes de 40 Horas y Karin<\/u><\/strong><\/p>\n<p style=\"font-weight: 400; text-align: justify;\">En la Ley de 40 Horas entre los a\u00f1os 2024 y 2025 hubo 163 fiscalizaciones con 31 sanciones.<\/p>\n<p style=\"font-weight: 400; text-align: justify;\">A la vez, la Ley Karin gener\u00f3 63 fiscalizaciones a partir de agosto de 2024, fecha de su vigencia legal, motivando 19 sanciones.<\/p>\n<p style=\"font-weight: 400; text-align: justify;\"><strong><u>Huelgas y negociaciones colectivas<\/u><\/strong><\/p>\n<p style=\"font-weight: 400; text-align: justify;\">En el \u00e1mbito del derecho colectivo la DRT registr\u00f3 60 negociaciones colectivas que abarcaron a 3.547 trabajadores y trabajadoras.<\/p>\n<p style=\"font-weight: 400; text-align: justify;\">En 13 de estas negociaciones los sindicatos aprobaron la realizaci\u00f3n de huelgas, pero la intervenci\u00f3n de la DRT permiti\u00f3 que ninguna de ellas fuera iniciada. De este modo, 13 huelgas que estaban a punto de comenzar fueron evitadas gracias a la mediaci\u00f3n del organismo.<\/p>\n<p style=\"font-weight: 400; text-align: justify;\"><strong><u>Dinero a favor de trabajadores<\/u><\/strong><\/p>\n<p style=\"font-weight: 400; text-align: justify;\">Una tercera responsabilidad de la Direcci\u00f3n del Trabajo es la de procurar acuerdos entre empleadores y trabajadores cuando al t\u00e9rmino de la relaci\u00f3n laboral estos \u00faltimos rechazan los finiquitos propuestos por considerar que los montos de dinero propuestos no son los que deben recibir.<\/p>\n<p style=\"font-weight: 400; text-align: justify;\">En la Regi\u00f3n de Ays\u00e9n, las principales causas de los reclamos tuvieron que ver con finiquitos, feriados legales y proporcionales, cotizaciones en las AFP y en el INP y aportes al seguro de cesant\u00eda.<\/p>\n<p style=\"font-weight: 400; text-align: justify;\">En los \u00faltimos tres a\u00f1os hubo 3.414 reclamos con distintos tipos de t\u00e9rmino. Los comparendos efectuados por la DRT permitieron alcanzar 1.500 acuerdos totales o parciales. Estos acuerdos permitieron recaudar $2.380.262.053 directamente al bolsillo de los reclamantes, a diferencia de las multas que castigan el com\u00fan de las infracciones, que son de beneficio fiscal.<\/p>\n<\/div><\/section><\/div><div  style='height:50px' class='hr hr-invisible   avia-builder-el-6  el_after_av_one_full  el_before_av_social_share '><span class='hr-inner ' ><span class='hr-inner-style'><\/span><\/span><\/div><\/p>\n<div  class='av-social-sharing-box  avia-builder-el-7  el_after_av_hr  el_before_av_hr  '><div class='av-share-box'><h5 class='av-share-link-description av-no-toc '>Compartir esta noticia<\/h5><ul class='av-share-box-list noLightbox'><li class='av-share-link av-social-link-facebook' ><a target=\"_blank\" aria-label=\"Compartir en Facebook\" href='https:\/\/www.facebook.com\/sharer.php?u=https:\/\/radiorevelacionfm.cl\/?p=64882&#038;t=Direcci%C3%B3n%20Regional%20del%20Trabajo%20de%20Ays%C3%A9n%20aplic%C3%B3%201.184%20multas%20y%20recuper%C3%B3%20m%C3%A1s%20de%202%20mil%20millones%20de%20pesos%20para%20trabajadores' aria-hidden='false' data-av_icon='\ue8f3' data-av_iconfont='entypo-fontello' title='' data-avia-related-tooltip='Compartir en Facebook' rel=\"noopener\"><span class='avia_hidden_link_text'>Compartir en Facebook<\/span><\/a><\/li><li class='av-share-link av-social-link-twitter' ><a target=\"_blank\" aria-label=\"Compartir en Twitter\" href='https:\/\/twitter.com\/share?text=Direcci%C3%B3n%20Regional%20del%20Trabajo%20de%20Ays%C3%A9n%20aplic%C3%B3%201.184%20multas%20y%20recuper%C3%B3%20m%C3%A1s%20de%202%20mil%20millones%20de%20pesos%20para%20trabajadores&#038;url=https:\/\/radiorevelacionfm.cl\/?p=64882' aria-hidden='false' data-av_icon='\ue8f1' data-av_iconfont='entypo-fontello' title='' data-avia-related-tooltip='Compartir en Twitter' rel=\"noopener\"><span class='avia_hidden_link_text'>Compartir en Twitter<\/span><\/a><\/li><li class='av-share-link av-social-link-whatsapp' ><a target=\"_blank\" aria-label=\"Compartir en Whatsapp\" href='https:\/\/api.whatsapp.com\/send?text=https:\/\/radiorevelacionfm.cl\/?p=64882' aria-hidden='false' data-av_icon='\uf232' data-av_iconfont='entypo-fontello' title='' data-avia-related-tooltip='Compartir en Whatsapp' rel=\"noopener\"><span class='avia_hidden_link_text'>Compartir en Whatsapp<\/span><\/a><\/li><li class='av-share-link av-social-link-linkedin' ><a target=\"_blank\" aria-label=\"Compartir en LinkedIn\" href='https:\/\/linkedin.com\/shareArticle?mini=true&#038;title=Direcci%C3%B3n%20Regional%20del%20Trabajo%20de%20Ays%C3%A9n%20aplic%C3%B3%201.184%20multas%20y%20recuper%C3%B3%20m%C3%A1s%20de%202%20mil%20millones%20de%20pesos%20para%20trabajadores&#038;url=https:\/\/radiorevelacionfm.cl\/?p=64882' aria-hidden='false' data-av_icon='\ue8fc' data-av_iconfont='entypo-fontello' title='' data-avia-related-tooltip='Compartir en LinkedIn' rel=\"noopener\"><span class='avia_hidden_link_text'>Compartir en LinkedIn<\/span><\/a><\/li><li class='av-share-link av-social-link-mail' ><a  aria-label=\"Compartir por correo\" href='mailto:?subject=Direcci%C3%B3n%20Regional%20del%20Trabajo%20de%20Ays%C3%A9n%20aplic%C3%B3%201.184%20multas%20y%20recuper%C3%B3%20m%C3%A1s%20de%202%20mil%20millones%20de%20pesos%20para%20trabajadores&#038;body=https:\/\/radiorevelacionfm.cl\/?p=64882' aria-hidden='false' data-av_icon='\ue805' data-av_iconfont='entypo-fontello' title='' data-avia-related-tooltip='Compartir por correo'><span class='avia_hidden_link_text'>Compartir por correo<\/span><\/a><\/li><\/ul><\/div><\/div>\n<div  style='height:50px' class='hr hr-invisible   avia-builder-el-8  el_after_av_social_share  el_before_av_comments_list '><span class='hr-inner ' ><span class='hr-inner-style'><\/span><\/span><\/div>\n<div  class='av-buildercomment  av-blog-meta-html-info-disabled av-blog-meta-tag-disabled  '><\/div>\n","protected":false},"excerpt":{"rendered":"","protected":false},"author":1,"featured_media":64883,"comment_status":"closed","ping_status":"closed","sticky":false,"template":"","format":"standard","meta":{"footnotes":""},"categories":[56],"tags":[],"class_list":["post-64882","post","type-post","status-publish","format-standard","has-post-thumbnail","hentry","category-trabajo"],"jetpack_featured_media_url":"https:\/\/radiorevelacionfm.cl\/wp-content\/uploads\/2026\/03\/06_optimized.03.2026-aysen4-1-1-1.jpg","_links":{"self":[{"href":"https:\/\/radiorevelacionfm.cl\/index.php?rest_route=\/wp\/v2\/posts\/64882","targetHints":{"allow":["GET"]}}],"collection":[{"href":"https:\/\/radiorevelacionfm.cl\/index.php?rest_route=\/wp\/v2\/posts"}],"about":[{"href":"https:\/\/radiorevelacionfm.cl\/index.php?rest_route=\/wp\/v2\/types\/post"}],"author":[{"embeddable":true,"href":"https:\/\/radiorevelacionfm.cl\/index.php?rest_route=\/wp\/v2\/users\/1"}],"replies":[{"embeddable":true,"href":"https:\/\/radiorevelacionfm.cl\/index.php?rest_route=%2Fwp%2Fv2%2Fcomments&post=64882"}],"version-history":[{"count":2,"href":"https:\/\/radiorevelacionfm.cl\/index.php?rest_route=\/wp\/v2\/posts\/64882\/revisions"}],"predecessor-version":[{"id":64885,"href":"https:\/\/radiorevelacionfm.cl\/index.php?rest_route=\/wp\/v2\/posts\/64882\/revisions\/64885"}],"wp:featuredmedia":[{"embeddable":true,"href":"https:\/\/radiorevelacionfm.cl\/index.php?rest_route=\/wp\/v2\/media\/64883"}],"wp:attachment":[{"href":"https:\/\/radiorevelacionfm.cl\/index.php?rest_route=%2Fwp%2Fv2%2Fmedia&parent=64882"}],"wp:term":[{"taxonomy":"category","embeddable":true,"href":"https:\/\/radiorevelacionfm.cl\/index.php?rest_route=%2Fwp%2Fv2%2Fcategories&post=64882"},{"taxonomy":"post_tag","embeddable":true,"href":"https:\/\/radiorevelacionfm.cl\/index.php?rest_route=%2Fwp%2Fv2%2Ftags&post=64882"}],"curies":[{"name":"wp","href":"https:\/\/api.w.org\/{rel}","templated":true}]}}