{"id":64876,"date":"2026-03-07T12:24:02","date_gmt":"2026-03-07T15:24:02","guid":{"rendered":"https:\/\/radiorevelacionfm.cl\/?p=64876"},"modified":"2026-03-07T12:24:02","modified_gmt":"2026-03-07T15:24:02","slug":"uaysen-recibe-a-325-nuevos-estudiantes-en-el-inicio-del-ano-academico-2026","status":"publish","type":"post","link":"https:\/\/radiorevelacionfm.cl\/?p=64876","title":{"rendered":"UAys\u00e9n recibe a 325 nuevos estudiantes en el inicio del a\u00f1o acad\u00e9mico 2026"},"content":{"rendered":"<div class=\"flex_column av_one_full  flex_column_div av-zero-column-padding first  avia-builder-el-0  el_before_av_one_full  avia-builder-el-first  \" style='border-radius:0px; '><div  class='avia-image-container  av-styling-    avia-builder-el-1  avia-builder-el-no-sibling  avia-align-center '  itemprop=\"image\" itemscope=\"itemscope\" itemtype=\"https:\/\/schema.org\/ImageObject\"  ><div class='avia-image-container-inner'><div class='avia-image-overlay-wrap'><img decoding=\"async\" class='wp-image-64878 avia-img-lazy-loading-not-64878 avia_image' src=\"https:\/\/radiorevelacionfm.cl\/wp-content\/uploads\/2026\/03\/1-2026-03-07t122132_optimized.403-1.jpeg\" alt='' title='1---2026-03-07t122132_optimized.403-(1)' height=\"600\" width=\"900\"  itemprop=\"thumbnailUrl\" srcset=\"https:\/\/radiorevelacionfm.cl\/wp-content\/uploads\/2026\/03\/1-2026-03-07t122132_optimized.403-1.jpeg 900w, https:\/\/radiorevelacionfm.cl\/wp-content\/uploads\/2026\/03\/1-2026-03-07t122132_optimized.403-1-300x200.jpeg 300w, https:\/\/radiorevelacionfm.cl\/wp-content\/uploads\/2026\/03\/1-2026-03-07t122132_optimized.403-1-768x512.jpeg 768w, https:\/\/radiorevelacionfm.cl\/wp-content\/uploads\/2026\/03\/1-2026-03-07t122132_optimized.403-1-705x470.jpeg 705w, https:\/\/radiorevelacionfm.cl\/wp-content\/uploads\/2026\/03\/1-2026-03-07t122132_optimized.403-1-450x300.jpeg 450w, https:\/\/radiorevelacionfm.cl\/wp-content\/uploads\/2026\/03\/1-2026-03-07t122132_optimized.403-1-600x400.jpeg 600w\" sizes=\"(max-width: 900px) 100vw, 900px\" \/><\/div><\/div><\/div><\/div><div class=\"flex_column av_one_full  flex_column_div av-zero-column-padding first  avia-builder-el-2  el_after_av_one_full  el_before_av_one_full  column-top-margin\" style='border-radius:0px; '><section class=\"av_textblock_section \"  itemscope=\"itemscope\" itemtype=\"https:\/\/schema.org\/BlogPosting\" itemprop=\"blogPost\" ><div class='avia_textblock  '   itemprop=\"text\" ><p style=\"text-align: center;\"><strong><span style=\"font-size: 18pt;\">UAys\u00e9n recibe a 325 nuevos estudiantes en el inicio del a\u00f1o acad\u00e9mico 2026<\/span><\/strong><\/p>\n<div id=\"gtx-trans\" style=\"position: absolute; left: -50px; top: 4.31534px;\">\n<div class=\"gtx-trans-icon\"><\/div>\n<\/div>\n<\/div><\/section><\/div><div class=\"flex_column av_one_full  flex_column_div av-zero-column-padding first  avia-builder-el-4  el_after_av_one_full  el_before_av_hr  column-top-margin\" style='border-radius:0px; '><section class=\"av_textblock_section \"  itemscope=\"itemscope\" itemtype=\"https:\/\/schema.org\/BlogPosting\" itemprop=\"blogPost\" ><div class='avia_textblock  '   itemprop=\"text\" ><ul>\n<li dir=\"ltr\">\n<p dir=\"ltr\" style=\"text-align: justify;\" role=\"presentation\"><em>La ceremonia se realiz\u00f3 en el marco de la Semana de Inducci\u00f3n y Nivelaci\u00f3n, instancia que marca el inicio de la vida universitaria para las y los nuevos estudiantes de la instituci\u00f3n.<\/em><\/p>\n<\/li>\n<\/ul>\n<p dir=\"ltr\" style=\"text-align: justify;\">La Universidad de Ays\u00e9n realiz\u00f3 su ceremonia de bienvenida oficial a la cohorte 2026, integrada por 325 nuevos estudiantes en una actividad desarrollada en el Centro Cultural en marco de la Semana de Inducci\u00f3n y Nivelaci\u00f3n. La actividad reuni\u00f3 a autoridades regionales y universitarias, acad\u00e9micos, acad\u00e9micas y equipos de apoyo estudiantil, marcando uno de los hitos centrales del inicio del a\u00f1o acad\u00e9mico para la casa de estudios estatal de la regi\u00f3n.<\/p>\n<p dir=\"ltr\" style=\"text-align: justify;\">Durante la jornada, las y los estudiantes participaron en una ceremonia institucional que incluy\u00f3 palabras de bienvenida de la Directora Acad\u00e9mica, Paulina Flores, del Rector de la Universidad de Ays\u00e9n, V\u00edctor Cubillos, y del Gobernador Regional de Ays\u00e9n, Marcelo Santana. Asimismo, se present\u00f3 un n\u00famero art\u00edstico a cargo de la Orquesta de C\u00e1mara de la Universidad de Ays\u00e9n, quienes interpretaron piezas de Mozart y \u201cTren al Sur\u201d de Los Prisioneros, generando un momento simb\u00f3lico de encuentro entre la comunidad universitaria y la nueva generaci\u00f3n de estudiantes provenientes desde distintas partes de la regi\u00f3n y del pa\u00eds.<\/p>\n<p dir=\"ltr\" style=\"text-align: justify;\">El rector de la Universidad de Ays\u00e9n, V\u00edctor Cubillos, destac\u00f3 el valor que tiene esta instancia para fortalecer la comunidad universitaria, se\u00f1alando que \u201clo m\u00e1s importante aqu\u00ed son nuestros estudiantes y tambi\u00e9n es muy importante que nos acompa\u00f1en los funcionarios y los acad\u00e9micos. Para nosotros es maravilloso tener al gobernador ac\u00e1, porque significa un respaldo a lo que significa la educaci\u00f3n p\u00fablica\u201d. Asimismo, subray\u00f3 la relevancia de la universidad como proyecto regional, afirmando que \u201cnuestra universidad es una universidad del Estado que tiene un rol muy relevante en la regi\u00f3n. Es una universidad que todo el mundo espera que se vaya concretando, que se vaya materializando y que juegue el rol que se espera de ella. Me refiero a que los estudiantes que salen de la educaci\u00f3n secundaria puedan tener la opci\u00f3n de desarrollar sus carreras profesionales en nuestra regi\u00f3n\u201d, enfatiz\u00f3.<\/p>\n<p dir=\"ltr\" style=\"text-align: justify;\">En esta misma l\u00ednea, el gobernador regional de Ays\u00e9n, Marcelo Santana, se refiri\u00f3 a los desaf\u00edos que enfrenta la regi\u00f3n en materia de formaci\u00f3n y desarrollo de capital humano, destacando que \u201ctenemos una fuga de talento impresionante cada a\u00f1o, de estudiantes que estudian ac\u00e1 o que salen a estudiar a otra regi\u00f3n y que no encuentran oportunidades en Ays\u00e9n. El gran desaf\u00edo que tenemos es que, independientemente de lo que uno quiera estudiar, de lo que uno quiera hacer o de d\u00f3nde uno se quiera desarrollar profesionalmente, esta sea una regi\u00f3n de oportunidades\u201d. Asimismo, enfatiz\u00f3 el compromiso del Gobierno Regional con este objetivo, afirmando que \u201ccreo que el fortalecimiento de la educaci\u00f3n y del talento humano regional es trascendental e importante para ello. Somos nosotros quienes finalmente tenemos la gran misi\u00f3n de transformar nuestra regi\u00f3n en una regi\u00f3n de oportunidades, y como Gobierno Regional estamos completamente sumados a ese prop\u00f3sito\u201d.<\/p>\n<p dir=\"ltr\" style=\"text-align: justify;\">Por su parte, la directora acad\u00e9mica de la Universidad de Ays\u00e9n, Paulina Flores, valor\u00f3 la participaci\u00f3n activa de la nueva generaci\u00f3n de estudiantes, se\u00f1alando que \u201ceste es un balance muy positivo para nuestra universidad, sobre todo por la oportunidad de comunicarlo a los nuevos estudiantes que ingresan. Estamos felices de recibirlos y tambi\u00e9n les deseamos un exitoso inicio de una nueva etapa de vida, en la que de seguro habr\u00e1 grandes cambios, no solo para ellos, sino tambi\u00e9n para sus familias y para nuestra regi\u00f3n\u201d.<\/p>\n<p dir=\"ltr\" style=\"text-align: justify;\">La ceremonia se desarroll\u00f3 como parte de la Semana de Inducci\u00f3n y Nivelaci\u00f3n, instancia que contempla talleres de inducci\u00f3n, diagn\u00f3sticos iniciales, nivelaci\u00f3n acad\u00e9mica en \u00e1reas como matem\u00e1ticas y lenguaje, adem\u00e1s de espacios de acompa\u00f1amiento y actividades recreativas para facilitar la adaptaci\u00f3n a la vida universitaria. En este contexto, durante la semana tambi\u00e9n se realiza el Festival de Bienvenida UAys\u00e9n 2026, con presentaciones musicales de artistas regionales como Thomy Fern\u00e1ndez y su banda, Trapananda, Quiero Vale 4, Libertaria Styla y Futuro Patag\u00f3n, generando espacios de encuentro y convivencia entre las y los estudiantes. Festival que fue posible gracias a un convenio entre la Universidad de Ays\u00e9n y la Seremi de las Culturas, las Artes y el Patrimonio de la Regi\u00f3n de Ays\u00e9n, lo que ha permitido incorporar m\u00fasica y actividades culturales al proceso de bienvenida universitaria.<\/p>\n<p dir=\"ltr\" style=\"text-align: justify;\">Una de las nuevas integrantes de la cohorte 2026, Paula Astudillo, estudiante de primer a\u00f1o de Obstetricia en la Universidad de Ays\u00e9n, comparti\u00f3 su experiencia durante los primeros d\u00edas de actividades acad\u00e9micas, destacando que \u201cla primera semana de nivelaciones fue muy acogedora. Me gust\u00f3 bastante la experiencia de la semana de inducci\u00f3n y para cualquier persona que est\u00e9 en cuarto medio este a\u00f1o y que est\u00e9 tomando la decisi\u00f3n de entrar a la universidad, se la recomiendo al 100%\u201d. Asimismo, agreg\u00f3 que \u201cyo pensaba que iba a ser un poco m\u00e1s r\u00edgido, porque la universidad es un tema mucho m\u00e1s serio, pero en realidad me hizo sentir bastante seguro con la decisi\u00f3n que tom\u00e9 de venir a estudiar ac\u00e1\u201d.<\/p>\n<\/div><\/section><\/div><div  style='height:50px' class='hr hr-invisible   avia-builder-el-6  el_after_av_one_full  el_before_av_social_share '><span class='hr-inner ' ><span class='hr-inner-style'><\/span><\/span><\/div><\/p>\n<div  class='av-social-sharing-box  avia-builder-el-7  el_after_av_hr  el_before_av_hr  '><div class='av-share-box'><h5 class='av-share-link-description av-no-toc '>Compartir esta noticia<\/h5><ul class='av-share-box-list noLightbox'><li class='av-share-link av-social-link-facebook' ><a target=\"_blank\" aria-label=\"Compartir en Facebook\" href='https:\/\/www.facebook.com\/sharer.php?u=https:\/\/radiorevelacionfm.cl\/?p=64876&#038;t=UAys%C3%A9n%20recibe%20a%20325%20nuevos%20estudiantes%20en%20el%20inicio%20del%20a%C3%B1o%20acad%C3%A9mico%202026' aria-hidden='false' data-av_icon='\ue8f3' data-av_iconfont='entypo-fontello' title='' data-avia-related-tooltip='Compartir en Facebook' rel=\"noopener\"><span class='avia_hidden_link_text'>Compartir en Facebook<\/span><\/a><\/li><li class='av-share-link av-social-link-twitter' ><a target=\"_blank\" aria-label=\"Compartir en Twitter\" href='https:\/\/twitter.com\/share?text=UAys%C3%A9n%20recibe%20a%20325%20nuevos%20estudiantes%20en%20el%20inicio%20del%20a%C3%B1o%20acad%C3%A9mico%202026&#038;url=https:\/\/radiorevelacionfm.cl\/?p=64876' aria-hidden='false' data-av_icon='\ue8f1' data-av_iconfont='entypo-fontello' title='' data-avia-related-tooltip='Compartir en Twitter' rel=\"noopener\"><span class='avia_hidden_link_text'>Compartir en Twitter<\/span><\/a><\/li><li class='av-share-link av-social-link-whatsapp' ><a target=\"_blank\" aria-label=\"Compartir en Whatsapp\" href='https:\/\/api.whatsapp.com\/send?text=https:\/\/radiorevelacionfm.cl\/?p=64876' aria-hidden='false' data-av_icon='\uf232' data-av_iconfont='entypo-fontello' title='' data-avia-related-tooltip='Compartir en Whatsapp' rel=\"noopener\"><span class='avia_hidden_link_text'>Compartir en Whatsapp<\/span><\/a><\/li><li class='av-share-link av-social-link-linkedin' ><a target=\"_blank\" aria-label=\"Compartir en LinkedIn\" href='https:\/\/linkedin.com\/shareArticle?mini=true&#038;title=UAys%C3%A9n%20recibe%20a%20325%20nuevos%20estudiantes%20en%20el%20inicio%20del%20a%C3%B1o%20acad%C3%A9mico%202026&#038;url=https:\/\/radiorevelacionfm.cl\/?p=64876' aria-hidden='false' data-av_icon='\ue8fc' data-av_iconfont='entypo-fontello' title='' data-avia-related-tooltip='Compartir en LinkedIn' rel=\"noopener\"><span class='avia_hidden_link_text'>Compartir en LinkedIn<\/span><\/a><\/li><li class='av-share-link av-social-link-mail' ><a  aria-label=\"Compartir por correo\" href='mailto:?subject=UAys%C3%A9n%20recibe%20a%20325%20nuevos%20estudiantes%20en%20el%20inicio%20del%20a%C3%B1o%20acad%C3%A9mico%202026&#038;body=https:\/\/radiorevelacionfm.cl\/?p=64876' aria-hidden='false' data-av_icon='\ue805' data-av_iconfont='entypo-fontello' title='' data-avia-related-tooltip='Compartir por correo'><span class='avia_hidden_link_text'>Compartir por correo<\/span><\/a><\/li><\/ul><\/div><\/div>\n<div  style='height:50px' class='hr hr-invisible   avia-builder-el-8  el_after_av_social_share  el_before_av_comments_list '><span class='hr-inner ' ><span class='hr-inner-style'><\/span><\/span><\/div>\n<div  class='av-buildercomment  av-blog-meta-html-info-disabled av-blog-meta-tag-disabled  '><\/div>\n","protected":false},"excerpt":{"rendered":"","protected":false},"author":1,"featured_media":64878,"comment_status":"closed","ping_status":"closed","sticky":false,"template":"","format":"standard","meta":{"footnotes":""},"categories":[49],"tags":[],"class_list":["post-64876","post","type-post","status-publish","format-standard","has-post-thumbnail","hentry","category-educacion"],"jetpack_featured_media_url":"https:\/\/radiorevelacionfm.cl\/wp-content\/uploads\/2026\/03\/1-2026-03-07t122132_optimized.403-1.jpeg","_links":{"self":[{"href":"https:\/\/radiorevelacionfm.cl\/index.php?rest_route=\/wp\/v2\/posts\/64876","targetHints":{"allow":["GET"]}}],"collection":[{"href":"https:\/\/radiorevelacionfm.cl\/index.php?rest_route=\/wp\/v2\/posts"}],"about":[{"href":"https:\/\/radiorevelacionfm.cl\/index.php?rest_route=\/wp\/v2\/types\/post"}],"author":[{"embeddable":true,"href":"https:\/\/radiorevelacionfm.cl\/index.php?rest_route=\/wp\/v2\/users\/1"}],"replies":[{"embeddable":true,"href":"https:\/\/radiorevelacionfm.cl\/index.php?rest_route=%2Fwp%2Fv2%2Fcomments&post=64876"}],"version-history":[{"count":2,"href":"https:\/\/radiorevelacionfm.cl\/index.php?rest_route=\/wp\/v2\/posts\/64876\/revisions"}],"predecessor-version":[{"id":64880,"href":"https:\/\/radiorevelacionfm.cl\/index.php?rest_route=\/wp\/v2\/posts\/64876\/revisions\/64880"}],"wp:featuredmedia":[{"embeddable":true,"href":"https:\/\/radiorevelacionfm.cl\/index.php?rest_route=\/wp\/v2\/media\/64878"}],"wp:attachment":[{"href":"https:\/\/radiorevelacionfm.cl\/index.php?rest_route=%2Fwp%2Fv2%2Fmedia&parent=64876"}],"wp:term":[{"taxonomy":"category","embeddable":true,"href":"https:\/\/radiorevelacionfm.cl\/index.php?rest_route=%2Fwp%2Fv2%2Fcategories&post=64876"},{"taxonomy":"post_tag","embeddable":true,"href":"https:\/\/radiorevelacionfm.cl\/index.php?rest_route=%2Fwp%2Fv2%2Ftags&post=64876"}],"curies":[{"name":"wp","href":"https:\/\/api.w.org\/{rel}","templated":true}]}}