{"id":64871,"date":"2026-03-06T22:03:21","date_gmt":"2026-03-07T01:03:21","guid":{"rendered":"https:\/\/radiorevelacionfm.cl\/?p=64871"},"modified":"2026-03-06T22:03:21","modified_gmt":"2026-03-07T01:03:21","slug":"dan-luz-verde-a-nueva-barcaza-para-el-lago-general-carrera-y-mop-refuerza-conectividad-con-dos-naves-operativas","status":"publish","type":"post","link":"https:\/\/radiorevelacionfm.cl\/?p=64871","title":{"rendered":"Dan luz verde a nueva barcaza para el Lago General Carrera y MOP refuerza conectividad con dos naves operativas"},"content":{"rendered":"<div class=\"flex_column av_one_full  flex_column_div av-zero-column-padding first  avia-builder-el-0  el_before_av_one_full  avia-builder-el-first  \" style='border-radius:0px; '><div  class='avia-image-container  av-styling-    avia-builder-el-1  avia-builder-el-no-sibling  avia-align-center '  itemprop=\"image\" itemscope=\"itemscope\" itemtype=\"https:\/\/schema.org\/ImageObject\"  ><div class='avia-image-container-inner'><div class='avia-image-overlay-wrap'><img decoding=\"async\" class='wp-image-64873 avia-img-lazy-loading-not-64873 avia_image' src=\"https:\/\/radiorevelacionfm.cl\/wp-content\/uploads\/2026\/03\/Barcaza-ChileChico1-1-1.jpg\" alt='' title='Barcaza ChileChico1 (1) (1)' height=\"600\" width=\"849\"  itemprop=\"thumbnailUrl\" srcset=\"https:\/\/radiorevelacionfm.cl\/wp-content\/uploads\/2026\/03\/Barcaza-ChileChico1-1-1.jpg 849w, https:\/\/radiorevelacionfm.cl\/wp-content\/uploads\/2026\/03\/Barcaza-ChileChico1-1-1-300x212.jpg 300w, https:\/\/radiorevelacionfm.cl\/wp-content\/uploads\/2026\/03\/Barcaza-ChileChico1-1-1-768x543.jpg 768w, https:\/\/radiorevelacionfm.cl\/wp-content\/uploads\/2026\/03\/Barcaza-ChileChico1-1-1-260x185.jpg 260w, https:\/\/radiorevelacionfm.cl\/wp-content\/uploads\/2026\/03\/Barcaza-ChileChico1-1-1-705x498.jpg 705w, https:\/\/radiorevelacionfm.cl\/wp-content\/uploads\/2026\/03\/Barcaza-ChileChico1-1-1-450x318.jpg 450w, https:\/\/radiorevelacionfm.cl\/wp-content\/uploads\/2026\/03\/Barcaza-ChileChico1-1-1-600x424.jpg 600w\" sizes=\"(max-width: 849px) 100vw, 849px\" \/><\/div><\/div><\/div><\/div><div class=\"flex_column av_one_full  flex_column_div av-zero-column-padding first  avia-builder-el-2  el_after_av_one_full  el_before_av_one_full  column-top-margin\" style='border-radius:0px; '><section class=\"av_textblock_section \"  itemscope=\"itemscope\" itemtype=\"https:\/\/schema.org\/BlogPosting\" itemprop=\"blogPost\" ><div class='avia_textblock  '   itemprop=\"text\" ><p style=\"text-align: center;\"><strong><span style=\"font-size: 18pt;\">Dan luz verde a nueva barcaza para el Lago General Carrera y MOP refuerza conectividad con dos naves operativas<\/span><\/strong><\/p>\n<div id=\"gtx-trans\" style=\"position: absolute; left: -50px; top: 4.31534px;\">\n<div class=\"gtx-trans-icon\"><\/div>\n<\/div>\n<\/div><\/section><\/div><div class=\"flex_column av_one_full  flex_column_div av-zero-column-padding first  avia-builder-el-4  el_after_av_one_full  el_before_av_hr  column-top-margin\" style='border-radius:0px; '><section class=\"av_textblock_section \"  itemscope=\"itemscope\" itemtype=\"https:\/\/schema.org\/BlogPosting\" itemprop=\"blogPost\" ><div class='avia_textblock  '   itemprop=\"text\" ><p style=\"text-align: justify;\"><em>La inversi\u00f3n de $24 mil millones permitir\u00e1 contar con un segundo transbordador para la ruta Puerto Ib\u00e1\u00f1ez\u2013Chile Chico, fortaleciendo la integraci\u00f3n territorial, la seguridad operativa y la continuidad del servicio en la Regi\u00f3n de Ays\u00e9n.<\/em><\/p>\n<p style=\"text-align: justify;\">La Contralor\u00eda General de la Rep\u00fablica tom\u00f3 raz\u00f3n del contrato para el dise\u00f1o y construcci\u00f3n de un nuevo transbordador di\u00e9sel\/el\u00e9ctrico que operar\u00e1 en el Lago General Carrera, en la Regi\u00f3n de Ays\u00e9n del General Carlos Ib\u00e1\u00f1ez del Campo, iniciativa impulsada por la Direcci\u00f3n de Obras Portuarias del Ministerio de Obras P\u00fablicas y que considera una inversi\u00f3n de 24 mil millones de pesos.<\/p>\n<p style=\"text-align: justify;\">Con esta aprobaci\u00f3n, se avanzar\u00e1 en la incorporaci\u00f3n de una segunda barcaza estatal para la ruta Puerto Ib\u00e1\u00f1ez\u2013Chile Chico, lo que permitir\u00e1 fortalecer significativamente la conectividad de uno de los territorios m\u00e1s aislados del pa\u00eds.<\/p>\n<p style=\"text-align: justify;\">La ministra de Obras P\u00fablicas, Jessica L\u00f3pez, destac\u00f3 que \u201cesta segunda barcaza del MOP es un compromiso que hicimos como Gobierno con la comunidad. En regiones como Ays\u00e9n, la conectividad no es un lujo, es una necesidad b\u00e1sica. Con dos naves estatales operativas garantizamos mayor continuidad, m\u00e1s seguridad y mejores condiciones para las familias que viven en torno al Lago General Carrera\u201d.<\/p>\n<p style=\"text-align: justify;\">Por su parte, El director nacional de la DOP, Ricardo Trigo, se\u00f1al\u00f3 que \u201ccon esta medida aseguramos que este servicio no se interrumpa, porque de \u00e9l dependen familias, trabajadores y emprendedores que necesitan mantener su movilidad y abastecimiento en forma permanente\u201d.<\/p>\n<p style=\"text-align: justify;\">Actualmente, en el lago operan dos barcazas: la Pilchero, de administraci\u00f3n privada y la \u201cLa Tehuelche\u201d, perteneciente al MOP, la que durante 2028 deber\u00e1 someterse a su primera carena. Este proceso implica la interrupci\u00f3n del servicio por 90 d\u00edas, por lo que, de no contar con una embarcaci\u00f3n alternativa de similares capacidades, se afectar\u00eda a los y las usuarias, quienes quedar\u00edan en una situaci\u00f3n de aislamiento territorial.<\/p>\n<p style=\"text-align: justify;\">En zonas donde la geograf\u00eda impone barreras naturales y no existen rutas terrestres alternativas eficientes, el transporte lacustre es esencial para el traslado de personas, veh\u00edculos, abastecimiento de bienes b\u00e1sicos, atenci\u00f3n de salud, acceso a educaci\u00f3n y desarrollo de actividades productivas.<\/p>\n<p style=\"text-align: justify;\"><strong>Caracter\u00edsticas del nuevo transbordador<\/strong><\/p>\n<p style=\"text-align: justify;\">La nueva embarcaci\u00f3n contar\u00e1 con est\u00e1ndares modernos de dise\u00f1o y operaci\u00f3n, y tendr\u00e1 las siguientes caracter\u00edsticas:<\/p>\n<p style=\"text-align: justify;\">Coyhaique, 4 de marzo 2026.- La Contralor\u00eda General de la Rep\u00fablica tom\u00f3 raz\u00f3n del contrato para el dise\u00f1o y construcci\u00f3n de un nuevo transbordador di\u00e9sel\/el\u00e9ctrico que operar\u00e1 en el Lago General Carrera, en la Regi\u00f3n de Ays\u00e9n del General Carlos Ib\u00e1\u00f1ez del Campo, iniciativa impulsada por la Direcci\u00f3n de Obras Portuarias del Ministerio de Obras P\u00fablicas y que considera una inversi\u00f3n de 24 mil millones de pesos.<\/p>\n<p style=\"text-align: justify;\">Con esta aprobaci\u00f3n, se avanzar\u00e1 en la incorporaci\u00f3n de una segunda barcaza estatal para la ruta Puerto Ib\u00e1\u00f1ez\u2013Chile Chico, lo que permitir\u00e1 fortalecer significativamente la conectividad de uno de los territorios m\u00e1s aislados del pa\u00eds.<\/p>\n<p style=\"text-align: justify;\">La ministra de Obras P\u00fablicas, Jessica L\u00f3pez, destac\u00f3 que \u201cesta segunda barcaza del MOP es un compromiso que hicimos como Gobierno con la comunidad. En regiones como Ays\u00e9n, la conectividad no es un lujo, es una necesidad b\u00e1sica. Con dos naves estatales operativas garantizamos mayor continuidad, m\u00e1s seguridad y mejores condiciones para las familias que viven en torno al Lago General Carrera\u201d.<\/p>\n<p style=\"text-align: justify;\">Por su parte, El director nacional de la DOP, Ricardo Trigo, se\u00f1al\u00f3 que \u201ccon esta medida aseguramos que este servicio no se interrumpa, porque de \u00e9l dependen familias, trabajadores y emprendedores que necesitan mantener su movilidad y abastecimiento en forma permanente\u201d.<\/p>\n<p style=\"text-align: justify;\">Actualmente, en el lago operan dos barcazas: la Pilchero, de administraci\u00f3n privada y la \u201cLa Tehuelche\u201d, perteneciente al MOP, la que durante 2028 deber\u00e1 someterse a su primera carena. Este proceso implica la interrupci\u00f3n del servicio por 90 d\u00edas, por lo que, de no contar con una embarcaci\u00f3n alternativa de similares capacidades, se afectar\u00eda a los y las usuarias, quienes quedar\u00edan en una situaci\u00f3n de aislamiento territorial.<\/p>\n<p style=\"text-align: justify;\">En zonas donde la geograf\u00eda impone barreras naturales y no existen rutas terrestres alternativas eficientes, el transporte lacustre es esencial para el traslado de personas, veh\u00edculos, abastecimiento de bienes b\u00e1sicos, atenci\u00f3n de salud, acceso a educaci\u00f3n y desarrollo de actividades productivas.<\/p>\n<p style=\"text-align: justify;\">La nueva embarcaci\u00f3n contar\u00e1 con est\u00e1ndares modernos de dise\u00f1o y operaci\u00f3n, y tendr\u00e1 las siguientes caracter\u00edsticas:<\/p>\n<p style=\"text-align: justify;\">Eslora total aproximada: 80 m.<\/p>\n<p style=\"text-align: justify;\">Eslora cubierta principal: 72 m.<\/p>\n<p style=\"text-align: justify;\">Manga moldeada: 18 m.<\/p>\n<p style=\"text-align: justify;\">Puntal al costado preliminar: 4,6 m.<\/p>\n<p style=\"text-align: justify;\">Calado de dise\u00f1o: 2,1 m.<\/p>\n<p style=\"text-align: justify;\">Capacidad de asientos de pasajeros: 300 asientos de sal\u00f3n.<\/p>\n<p style=\"text-align: justify;\">Capacidad de veh\u00edculos menores: 44 veh\u00edculos en cubierta.<\/p>\n<\/div><\/section><\/div><div  style='height:50px' class='hr hr-invisible   avia-builder-el-6  el_after_av_one_full  el_before_av_social_share '><span class='hr-inner ' ><span class='hr-inner-style'><\/span><\/span><\/div><\/p>\n<div  class='av-social-sharing-box  avia-builder-el-7  el_after_av_hr  el_before_av_hr  '><div class='av-share-box'><h5 class='av-share-link-description av-no-toc '>Compartir esta noticia<\/h5><ul class='av-share-box-list noLightbox'><li class='av-share-link av-social-link-facebook' ><a target=\"_blank\" aria-label=\"Compartir en Facebook\" href='https:\/\/www.facebook.com\/sharer.php?u=https:\/\/radiorevelacionfm.cl\/?p=64871&#038;t=Dan%20luz%20verde%20a%20nueva%20barcaza%20para%20el%20Lago%20General%20Carrera%20y%20MOP%20refuerza%20conectividad%20con%20dos%20naves%20operativas' aria-hidden='false' data-av_icon='\ue8f3' data-av_iconfont='entypo-fontello' title='' data-avia-related-tooltip='Compartir en Facebook' rel=\"noopener\"><span class='avia_hidden_link_text'>Compartir en Facebook<\/span><\/a><\/li><li class='av-share-link av-social-link-twitter' ><a target=\"_blank\" aria-label=\"Compartir en Twitter\" href='https:\/\/twitter.com\/share?text=Dan%20luz%20verde%20a%20nueva%20barcaza%20para%20el%20Lago%20General%20Carrera%20y%20MOP%20refuerza%20conectividad%20con%20dos%20naves%20operativas&#038;url=https:\/\/radiorevelacionfm.cl\/?p=64871' aria-hidden='false' data-av_icon='\ue8f1' data-av_iconfont='entypo-fontello' title='' data-avia-related-tooltip='Compartir en Twitter' rel=\"noopener\"><span class='avia_hidden_link_text'>Compartir en Twitter<\/span><\/a><\/li><li class='av-share-link av-social-link-whatsapp' ><a target=\"_blank\" aria-label=\"Compartir en Whatsapp\" href='https:\/\/api.whatsapp.com\/send?text=https:\/\/radiorevelacionfm.cl\/?p=64871' aria-hidden='false' data-av_icon='\uf232' data-av_iconfont='entypo-fontello' title='' data-avia-related-tooltip='Compartir en Whatsapp' rel=\"noopener\"><span class='avia_hidden_link_text'>Compartir en Whatsapp<\/span><\/a><\/li><li class='av-share-link av-social-link-linkedin' ><a target=\"_blank\" aria-label=\"Compartir en LinkedIn\" href='https:\/\/linkedin.com\/shareArticle?mini=true&#038;title=Dan%20luz%20verde%20a%20nueva%20barcaza%20para%20el%20Lago%20General%20Carrera%20y%20MOP%20refuerza%20conectividad%20con%20dos%20naves%20operativas&#038;url=https:\/\/radiorevelacionfm.cl\/?p=64871' aria-hidden='false' data-av_icon='\ue8fc' data-av_iconfont='entypo-fontello' title='' data-avia-related-tooltip='Compartir en LinkedIn' rel=\"noopener\"><span class='avia_hidden_link_text'>Compartir en LinkedIn<\/span><\/a><\/li><li class='av-share-link av-social-link-mail' ><a  aria-label=\"Compartir por correo\" href='mailto:?subject=Dan%20luz%20verde%20a%20nueva%20barcaza%20para%20el%20Lago%20General%20Carrera%20y%20MOP%20refuerza%20conectividad%20con%20dos%20naves%20operativas&#038;body=https:\/\/radiorevelacionfm.cl\/?p=64871' aria-hidden='false' data-av_icon='\ue805' data-av_iconfont='entypo-fontello' title='' data-avia-related-tooltip='Compartir por correo'><span class='avia_hidden_link_text'>Compartir por correo<\/span><\/a><\/li><\/ul><\/div><\/div>\n<div  style='height:50px' class='hr hr-invisible   avia-builder-el-8  el_after_av_social_share  el_before_av_comments_list '><span class='hr-inner ' ><span class='hr-inner-style'><\/span><\/span><\/div>\n<div  class='av-buildercomment  av-blog-meta-html-info-disabled av-blog-meta-tag-disabled  '><\/div>\n","protected":false},"excerpt":{"rendered":"","protected":false},"author":1,"featured_media":64873,"comment_status":"closed","ping_status":"closed","sticky":false,"template":"","format":"standard","meta":{"footnotes":""},"categories":[38],"tags":[],"class_list":["post-64871","post","type-post","status-publish","format-standard","has-post-thumbnail","hentry","category-regional"],"jetpack_featured_media_url":"https:\/\/radiorevelacionfm.cl\/wp-content\/uploads\/2026\/03\/Barcaza-ChileChico1-1-1.jpg","_links":{"self":[{"href":"https:\/\/radiorevelacionfm.cl\/index.php?rest_route=\/wp\/v2\/posts\/64871","targetHints":{"allow":["GET"]}}],"collection":[{"href":"https:\/\/radiorevelacionfm.cl\/index.php?rest_route=\/wp\/v2\/posts"}],"about":[{"href":"https:\/\/radiorevelacionfm.cl\/index.php?rest_route=\/wp\/v2\/types\/post"}],"author":[{"embeddable":true,"href":"https:\/\/radiorevelacionfm.cl\/index.php?rest_route=\/wp\/v2\/users\/1"}],"replies":[{"embeddable":true,"href":"https:\/\/radiorevelacionfm.cl\/index.php?rest_route=%2Fwp%2Fv2%2Fcomments&post=64871"}],"version-history":[{"count":2,"href":"https:\/\/radiorevelacionfm.cl\/index.php?rest_route=\/wp\/v2\/posts\/64871\/revisions"}],"predecessor-version":[{"id":64875,"href":"https:\/\/radiorevelacionfm.cl\/index.php?rest_route=\/wp\/v2\/posts\/64871\/revisions\/64875"}],"wp:featuredmedia":[{"embeddable":true,"href":"https:\/\/radiorevelacionfm.cl\/index.php?rest_route=\/wp\/v2\/media\/64873"}],"wp:attachment":[{"href":"https:\/\/radiorevelacionfm.cl\/index.php?rest_route=%2Fwp%2Fv2%2Fmedia&parent=64871"}],"wp:term":[{"taxonomy":"category","embeddable":true,"href":"https:\/\/radiorevelacionfm.cl\/index.php?rest_route=%2Fwp%2Fv2%2Fcategories&post=64871"},{"taxonomy":"post_tag","embeddable":true,"href":"https:\/\/radiorevelacionfm.cl\/index.php?rest_route=%2Fwp%2Fv2%2Ftags&post=64871"}],"curies":[{"name":"wp","href":"https:\/\/api.w.org\/{rel}","templated":true}]}}