{"id":6487,"date":"2021-07-21T13:29:11","date_gmt":"2021-07-21T16:29:11","guid":{"rendered":"https:\/\/radiorevelacionfm.cl\/?p=6487"},"modified":"2021-07-21T13:29:11","modified_gmt":"2021-07-21T16:29:11","slug":"lanzan-nuevo-credito-que-busca-potenciar-proyectos-de-economia-circular","status":"publish","type":"post","link":"https:\/\/radiorevelacionfm.cl\/?p=6487","title":{"rendered":"Lanzan nuevo cr\u00e9dito que busca potenciar proyectos de econom\u00eda circular"},"content":{"rendered":"<div class=\"flex_column av_one_full  flex_column_div av-zero-column-padding first  avia-builder-el-0  el_before_av_one_full  avia-builder-el-first  \" style='border-radius:0px; '><div  class='avia-image-container  av-styling-    avia-builder-el-1  avia-builder-el-no-sibling  avia-align-center '  itemprop=\"image\" itemscope=\"itemscope\" itemtype=\"https:\/\/schema.org\/ImageObject\"  ><div class='avia-image-container-inner'><div class='avia-image-overlay-wrap'><img decoding=\"async\" class='wp-image-6488 avia-img-lazy-loading-not-6488 avia_image' src=\"https:\/\/radiorevelacionfm.cl\/wp-content\/uploads\/2021\/07\/IMG-01-1-1.jpg\" alt='' title='IMG 01 (1) (1)' height=\"600\" width=\"802\"  itemprop=\"thumbnailUrl\" srcset=\"https:\/\/radiorevelacionfm.cl\/wp-content\/uploads\/2021\/07\/IMG-01-1-1.jpg 802w, https:\/\/radiorevelacionfm.cl\/wp-content\/uploads\/2021\/07\/IMG-01-1-1-300x224.jpg 300w, https:\/\/radiorevelacionfm.cl\/wp-content\/uploads\/2021\/07\/IMG-01-1-1-768x575.jpg 768w, https:\/\/radiorevelacionfm.cl\/wp-content\/uploads\/2021\/07\/IMG-01-1-1-705x527.jpg 705w, https:\/\/radiorevelacionfm.cl\/wp-content\/uploads\/2021\/07\/IMG-01-1-1-600x449.jpg 600w\" sizes=\"(max-width: 802px) 100vw, 802px\" \/><\/div><\/div><\/div><\/div><div class=\"flex_column av_one_full  flex_column_div av-zero-column-padding first  avia-builder-el-2  el_after_av_one_full  el_before_av_one_full  column-top-margin\" style='border-radius:0px; '><section class=\"av_textblock_section \"  itemscope=\"itemscope\" itemtype=\"https:\/\/schema.org\/BlogPosting\" itemprop=\"blogPost\" ><div class='avia_textblock  '   itemprop=\"text\" ><p style=\"text-align: center;\"><strong><span style=\"font-size: 18pt;\">Lanzan nuevo cr\u00e9dito que busca potenciar proyectos de econom\u00eda circular<\/span><\/strong><\/p>\n<div id=\"gtx-trans\" style=\"position: absolute; left: -50px; top: 4.31534px;\">\n<div class=\"gtx-trans-icon\"><\/div>\n<\/div>\n<\/div><\/section><\/div><div class=\"flex_column av_one_full  flex_column_div av-zero-column-padding first  avia-builder-el-4  el_after_av_one_full  el_before_av_hr  column-top-margin\" style='border-radius:0px; '><section class=\"av_textblock_section \"  itemscope=\"itemscope\" itemtype=\"https:\/\/schema.org\/BlogPosting\" itemprop=\"blogPost\" ><div class='avia_textblock  '   itemprop=\"text\" ><p style=\"text-align: justify;\">BancoEstado junto a Corfo y el Ministerio de Medio Ambiente, lanzaron nuevo <a href=\"https:\/\/www.bancoestado.cl\/imagenes\/_campanas\/mundo-verde\/financiamiento_economia_circular.asp\">Cr\u00e9dito de Econom\u00eda Circular<\/a>, producto que busca potenciar a las empresas que est\u00e1n comprometidas con el cuidado del medio ambiente y que reutilizan, reciclan y usan de manera responsable los recursos del planeta.<\/p>\n<p style=\"text-align: justify;\">El pr\u00e9stamo cuenta con una tasa de inter\u00e9s preferencial, y servir\u00e1 para financiar capital de trabajo e inversi\u00f3n, apuntando a fomentar una reactivaci\u00f3n econ\u00f3mica sostenible.<\/p>\n<p style=\"text-align: justify;\">El presidente de BancoEstado, Ricardo de Tezanos Pinto, explic\u00f3 que la iniciativa llega a reforzar considerablemente al programa <a href=\"https:\/\/www.bancoestado.cl\/imagenes\/_campanas\/mundo-verde\/index.asp\">Mundo Verde<\/a> de la entidad estatal, lanzado en 2020, el cual reuni\u00f3 una serie de iniciativas que permiten apoyar a los distintos negocios que est\u00e1n desarrollando productos amigables con la naturaleza. \u201cDe esa forma BancoEstado confirma su compromiso con el ecosistema, con los emprendedores, con las microempresas que se est\u00e1n desarrollando, que est\u00e1n generando productos amigables con el entorno y que tambi\u00e9n permiten poner en pie al pa\u00eds y colaborar con la reactivaci\u00f3n, que es un objetivo que, como banco, tenemos\u201d, coment\u00f3.<\/p>\n<p style=\"text-align: justify;\">En tanto, el vicepresidente ejecutivo de Corfo, Pablo Terrazas, se\u00f1al\u00f3 que el convenio impulsado \u201cnos permite aportar al pa\u00eds en materia de sostenibilidad y cuidado del medio ambiente, potenciando iniciativas de econom\u00eda circular con altos niveles de innovaci\u00f3n en tiempos donde la lucha contra el calentamiento global y la disminuci\u00f3n de la generaci\u00f3n de residuos son un imperativo\u201d.<\/p>\n<p style=\"text-align: justify;\">Agreg\u00f3 que \u201cesto nos ayudar\u00e1 a promover un desarrollo limpio del pa\u00eds, pero, sobre todo, reactivar nuestra econom\u00eda de forma sostenible, a trav\u00e9s de la fuerza emprendedora, que hoy tanto necesitamos\u201d.<\/p>\n<p style=\"text-align: justify;\">Por su parte, la ministra de Medio Ambiente, Carolina Schmidt, consign\u00f3 que \u201cno existe contradicci\u00f3n entre el crecimiento econ\u00f3mico y cuidado del medio ambiente cuando entendemos que la econom\u00eda circular, el desarrollo bajo en emisiones y resiliente al clima, es lo que nos permitir\u00e1 tener grandes oportunidades de crecimiento futuro para Chile. Es por esto que esta l\u00ednea de financiamiento preferencial para proyectos circulares nos ayudar\u00e1 a reactivar nuestra econom\u00eda de manera sustentable, creando empleos verdes y promover el desarrollo limpio\u201d.<\/p>\n<p style=\"text-align: justify;\">Finalmente, Cristi\u00e1n Lara, director y fundador de Reciclapp, sostuvo que \u201cla apertura de este fondo es un gran paso para seguir esta meta. La econom\u00eda circular, el impacto social y los emprendedores que se dedican a este rubro, que est\u00e9n en este mercado, van a liderar la econom\u00eda del pa\u00eds\u201d.<\/p>\n<p style=\"text-align: justify;\"><a href=\"http:\/\/reciclapp.cl\/\">Recilapp<\/a> es una aplicaci\u00f3n m\u00f3vil que obtuvo apoyo de Corfo, y que permite unir a las personas que quieran reciclar (empresas, comercios, comunidades) con recicladores.<\/p>\n<p style=\"text-align: justify;\">Podr\u00e1n acceder a este financiamiento todas las empresas que hayan participado con proyectos en econom\u00eda circular y hayan sido beneficiados con subsidio de Corfo en los programas:<\/p>\n<ul style=\"text-align: justify;\">\n<li>Prototipos de Innovaci\u00f3n-Econom\u00eda Circular<\/li>\n<li>Crea y Valida-Econom\u00eda Circular<\/li>\n<li>Consolida y Expande-Reactivaci\u00f3n Sostenible<\/li>\n<\/ul>\n<p style=\"text-align: justify;\">Adem\u00e1s, tambi\u00e9n podr\u00e1 ser solicitado por todas las empresas con <a href=\"https:\/\/www.ascc.cl\/pagina\/sello_apl\">certificaci\u00f3n APL &#8211; Acuerdo de Producci\u00f3n Limpia<\/a> vigente o en etapa de implementaci\u00f3n, asociado a la tem\u00e1tica de econom\u00eda circular, a trav\u00e9s de la Agencia de Sustentabilidad y Cambio Clim\u00e1tico.<\/p>\n<p style=\"text-align: justify;\"><a href=\"https:\/\/cutt.ly\/3m26uQz\"><strong>M\u00e1s informaci\u00f3n ingresa ac\u00e1<\/strong><\/a><\/p>\n<\/div><\/section><\/div><div  style='height:50px' class='hr hr-invisible   avia-builder-el-6  el_after_av_one_full  el_before_av_social_share '><span class='hr-inner ' ><span class='hr-inner-style'><\/span><\/span><\/div><\/p>\n<div  class='av-social-sharing-box  avia-builder-el-7  el_after_av_hr  el_before_av_hr  '><div class='av-share-box'><h5 class='av-share-link-description av-no-toc '>Compartir esta noticia<\/h5><ul class='av-share-box-list noLightbox'><li class='av-share-link av-social-link-facebook' ><a target=\"_blank\" aria-label=\"Compartir en Facebook\" href='https:\/\/www.facebook.com\/sharer.php?u=https:\/\/radiorevelacionfm.cl\/?p=6487&#038;t=Lanzan%20nuevo%20cr%C3%A9dito%20que%20busca%20potenciar%20proyectos%20de%20econom%C3%ADa%20circular' aria-hidden='false' data-av_icon='\ue8f3' data-av_iconfont='entypo-fontello' title='' data-avia-related-tooltip='Compartir en Facebook' rel=\"noopener\"><span class='avia_hidden_link_text'>Compartir en Facebook<\/span><\/a><\/li><li class='av-share-link av-social-link-twitter' ><a target=\"_blank\" aria-label=\"Compartir en Twitter\" href='https:\/\/twitter.com\/share?text=Lanzan%20nuevo%20cr%C3%A9dito%20que%20busca%20potenciar%20proyectos%20de%20econom%C3%ADa%20circular&#038;url=https:\/\/radiorevelacionfm.cl\/?p=6487' aria-hidden='false' data-av_icon='\ue8f1' data-av_iconfont='entypo-fontello' title='' data-avia-related-tooltip='Compartir en Twitter' rel=\"noopener\"><span class='avia_hidden_link_text'>Compartir en Twitter<\/span><\/a><\/li><li class='av-share-link av-social-link-whatsapp' ><a target=\"_blank\" aria-label=\"Compartir en Whatsapp\" href='https:\/\/api.whatsapp.com\/send?text=https:\/\/radiorevelacionfm.cl\/?p=6487' aria-hidden='false' data-av_icon='\uf232' data-av_iconfont='entypo-fontello' title='' data-avia-related-tooltip='Compartir en Whatsapp' rel=\"noopener\"><span class='avia_hidden_link_text'>Compartir en Whatsapp<\/span><\/a><\/li><li class='av-share-link av-social-link-linkedin' ><a target=\"_blank\" aria-label=\"Compartir en LinkedIn\" href='https:\/\/linkedin.com\/shareArticle?mini=true&#038;title=Lanzan%20nuevo%20cr%C3%A9dito%20que%20busca%20potenciar%20proyectos%20de%20econom%C3%ADa%20circular&#038;url=https:\/\/radiorevelacionfm.cl\/?p=6487' aria-hidden='false' data-av_icon='\ue8fc' data-av_iconfont='entypo-fontello' title='' data-avia-related-tooltip='Compartir en LinkedIn' rel=\"noopener\"><span class='avia_hidden_link_text'>Compartir en LinkedIn<\/span><\/a><\/li><li class='av-share-link av-social-link-mail' ><a  aria-label=\"Compartir por correo\" href='mailto:?subject=Lanzan%20nuevo%20cr%C3%A9dito%20que%20busca%20potenciar%20proyectos%20de%20econom%C3%ADa%20circular&#038;body=https:\/\/radiorevelacionfm.cl\/?p=6487' aria-hidden='false' data-av_icon='\ue805' data-av_iconfont='entypo-fontello' title='' data-avia-related-tooltip='Compartir por correo'><span class='avia_hidden_link_text'>Compartir por correo<\/span><\/a><\/li><\/ul><\/div><\/div>\n<div  style='height:50px' class='hr hr-invisible   avia-builder-el-8  el_after_av_social_share  el_before_av_comments_list '><span class='hr-inner ' ><span class='hr-inner-style'><\/span><\/span><\/div>\n<div  class='av-buildercomment  av-blog-meta-html-info-disabled av-blog-meta-tag-disabled  '><\/div>\n","protected":false},"excerpt":{"rendered":"","protected":false},"author":1,"featured_media":6488,"comment_status":"open","ping_status":"open","sticky":false,"template":"","format":"standard","meta":{"footnotes":""},"categories":[37],"tags":[],"class_list":["post-6487","post","type-post","status-publish","format-standard","has-post-thumbnail","hentry","category-economia"],"jetpack_featured_media_url":"https:\/\/radiorevelacionfm.cl\/wp-content\/uploads\/2021\/07\/IMG-01-1-1.jpg","_links":{"self":[{"href":"https:\/\/radiorevelacionfm.cl\/index.php?rest_route=\/wp\/v2\/posts\/6487","targetHints":{"allow":["GET"]}}],"collection":[{"href":"https:\/\/radiorevelacionfm.cl\/index.php?rest_route=\/wp\/v2\/posts"}],"about":[{"href":"https:\/\/radiorevelacionfm.cl\/index.php?rest_route=\/wp\/v2\/types\/post"}],"author":[{"embeddable":true,"href":"https:\/\/radiorevelacionfm.cl\/index.php?rest_route=\/wp\/v2\/users\/1"}],"replies":[{"embeddable":true,"href":"https:\/\/radiorevelacionfm.cl\/index.php?rest_route=%2Fwp%2Fv2%2Fcomments&post=6487"}],"version-history":[{"count":1,"href":"https:\/\/radiorevelacionfm.cl\/index.php?rest_route=\/wp\/v2\/posts\/6487\/revisions"}],"predecessor-version":[{"id":6489,"href":"https:\/\/radiorevelacionfm.cl\/index.php?rest_route=\/wp\/v2\/posts\/6487\/revisions\/6489"}],"wp:featuredmedia":[{"embeddable":true,"href":"https:\/\/radiorevelacionfm.cl\/index.php?rest_route=\/wp\/v2\/media\/6488"}],"wp:attachment":[{"href":"https:\/\/radiorevelacionfm.cl\/index.php?rest_route=%2Fwp%2Fv2%2Fmedia&parent=6487"}],"wp:term":[{"taxonomy":"category","embeddable":true,"href":"https:\/\/radiorevelacionfm.cl\/index.php?rest_route=%2Fwp%2Fv2%2Fcategories&post=6487"},{"taxonomy":"post_tag","embeddable":true,"href":"https:\/\/radiorevelacionfm.cl\/index.php?rest_route=%2Fwp%2Fv2%2Ftags&post=6487"}],"curies":[{"name":"wp","href":"https:\/\/api.w.org\/{rel}","templated":true}]}}