{"id":64865,"date":"2026-03-07T17:33:17","date_gmt":"2026-03-07T20:33:17","guid":{"rendered":"https:\/\/radiorevelacionfm.cl\/?p=64865"},"modified":"2026-03-07T17:33:17","modified_gmt":"2026-03-07T20:33:17","slug":"un-reencuentro-que-sana-hospitales-publicos-abren-sus-puertas-para-que-mascotas-visiten-a-sus-humanos-hospitalizados","status":"publish","type":"post","link":"https:\/\/radiorevelacionfm.cl\/?p=64865","title":{"rendered":"Un reencuentro que sana: hospitales p\u00fablicos abren sus puertas para que mascotas visiten a sus humanos hospitalizados"},"content":{"rendered":"<div class=\"flex_column av_one_full  flex_column_div av-zero-column-padding first  avia-builder-el-0  el_before_av_one_full  avia-builder-el-first  \" style='border-radius:0px; '><div  class='avia-image-container  av-styling-    avia-builder-el-1  avia-builder-el-no-sibling  avia-align-center '  itemprop=\"image\" itemscope=\"itemscope\" itemtype=\"https:\/\/schema.org\/ImageObject\"  ><div class='avia-image-container-inner'><div class='avia-image-overlay-wrap'><img decoding=\"async\" class='wp-image-64866 avia-img-lazy-loading-not-64866 avia_image' src=\"https:\/\/radiorevelacionfm.cl\/wp-content\/uploads\/2026\/03\/WhatsApp-Image-2026-03-05-at-18.10.05-1-1.jpeg\" alt='' title='WhatsApp Image 2026-03-05 at 18.10.05 (1) (1)' height=\"600\" width=\"901\"  itemprop=\"thumbnailUrl\" srcset=\"https:\/\/radiorevelacionfm.cl\/wp-content\/uploads\/2026\/03\/WhatsApp-Image-2026-03-05-at-18.10.05-1-1.jpeg 901w, https:\/\/radiorevelacionfm.cl\/wp-content\/uploads\/2026\/03\/WhatsApp-Image-2026-03-05-at-18.10.05-1-1-300x200.jpeg 300w, https:\/\/radiorevelacionfm.cl\/wp-content\/uploads\/2026\/03\/WhatsApp-Image-2026-03-05-at-18.10.05-1-1-768x511.jpeg 768w, https:\/\/radiorevelacionfm.cl\/wp-content\/uploads\/2026\/03\/WhatsApp-Image-2026-03-05-at-18.10.05-1-1-705x469.jpeg 705w, https:\/\/radiorevelacionfm.cl\/wp-content\/uploads\/2026\/03\/WhatsApp-Image-2026-03-05-at-18.10.05-1-1-450x300.jpeg 450w, https:\/\/radiorevelacionfm.cl\/wp-content\/uploads\/2026\/03\/WhatsApp-Image-2026-03-05-at-18.10.05-1-1-600x400.jpeg 600w\" sizes=\"(max-width: 901px) 100vw, 901px\" \/><\/div><\/div><\/div><\/div><div class=\"flex_column av_one_full  flex_column_div av-zero-column-padding first  avia-builder-el-2  el_after_av_one_full  el_before_av_one_full  column-top-margin\" style='border-radius:0px; '><section class=\"av_textblock_section \"  itemscope=\"itemscope\" itemtype=\"https:\/\/schema.org\/BlogPosting\" itemprop=\"blogPost\" ><div class='avia_textblock  '   itemprop=\"text\" ><p style=\"text-align: center;\"><strong><span style=\"font-size: 18pt;\">Un reencuentro que sana: hospitales p\u00fablicos abren sus puertas para que mascotas visiten a sus humanos hospitalizados<\/span><\/strong><\/p>\n<div id=\"gtx-trans\" style=\"position: absolute; left: -50px; top: 4.31534px;\">\n<div class=\"gtx-trans-icon\"><\/div>\n<\/div>\n<\/div><\/section><\/div><div class=\"flex_column av_one_full  flex_column_div av-zero-column-padding first  avia-builder-el-4  el_after_av_one_full  el_before_av_hr  column-top-margin\" style='border-radius:0px; '><section class=\"av_textblock_section \"  itemscope=\"itemscope\" itemtype=\"https:\/\/schema.org\/BlogPosting\" itemprop=\"blogPost\" ><div class='avia_textblock  '   itemprop=\"text\" ><ul>\n<li style=\"text-align: justify;\"><em>La medida ya se encuentra activa en 15 recintos hospitalarios de nuestro pa\u00eds y busca contribuir en la recuperaci\u00f3n tanto f\u00edsica como psicol\u00f3gica de los pacientes, pero tambi\u00e9n el bienestar de las mascotas, reconociendo el relevante v\u00ednculo que los animales han alcanzado como parte de la familia chilena.<\/em><\/li>\n<\/ul>\n<p style=\"text-align: justify;\">Luna mov\u00eda la cola con entusiasmo mientras avanzaba por el pasillo del Hospital Eduardo Pereira de Valpara\u00edso. Un poco m\u00e1s all\u00e1, tras una puerta, en una sala de recuperaci\u00f3n, la esperaba Jessica Morales Mur\u00faa, su humana, quien lleva varios d\u00edas internada. Cuando sus ojos se encontraron la emoci\u00f3n inund\u00f3 el lugar: no sobraron las caricias, los te quiero y un momento de compa\u00f1\u00eda que, por unos minutos, hizo olvidar una enfermedad.<\/p>\n<p style=\"text-align: justify;\">\u201cEste momento fue algo maravilloso, les hace bien a los pacientes y tambi\u00e9n a las mascotas, porque as\u00ed saben que no fueron abandonadas y tambi\u00e9n a nosotros porque nos ayuda mucho en nuestro estado de salud. Yo pensaba mucho en ella, porque es una perrita con apego ansioso y estaba con depresi\u00f3n en la casa porque no me ve\u00eda y tenerla ac\u00e1 me hace muy feliz\u201d, cont\u00f3 Jessica sin dejar de acariciar a Luna en ning\u00fan instante.<\/p>\n<p style=\"text-align: justify;\">El reencuentro fue posible gracias a una nueva iniciativa que permite el ingreso de perros familiares a unidades de hospitalizaci\u00f3n en recintos p\u00fablicos del pa\u00eds. Todo un cuadro de emociones que presenci\u00f3 el Subsecretario de Redes Asistenciales, Eduardo Martorell, quien visit\u00f3 el recinto para conocer, en terreno, la implementaci\u00f3n de estos protocolos, que comenzaron a aplicarse en junio de 2025 y que ya est\u00e1n presentes en 15 hospitales de la red p\u00fablica.<\/p>\n<p style=\"text-align: justify;\">\u201cLlevamos 20 a\u00f1os aprendiendo, con la estrategia Hospital Amigo, que la recuperaci\u00f3n es m\u00e1s r\u00e1pida cuando el paciente est\u00e1 acompa\u00f1ado de su familia. Hoy las familias han cambiado y las mascotas son un miembro m\u00e1s de los hogares chilenos; por eso, nuestras redes de salud tambi\u00e9n deben evolucionar para garantizar no solo calidad, sino tambi\u00e9n calidez en la atenci\u00f3n\u201d, destac\u00f3 la autoridad.<\/p>\n<p style=\"text-align: justify;\">La normativa que permite estas visitas surge como respuesta a las m\u00faltiples consultas realizadas por equipos hospitalarios a lo largo del pa\u00eds, que buscaban formalizar un v\u00ednculo que ya se reconoc\u00eda como significativo para muchos pacientes.<\/p>\n<p style=\"text-align: justify;\">\u201cNo es un permiso generalizado ni un derecho universal exigible, sino una herramienta t\u00e9cnica que permite evaluar caso a caso. Es una medida prudente: reconoce v\u00ednculos que importan, pero se aplica solo cuando es cl\u00ednicamente pertinente y sanitariamente seguro\u201d, explic\u00f3 el Subsecretario.<\/p>\n<p style=\"text-align: justify;\"><strong>Experiencia pionera en Valpara\u00edso<\/strong><\/p>\n<p style=\"text-align: justify;\">La directora del Hospital Eduardo Pereira, Daniela Siegmund, explic\u00f3 que la iniciativa se inserta dentro de las estrategias de humanizaci\u00f3n impulsadas por el Ministerio de Salud y que ha mostrado beneficios concretos en el bienestar emocional de los pacientes.<\/p>\n<p style=\"text-align: justify;\">\u201cLa interacci\u00f3n con animales ha demostrado tener un importante valor terap\u00e9utico en el \u00e1mbito de la salud. Contribuye a disminuir la ansiedad, el estr\u00e9s y favorece el bienestar emocional de los pacientes. En ese marco, nuestro hospital inici\u00f3 en febrero de 2025 un programa de visitas de mascotas a pacientes hospitalizados\u201d, se\u00f1al\u00f3.<\/p>\n<p style=\"text-align: justify;\">Para garantizar la seguridad sanitaria, el programa funciona bajo estrictos protocolos elaborados junto a la Unidad de Infecciones Asociadas a la Atenci\u00f3n de Salud (IAS).<\/p>\n<p style=\"text-align: justify;\">Las visitas son previamente coordinadas y autorizadas por el paciente, con una duraci\u00f3n m\u00e1xima de 30 minutos. Antes del ingreso se aplica un checklist que considera, entre otros aspectos, la verificaci\u00f3n del estado de salud del animal, su esquema de vacunaci\u00f3n al d\u00eda, un ba\u00f1o previo y medidas de higiene y control del entorno.<\/p>\n<p style=\"text-align: justify;\">Adem\u00e1s, el protocolo contempla criterios de exclusi\u00f3n destinados a proteger a los pacientes y equipos cl\u00ednicos, evitando visitas en casos de inmunosupresi\u00f3n severa, heridas quir\u00fargicas abiertas o presencia de bacterias multirresistentes. Tambi\u00e9n se excluye a cachorros menores de seis meses o animales que presenten condiciones sanitarias que puedan representar un riesgo.<\/p>\n<p style=\"text-align: justify;\">Seg\u00fan la directora, los resultados han sido altamente positivos y destaca que \u201chemos tenido una alta satisfacci\u00f3n usuaria y un impacto favorable en el estado an\u00edmico de nuestros pacientes. Muchos de ellos manifiestan sentirse acompa\u00f1ados y emocionalmente fortalecidos tras la visita de sus mascotas\u201d, afirm\u00f3.<\/p>\n<p style=\"text-align: justify;\">Asimismo, recalc\u00f3 que desde el punto de vista sanitario no se han detectado infecciones asociadas a esta pr\u00e1ctica, lo que confirma la efectividad de los protocolos implementados.<\/p>\n<p style=\"text-align: justify;\">\u201cEsto demuestra que es posible desarrollar estrategias de humanizaci\u00f3n seguras en el entorno hospitalario. La innovaci\u00f3n y la excelencia cl\u00ednica pueden avanzar de manera complementaria, fortaleciendo la experiencia de los pacientes sin comprometer los est\u00e1ndares de calidad y seguridad\u201d, agreg\u00f3.<\/p>\n<p style=\"text-align: justify;\"><strong>Gradualidad en la red p\u00fablica<\/strong><\/p>\n<p style=\"text-align: justify;\">A seis meses de la emisi\u00f3n de la normativa (circular N\u00b03 de 2025), 15 hospitales de la red p\u00fablica ya cuentan con protocolos implementados. La Regi\u00f3n de Valpara\u00edso destaca entre las pioneras, con tres establecimientos que ya desarrollan esta pr\u00e1ctica: el Hospital Gustavo Fricke, el Hospital Carlos Van Buren y el Hospital Eduardo Pereira.<\/p>\n<p style=\"text-align: justify;\">\u201cEstamos partiendo solo con perros porque en salud p\u00fablica la gradualidad nos permite ajustar y aprender. Mientras seguimos trabajando en mejorar el acceso y la eficiencia \u2014como lo hicimos en 2025 reduciendo las listas de espera\u2014 no descuidamos el trato y la atenci\u00f3n centrada en las personas\u201d, concluy\u00f3 el Subsecretario Bernardo Martorell.<\/p>\n<p style=\"text-align: justify;\"><strong>Hospitales con implementaci\u00f3n<\/strong><\/p>\n<p style=\"text-align: justify;\">Hospital de Copiap\u00f3<\/p>\n<p style=\"text-align: justify;\">Hospital San Pablo de Coquimbo<\/p>\n<p style=\"text-align: justify;\">Hospital Gustavo Fricke<\/p>\n<p style=\"text-align: justify;\">Hospital Van Buren<\/p>\n<p style=\"text-align: justify;\">Hospital Eduardo Pereira<\/p>\n<p style=\"text-align: justify;\">Hospital Salvador<\/p>\n<p style=\"text-align: justify;\">Hospital de La Florida<\/p>\n<p style=\"text-align: justify;\">Hospital de Maip\u00fa<\/p>\n<p style=\"text-align: justify;\">Hospital San Jos\u00e9<\/p>\n<p style=\"text-align: justify;\">Hospital Dr. Franco\u00a0Ravera\u00a0Zunino<\/p>\n<p style=\"text-align: justify;\">Hospital de Curic\u00f3<\/p>\n<p style=\"text-align: justify;\">Hospital San Carlos<\/p>\n<p style=\"text-align: justify;\">Hospital de Chill\u00e1n<\/p>\n<p style=\"text-align: justify;\">Hospital de Mulch\u00e9n<\/p>\n<p style=\"text-align: justify;\">Hospital de Paillaco<\/p>\n<\/div><\/section><\/div><div  style='height:50px' class='hr hr-invisible   avia-builder-el-6  el_after_av_one_full  el_before_av_social_share '><span class='hr-inner ' ><span class='hr-inner-style'><\/span><\/span><\/div><\/p>\n<div  class='av-social-sharing-box  avia-builder-el-7  el_after_av_hr  el_before_av_hr  '><div class='av-share-box'><h5 class='av-share-link-description av-no-toc '>Compartir esta noticia<\/h5><ul class='av-share-box-list noLightbox'><li class='av-share-link av-social-link-facebook' ><a target=\"_blank\" aria-label=\"Compartir en Facebook\" href='https:\/\/www.facebook.com\/sharer.php?u=https:\/\/radiorevelacionfm.cl\/?p=64865&#038;t=Un%20reencuentro%20que%20sana%3A%20hospitales%20p%C3%BAblicos%20abren%20sus%20puertas%20para%20que%20mascotas%20visiten%20a%20sus%20humanos%20hospitalizados' aria-hidden='false' data-av_icon='\ue8f3' data-av_iconfont='entypo-fontello' title='' data-avia-related-tooltip='Compartir en Facebook' rel=\"noopener\"><span class='avia_hidden_link_text'>Compartir en Facebook<\/span><\/a><\/li><li class='av-share-link av-social-link-twitter' ><a target=\"_blank\" aria-label=\"Compartir en Twitter\" href='https:\/\/twitter.com\/share?text=Un%20reencuentro%20que%20sana%3A%20hospitales%20p%C3%BAblicos%20abren%20sus%20puertas%20para%20que%20mascotas%20visiten%20a%20sus%20humanos%20hospitalizados&#038;url=https:\/\/radiorevelacionfm.cl\/?p=64865' aria-hidden='false' data-av_icon='\ue8f1' data-av_iconfont='entypo-fontello' title='' data-avia-related-tooltip='Compartir en Twitter' rel=\"noopener\"><span class='avia_hidden_link_text'>Compartir en Twitter<\/span><\/a><\/li><li class='av-share-link av-social-link-whatsapp' ><a target=\"_blank\" aria-label=\"Compartir en Whatsapp\" href='https:\/\/api.whatsapp.com\/send?text=https:\/\/radiorevelacionfm.cl\/?p=64865' aria-hidden='false' data-av_icon='\uf232' data-av_iconfont='entypo-fontello' title='' data-avia-related-tooltip='Compartir en Whatsapp' rel=\"noopener\"><span class='avia_hidden_link_text'>Compartir en Whatsapp<\/span><\/a><\/li><li class='av-share-link av-social-link-linkedin' ><a target=\"_blank\" aria-label=\"Compartir en LinkedIn\" href='https:\/\/linkedin.com\/shareArticle?mini=true&#038;title=Un%20reencuentro%20que%20sana%3A%20hospitales%20p%C3%BAblicos%20abren%20sus%20puertas%20para%20que%20mascotas%20visiten%20a%20sus%20humanos%20hospitalizados&#038;url=https:\/\/radiorevelacionfm.cl\/?p=64865' aria-hidden='false' data-av_icon='\ue8fc' data-av_iconfont='entypo-fontello' title='' data-avia-related-tooltip='Compartir en LinkedIn' rel=\"noopener\"><span class='avia_hidden_link_text'>Compartir en LinkedIn<\/span><\/a><\/li><li class='av-share-link av-social-link-mail' ><a  aria-label=\"Compartir por correo\" href='mailto:?subject=Un%20reencuentro%20que%20sana%3A%20hospitales%20p%C3%BAblicos%20abren%20sus%20puertas%20para%20que%20mascotas%20visiten%20a%20sus%20humanos%20hospitalizados&#038;body=https:\/\/radiorevelacionfm.cl\/?p=64865' aria-hidden='false' data-av_icon='\ue805' data-av_iconfont='entypo-fontello' title='' data-avia-related-tooltip='Compartir por correo'><span class='avia_hidden_link_text'>Compartir por correo<\/span><\/a><\/li><\/ul><\/div><\/div>\n<div  style='height:50px' class='hr hr-invisible   avia-builder-el-8  el_after_av_social_share  el_before_av_comments_list '><span class='hr-inner ' ><span class='hr-inner-style'><\/span><\/span><\/div>\n<div  class='av-buildercomment  av-blog-meta-html-info-disabled av-blog-meta-tag-disabled  '><\/div>\n","protected":false},"excerpt":{"rendered":"","protected":false},"author":1,"featured_media":64866,"comment_status":"closed","ping_status":"closed","sticky":false,"template":"","format":"standard","meta":{"footnotes":""},"categories":[46],"tags":[],"class_list":["post-64865","post","type-post","status-publish","format-standard","has-post-thumbnail","hentry","category-salud"],"jetpack_featured_media_url":"https:\/\/radiorevelacionfm.cl\/wp-content\/uploads\/2026\/03\/WhatsApp-Image-2026-03-05-at-18.10.05-1-1.jpeg","_links":{"self":[{"href":"https:\/\/radiorevelacionfm.cl\/index.php?rest_route=\/wp\/v2\/posts\/64865","targetHints":{"allow":["GET"]}}],"collection":[{"href":"https:\/\/radiorevelacionfm.cl\/index.php?rest_route=\/wp\/v2\/posts"}],"about":[{"href":"https:\/\/radiorevelacionfm.cl\/index.php?rest_route=\/wp\/v2\/types\/post"}],"author":[{"embeddable":true,"href":"https:\/\/radiorevelacionfm.cl\/index.php?rest_route=\/wp\/v2\/users\/1"}],"replies":[{"embeddable":true,"href":"https:\/\/radiorevelacionfm.cl\/index.php?rest_route=%2Fwp%2Fv2%2Fcomments&post=64865"}],"version-history":[{"count":2,"href":"https:\/\/radiorevelacionfm.cl\/index.php?rest_route=\/wp\/v2\/posts\/64865\/revisions"}],"predecessor-version":[{"id":64889,"href":"https:\/\/radiorevelacionfm.cl\/index.php?rest_route=\/wp\/v2\/posts\/64865\/revisions\/64889"}],"wp:featuredmedia":[{"embeddable":true,"href":"https:\/\/radiorevelacionfm.cl\/index.php?rest_route=\/wp\/v2\/media\/64866"}],"wp:attachment":[{"href":"https:\/\/radiorevelacionfm.cl\/index.php?rest_route=%2Fwp%2Fv2%2Fmedia&parent=64865"}],"wp:term":[{"taxonomy":"category","embeddable":true,"href":"https:\/\/radiorevelacionfm.cl\/index.php?rest_route=%2Fwp%2Fv2%2Fcategories&post=64865"},{"taxonomy":"post_tag","embeddable":true,"href":"https:\/\/radiorevelacionfm.cl\/index.php?rest_route=%2Fwp%2Fv2%2Ftags&post=64865"}],"curies":[{"name":"wp","href":"https:\/\/api.w.org\/{rel}","templated":true}]}}