{"id":64859,"date":"2026-03-07T21:41:54","date_gmt":"2026-03-08T00:41:54","guid":{"rendered":"https:\/\/radiorevelacionfm.cl\/?p=64859"},"modified":"2026-03-07T21:41:54","modified_gmt":"2026-03-08T00:41:54","slug":"la-educacion-parvularia-avanza-con-logros-concretos-y-mas-equidad","status":"publish","type":"post","link":"https:\/\/radiorevelacionfm.cl\/?p=64859","title":{"rendered":"La Educaci\u00f3n Parvularia avanza con logros concretos y m\u00e1s equidad"},"content":{"rendered":"<div class=\"flex_column av_one_full  flex_column_div av-zero-column-padding first  avia-builder-el-0  el_before_av_one_full  avia-builder-el-first  \" style='border-radius:0px; '><div  class='avia-image-container  av-styling-    avia-builder-el-1  avia-builder-el-no-sibling  avia-align-center '  itemprop=\"image\" itemscope=\"itemscope\" itemtype=\"https:\/\/schema.org\/ImageObject\"  ><div class='avia-image-container-inner'><div class='avia-image-overlay-wrap'><img decoding=\"async\" class='wp-image-64860 avia-img-lazy-loading-not-64860 avia_image' src=\"https:\/\/radiorevelacionfm.cl\/wp-content\/uploads\/2026\/03\/Foto-11-1-1.jpg\" alt='' title='Foto-11 (1) (1)' height=\"600\" width=\"900\"  itemprop=\"thumbnailUrl\" srcset=\"https:\/\/radiorevelacionfm.cl\/wp-content\/uploads\/2026\/03\/Foto-11-1-1.jpg 900w, https:\/\/radiorevelacionfm.cl\/wp-content\/uploads\/2026\/03\/Foto-11-1-1-300x200.jpg 300w, https:\/\/radiorevelacionfm.cl\/wp-content\/uploads\/2026\/03\/Foto-11-1-1-768x512.jpg 768w, https:\/\/radiorevelacionfm.cl\/wp-content\/uploads\/2026\/03\/Foto-11-1-1-705x470.jpg 705w, https:\/\/radiorevelacionfm.cl\/wp-content\/uploads\/2026\/03\/Foto-11-1-1-450x300.jpg 450w, https:\/\/radiorevelacionfm.cl\/wp-content\/uploads\/2026\/03\/Foto-11-1-1-600x400.jpg 600w\" sizes=\"(max-width: 900px) 100vw, 900px\" \/><\/div><\/div><\/div><\/div><div class=\"flex_column av_one_full  flex_column_div av-zero-column-padding first  avia-builder-el-2  el_after_av_one_full  el_before_av_one_full  column-top-margin\" style='border-radius:0px; '><section class=\"av_textblock_section \"  itemscope=\"itemscope\" itemtype=\"https:\/\/schema.org\/BlogPosting\" itemprop=\"blogPost\" ><div class='avia_textblock  '   itemprop=\"text\" ><p style=\"text-align: center;\"><span style=\"font-size: 18pt;\"><b>La Educaci\u00f3n Parvularia avanza con logros concretos y m\u00e1s equidad<\/b><\/span><\/p>\n<div id=\"gtx-trans\" style=\"position: absolute; left: -50px; top: 4.31534px;\">\n<div class=\"gtx-trans-icon\"><\/div>\n<\/div>\n<\/div><\/section><\/div><div class=\"flex_column av_one_full  flex_column_div av-zero-column-padding first  avia-builder-el-4  el_after_av_one_full  el_before_av_hr  column-top-margin\" style='border-radius:0px; '><section class=\"av_textblock_section \"  itemscope=\"itemscope\" itemtype=\"https:\/\/schema.org\/BlogPosting\" itemprop=\"blogPost\" ><div class='avia_textblock  '   itemprop=\"text\" ><p style=\"font-weight: 400; text-align: justify;\">Por estos d\u00edas, en que guaguas, ni\u00f1as y ni\u00f1os est\u00e1n retomando o iniciando por primera vez sus actividades en salas cuna, jardines infantiles y escuelas, es relevante que desde el mundo adulto acojamos y\u00a0<a href=\"https:\/\/parvularia.mineduc.cl\/asistencia\/\" data-saferedirecturl=\"https:\/\/www.google.com\/url?q=https:\/\/parvularia.mineduc.cl\/asistencia\/&amp;source=gmail&amp;ust=1772923381756000&amp;usg=AOvVaw2oG6vrDkUjjk1DavpwvjyS\">acompa\u00f1emos este proceso de familiarizaci\u00f3n<\/a>, resguardando su bienestar y fortaleciendo su v\u00ednculo con los espacios educativos. En este contexto, es clave promover una asistencia de todos los d\u00edas, la cual se construye en las relaciones de confianza y el v\u00ednculo de las familias con los centros educativos, como base para trayectorias educativas significativas desde la primera infancia.<\/p>\n<p style=\"font-weight: 400; text-align: justify;\">Como sociedad estamos llamados a seguir reforzando los impactos positivos de la Educaci\u00f3n Parvularia para el bienestar y desarrollo integral de las infancias, as\u00ed como consolidar la confianza de las familias sobre este nivel, que brinda una oportunidad vital para que ni\u00f1as y ni\u00f1os accedan a experiencias educativas potenciadoras, compartan y construyan v\u00ednculos con sus pares y adultos significativos, y adquieran herramientas socioemocionales clave para fortalecer su identidad y autonom\u00eda. En este sentido las salas cuna, jardines infantiles y escuelas son espacios seguros y transformadores, donde guaguas, ni\u00f1as y ni\u00f1os ejercen su ciudadan\u00eda, promoviendo la participaci\u00f3n, la convivencia democr\u00e1tica, el respeto y el reconocimiento de sus derechos.<\/p>\n<p style=\"font-weight: 400; text-align: justify;\">Este inicio de a\u00f1o educativo, que coincide con el cierre de esta administraci\u00f3n, es una oportunidad para relevar los avances de estos a\u00f1os, donde\u00a0juntas y juntos hemos fortalecido la institucionalidad de la Educaci\u00f3n Parvularia, consolidando logros concretos que impactan directamente en las ni\u00f1as, ni\u00f1os, familias y comunidades educativas.<\/p>\n<p style=\"font-weight: 400; text-align: justify;\">Como parte de la Agenda Sala Cuna para Chile, se promulg\u00f3 la Ley de Modernizaci\u00f3n de Educaci\u00f3n Parvularia, iniciativa que por primera vez reconoce las particularidades del nivel, y que permitir\u00e1 avanzar en calidad educativa, con m\u00e1s informaci\u00f3n y una mejor gesti\u00f3n de la oferta p\u00fablica. Un hito relevante, adem\u00e1s, es la creaci\u00f3n del Sistema de Informaci\u00f3n de Educaci\u00f3n Parvularia (SIDEP), que permitir\u00e1 consolidar en una plataforma \u00fanica toda la informaci\u00f3n del primer nivel, fortaleciendo la gobernanza de datos y optimizando el funcionamiento del sector.<\/p>\n<p style=\"font-weight: 400; text-align: justify;\">En materia de Reactivaci\u00f3n Educativa, hoy\u00a0m\u00e1s guaguas, ni\u00f1as y ni\u00f1os asisten a las salas cuna, jardines infantiles y escuelas, gracias a una recuperaci\u00f3n hist\u00f3rica de la asistencia que, en 2025, alcanz\u00f3\u00a0un promedio de 78,9%, lo que representa un alza de 16,5 puntos porcentuales en comparaci\u00f3n al a\u00f1o 2022.\u00a0Estos resultados son mucho m\u00e1s que n\u00fameros: son la expresi\u00f3n concreta de comunidades educativas que han vuelto a encontrarse en las aulas, con familias que conf\u00edan en la educaci\u00f3n inicial como cimiento de su futuro y que reconocen a la ni\u00f1ez como protagonista.\u00a0Esto es una se\u00f1al clara de que cuando el Estado act\u00faa con decisi\u00f3n, coordinaci\u00f3n y foco en el bienestar integral de las infancias, es posible avanzar hacia un sistema m\u00e1s equitativo y potenciador de las trayectorias educativas.<\/p>\n<p style=\"font-weight: 400; text-align: justify;\">Hemos puesto en funcionamiento m\u00e1s salas cuna y jardines infantiles, tras la finalizaci\u00f3n de 98 obras de JUNJI, que se traducen en m\u00e1s de 9.300 cupos para las ni\u00f1as y ni\u00f1os. Muchos de estos proyectos, que pasaron por T\u00e9rmino Anticipado de Contrato -por abandono de obras por parte de las empresas constructoras-, hoy son una realidad para las infancias y barrios de Chile, gracias a un trabajo de gesti\u00f3n comprometido y dedicado.<\/p>\n<p style=\"font-weight: 400; text-align: justify;\">Tambi\u00e9n habilitamos m\u00e1s y mejores espacios educativos, a trav\u00e9s de una inversi\u00f3n de m\u00e1s de 150 mil millones, que ha permitido renovar m\u00e1s de 350 salas cuna y jardines infantiles, fortaleciendo espacios seguros y de calidad integral, y avanzando en el Reconocimiento Oficial, sello de calidad educativa que estamos llamados a continuar fortaleciendo.<\/p>\n<p style=\"font-weight: 400; text-align: justify;\">Recientemente se aprobaron los Est\u00e1ndares de Formaci\u00f3n Inicial Docente para las carreras de Educaci\u00f3n Parvularia, lo que permitir\u00e1 responder a las transformaciones del escenario educativo y social desde un enfoque de derechos, actualizando los est\u00e1ndares previos, de 2012. Este es un avance sustantivo, que responde de manera concreta a una tarea largamente pendiente con el nivel y fortalece la formaci\u00f3n de quienes acompa\u00f1ar\u00e1n el aprendizaje, desarrollo y bienestar integral de las infancias.<\/p>\n<p style=\"font-weight: 400; text-align: justify;\">Durante esta administraci\u00f3n hemos impulsado un trabajo sostenido de gesti\u00f3n y gobernanza de datos, para continuar ordenando al sector y avanzar en pol\u00edticas de Estado que trasciendan a los ciclos pol\u00edticos.\u00a0Los avances en institucionalidad, modernizaci\u00f3n y fortalecimiento de la oferta p\u00fablica demuestran que es posible construir transformaciones estructurales con responsabilidad, evidencia y sentido de justicia.<\/p>\n<p style=\"font-weight: 400; text-align: justify;\">Lo que hemos logrado es concreto y tiene efectos reales en mayor calidad y mejores condiciones, y lo reivindicamos porque se traduce en m\u00e1s equidad y dignidad para las ni\u00f1as, ni\u00f1os y sus familias. Esto quedar\u00e1 para Chile, as\u00ed como el desaf\u00edo de relevar socialmente la importancia de impactar educativamente desde los primeros meses y a\u00f1os de vida, para hacer de Chile una naci\u00f3n m\u00e1s justa, inclusiva y democr\u00e1tica.<\/p>\n<p><i>Por: Claudia Lagos Serrano, subsecretaria de Educaci\u00f3n Parvularia<\/i><\/p>\n<\/div><\/section><\/div><div  style='height:50px' class='hr hr-invisible   avia-builder-el-6  el_after_av_one_full  el_before_av_social_share '><span class='hr-inner ' ><span class='hr-inner-style'><\/span><\/span><\/div><\/p>\n<div  class='av-social-sharing-box  avia-builder-el-7  el_after_av_hr  el_before_av_hr  '><div class='av-share-box'><h5 class='av-share-link-description av-no-toc '>Compartir esta noticia<\/h5><ul class='av-share-box-list noLightbox'><li class='av-share-link av-social-link-facebook' ><a target=\"_blank\" aria-label=\"Compartir en Facebook\" href='https:\/\/www.facebook.com\/sharer.php?u=https:\/\/radiorevelacionfm.cl\/?p=64859&#038;t=La%20Educaci%C3%B3n%20Parvularia%20avanza%20con%20logros%20concretos%20y%20m%C3%A1s%20equidad' aria-hidden='false' data-av_icon='\ue8f3' data-av_iconfont='entypo-fontello' title='' data-avia-related-tooltip='Compartir en Facebook' rel=\"noopener\"><span class='avia_hidden_link_text'>Compartir en Facebook<\/span><\/a><\/li><li class='av-share-link av-social-link-twitter' ><a target=\"_blank\" aria-label=\"Compartir en Twitter\" href='https:\/\/twitter.com\/share?text=La%20Educaci%C3%B3n%20Parvularia%20avanza%20con%20logros%20concretos%20y%20m%C3%A1s%20equidad&#038;url=https:\/\/radiorevelacionfm.cl\/?p=64859' aria-hidden='false' data-av_icon='\ue8f1' data-av_iconfont='entypo-fontello' title='' data-avia-related-tooltip='Compartir en Twitter' rel=\"noopener\"><span class='avia_hidden_link_text'>Compartir en Twitter<\/span><\/a><\/li><li class='av-share-link av-social-link-whatsapp' ><a target=\"_blank\" aria-label=\"Compartir en Whatsapp\" href='https:\/\/api.whatsapp.com\/send?text=https:\/\/radiorevelacionfm.cl\/?p=64859' aria-hidden='false' data-av_icon='\uf232' data-av_iconfont='entypo-fontello' title='' data-avia-related-tooltip='Compartir en Whatsapp' rel=\"noopener\"><span class='avia_hidden_link_text'>Compartir en Whatsapp<\/span><\/a><\/li><li class='av-share-link av-social-link-linkedin' ><a target=\"_blank\" aria-label=\"Compartir en LinkedIn\" href='https:\/\/linkedin.com\/shareArticle?mini=true&#038;title=La%20Educaci%C3%B3n%20Parvularia%20avanza%20con%20logros%20concretos%20y%20m%C3%A1s%20equidad&#038;url=https:\/\/radiorevelacionfm.cl\/?p=64859' aria-hidden='false' data-av_icon='\ue8fc' data-av_iconfont='entypo-fontello' title='' data-avia-related-tooltip='Compartir en LinkedIn' rel=\"noopener\"><span class='avia_hidden_link_text'>Compartir en LinkedIn<\/span><\/a><\/li><li class='av-share-link av-social-link-mail' ><a  aria-label=\"Compartir por correo\" href='mailto:?subject=La%20Educaci%C3%B3n%20Parvularia%20avanza%20con%20logros%20concretos%20y%20m%C3%A1s%20equidad&#038;body=https:\/\/radiorevelacionfm.cl\/?p=64859' aria-hidden='false' data-av_icon='\ue805' data-av_iconfont='entypo-fontello' title='' data-avia-related-tooltip='Compartir por correo'><span class='avia_hidden_link_text'>Compartir por correo<\/span><\/a><\/li><\/ul><\/div><\/div>\n<div  style='height:50px' class='hr hr-invisible   avia-builder-el-8  el_after_av_social_share  el_before_av_comments_list '><span class='hr-inner ' ><span class='hr-inner-style'><\/span><\/span><\/div>\n<div  class='av-buildercomment  av-blog-meta-html-info-disabled av-blog-meta-tag-disabled  '><\/div>\n","protected":false},"excerpt":{"rendered":"","protected":false},"author":1,"featured_media":64860,"comment_status":"closed","ping_status":"closed","sticky":false,"template":"","format":"standard","meta":{"footnotes":""},"categories":[50],"tags":[],"class_list":["post-64859","post","type-post","status-publish","format-standard","has-post-thumbnail","hentry","category-cartas-y-opinion"],"jetpack_featured_media_url":"https:\/\/radiorevelacionfm.cl\/wp-content\/uploads\/2026\/03\/Foto-11-1-1.jpg","_links":{"self":[{"href":"https:\/\/radiorevelacionfm.cl\/index.php?rest_route=\/wp\/v2\/posts\/64859","targetHints":{"allow":["GET"]}}],"collection":[{"href":"https:\/\/radiorevelacionfm.cl\/index.php?rest_route=\/wp\/v2\/posts"}],"about":[{"href":"https:\/\/radiorevelacionfm.cl\/index.php?rest_route=\/wp\/v2\/types\/post"}],"author":[{"embeddable":true,"href":"https:\/\/radiorevelacionfm.cl\/index.php?rest_route=\/wp\/v2\/users\/1"}],"replies":[{"embeddable":true,"href":"https:\/\/radiorevelacionfm.cl\/index.php?rest_route=%2Fwp%2Fv2%2Fcomments&post=64859"}],"version-history":[{"count":2,"href":"https:\/\/radiorevelacionfm.cl\/index.php?rest_route=\/wp\/v2\/posts\/64859\/revisions"}],"predecessor-version":[{"id":64894,"href":"https:\/\/radiorevelacionfm.cl\/index.php?rest_route=\/wp\/v2\/posts\/64859\/revisions\/64894"}],"wp:featuredmedia":[{"embeddable":true,"href":"https:\/\/radiorevelacionfm.cl\/index.php?rest_route=\/wp\/v2\/media\/64860"}],"wp:attachment":[{"href":"https:\/\/radiorevelacionfm.cl\/index.php?rest_route=%2Fwp%2Fv2%2Fmedia&parent=64859"}],"wp:term":[{"taxonomy":"category","embeddable":true,"href":"https:\/\/radiorevelacionfm.cl\/index.php?rest_route=%2Fwp%2Fv2%2Fcategories&post=64859"},{"taxonomy":"post_tag","embeddable":true,"href":"https:\/\/radiorevelacionfm.cl\/index.php?rest_route=%2Fwp%2Fv2%2Ftags&post=64859"}],"curies":[{"name":"wp","href":"https:\/\/api.w.org\/{rel}","templated":true}]}}