{"id":64851,"date":"2026-03-06T18:20:37","date_gmt":"2026-03-06T21:20:37","guid":{"rendered":"https:\/\/radiorevelacionfm.cl\/?p=64851"},"modified":"2026-03-06T18:20:37","modified_gmt":"2026-03-06T21:20:37","slug":"seremi-de-justicia-y-dd-hh-realizo-balance-de-gestion-anos-2022-2026","status":"publish","type":"post","link":"https:\/\/radiorevelacionfm.cl\/?p=64851","title":{"rendered":"Seremi de Justicia y DD.HH realiz\u00f3 balance de gesti\u00f3n a\u00f1os 2022-2026"},"content":{"rendered":"<div class=\"flex_column av_one_full  flex_column_div av-zero-column-padding first  avia-builder-el-0  el_before_av_one_full  avia-builder-el-first  \" style='border-radius:0px; '><div  class='avia-image-container  av-styling-    avia-builder-el-1  avia-builder-el-no-sibling  avia-align-center '  itemprop=\"image\" itemscope=\"itemscope\" itemtype=\"https:\/\/schema.org\/ImageObject\"  ><div class='avia-image-container-inner'><div class='avia-image-overlay-wrap'><img decoding=\"async\" class='wp-image-64852 avia-img-lazy-loading-not-64852 avia_image' src=\"https:\/\/radiorevelacionfm.cl\/wp-content\/uploads\/2026\/03\/balance-3-3-1_optimized.jpg\" alt='' title='balance-3-(3)-(1)_optimized' height=\"600\" width=\"871\"  itemprop=\"thumbnailUrl\" srcset=\"https:\/\/radiorevelacionfm.cl\/wp-content\/uploads\/2026\/03\/balance-3-3-1_optimized.jpg 871w, https:\/\/radiorevelacionfm.cl\/wp-content\/uploads\/2026\/03\/balance-3-3-1_optimized-300x207.jpg 300w, https:\/\/radiorevelacionfm.cl\/wp-content\/uploads\/2026\/03\/balance-3-3-1_optimized-768x529.jpg 768w, https:\/\/radiorevelacionfm.cl\/wp-content\/uploads\/2026\/03\/balance-3-3-1_optimized-705x486.jpg 705w, https:\/\/radiorevelacionfm.cl\/wp-content\/uploads\/2026\/03\/balance-3-3-1_optimized-450x310.jpg 450w, https:\/\/radiorevelacionfm.cl\/wp-content\/uploads\/2026\/03\/balance-3-3-1_optimized-600x413.jpg 600w\" sizes=\"(max-width: 871px) 100vw, 871px\" \/><\/div><\/div><\/div><\/div><div class=\"flex_column av_one_full  flex_column_div av-zero-column-padding first  avia-builder-el-2  el_after_av_one_full  el_before_av_one_full  column-top-margin\" style='border-radius:0px; '><section class=\"av_textblock_section \"  itemscope=\"itemscope\" itemtype=\"https:\/\/schema.org\/BlogPosting\" itemprop=\"blogPost\" ><div class='avia_textblock  '   itemprop=\"text\" ><p style=\"text-align: center;\"><strong><span style=\"font-size: 18pt;\">Seremi de Justicia y DD.HH realiz\u00f3 balance de gesti\u00f3n a\u00f1os 2022-2026<\/span><\/strong><\/p>\n<div id=\"gtx-trans\" style=\"position: absolute; left: -50px; top: 4.31534px;\">\n<div class=\"gtx-trans-icon\"><\/div>\n<\/div>\n<\/div><\/section><\/div><div class=\"flex_column av_one_full  flex_column_div av-zero-column-padding first  avia-builder-el-4  el_after_av_one_full  el_before_av_hr  column-top-margin\" style='border-radius:0px; '><section class=\"av_textblock_section \"  itemscope=\"itemscope\" itemtype=\"https:\/\/schema.org\/BlogPosting\" itemprop=\"blogPost\" ><div class='avia_textblock  '   itemprop=\"text\" ><p style=\"text-align: justify;\">En una ceremonia que se llev\u00f3 a cabo en el auditorio de la Biblioteca Regional y ante la presencia de autoridades, dirigentes sociales y funcionarios de diversos servicios p\u00fablicos, el seremi de Justicia y Derechos Humanos Samuel Navarro Castro entreg\u00f3 un balance de la gesti\u00f3n desarrollada durante los 4 a\u00f1os que estuvo a cargo de la cartera de Justicia a nivel regional.<\/p>\n<p style=\"text-align: justify;\">En la oportunidad, el seremi Navarro se\u00f1al\u00f3 que \u201cefectivamente pudimos realizar un balance de gesti\u00f3n que dio cuenta de los cuatro a\u00f1os de trabajo de la cartera de Justicia y Derechos Humanos lo que pudimos hacer propiamente tal como seremi de Justicia y tambi\u00e9n lo que hicimos en conjunto con los servicios dependientes y relacionados y tambi\u00e9n con el intersector y en materia interinstitucional con otras instituciones aut\u00f3nomas colaboradoras con las cuales trabajamos y coordinamos en varios aspectos, esta suerte de cuenta p\u00fablica nos permiti\u00f3 dar a conocer los avances que hemos hecho, los logros, las metas y objetivos que nos hemos trazado tanto en el \u00e1mbito de infraestructura como en el \u00e1mbito de derechos humanos, de acceso a la Justicia y de reinserci\u00f3n, nos parece importante en aras de la transparencia, en aras de comunicar a la ciudadan\u00eda lo que ha sido nuestro trabajo\u201d.<\/p>\n<p style=\"text-align: justify;\">Respecto a iniciativas que quedan en desarrollo, la autoridad regional explic\u00f3 que \u201ctambi\u00e9n queremos dejar en evidencia los proyectos que est\u00e1n en desarrollo, como el del Servicio M\u00e9dico Legal, la construcci\u00f3n que se est\u00e1 desarrollando en la parte alta de la ciudad, una inversi\u00f3n de 14 mil 500 millones de pesos, una infraestructura de 2 mil 200 metros cuadrados que esperamos un par de a\u00f1os ya pueda ser inaugurado, el proyecto de la nueva c\u00e1rcel para Coyhaique que lo hemos dejado con recomendaci\u00f3n satisfactoria de factibilidad para durante el 2026-2027 se pueda establecer cu\u00e1l va a ser el terreno en que se va a construir la nueva c\u00e1rcel, y a continuaci\u00f3n siendo una pol\u00edtica de zonas extremas\u00a0 y de la pol\u00edtica penal penitenciaria podamos contar en un plazo no mayor a 6 a\u00f1os con un nuevo recinto penitenciario y as\u00ed como otras iniciativas que son de continuidad y que esperamos la nueva administraci\u00f3n las pueda continuar y concluir\u201d.<\/p>\n<p style=\"text-align: justify;\">Finalmente, Samuel Navarro agradeci\u00f3 el apoyo y el trabajo desarrollado durante estos cuatro a\u00f1os, los que\u00a0 se traducen en una presencia permanente del Estado en el territorio, permitiendo con ello un mayor y mejor acceso a derechos, mejoramiento en infraestructura p\u00fablica y un fuerte compromiso con la dignidad humana y los derechos humanos.<\/p>\n<\/div><\/section><\/div><div  style='height:50px' class='hr hr-invisible   avia-builder-el-6  el_after_av_one_full  el_before_av_social_share '><span class='hr-inner ' ><span class='hr-inner-style'><\/span><\/span><\/div><\/p>\n<div  class='av-social-sharing-box  avia-builder-el-7  el_after_av_hr  el_before_av_hr  '><div class='av-share-box'><h5 class='av-share-link-description av-no-toc '>Compartir esta noticia<\/h5><ul class='av-share-box-list noLightbox'><li class='av-share-link av-social-link-facebook' ><a target=\"_blank\" aria-label=\"Compartir en Facebook\" href='https:\/\/www.facebook.com\/sharer.php?u=https:\/\/radiorevelacionfm.cl\/?p=64851&#038;t=Seremi%20de%20Justicia%20y%20DD.HH%20realiz%C3%B3%20balance%20de%20gesti%C3%B3n%20a%C3%B1os%202022-2026' aria-hidden='false' data-av_icon='\ue8f3' data-av_iconfont='entypo-fontello' title='' data-avia-related-tooltip='Compartir en Facebook' rel=\"noopener\"><span class='avia_hidden_link_text'>Compartir en Facebook<\/span><\/a><\/li><li class='av-share-link av-social-link-twitter' ><a target=\"_blank\" aria-label=\"Compartir en Twitter\" href='https:\/\/twitter.com\/share?text=Seremi%20de%20Justicia%20y%20DD.HH%20realiz%C3%B3%20balance%20de%20gesti%C3%B3n%20a%C3%B1os%202022-2026&#038;url=https:\/\/radiorevelacionfm.cl\/?p=64851' aria-hidden='false' data-av_icon='\ue8f1' data-av_iconfont='entypo-fontello' title='' data-avia-related-tooltip='Compartir en Twitter' rel=\"noopener\"><span class='avia_hidden_link_text'>Compartir en Twitter<\/span><\/a><\/li><li class='av-share-link av-social-link-whatsapp' ><a target=\"_blank\" aria-label=\"Compartir en Whatsapp\" href='https:\/\/api.whatsapp.com\/send?text=https:\/\/radiorevelacionfm.cl\/?p=64851' aria-hidden='false' data-av_icon='\uf232' data-av_iconfont='entypo-fontello' title='' data-avia-related-tooltip='Compartir en Whatsapp' rel=\"noopener\"><span class='avia_hidden_link_text'>Compartir en Whatsapp<\/span><\/a><\/li><li class='av-share-link av-social-link-linkedin' ><a target=\"_blank\" aria-label=\"Compartir en LinkedIn\" href='https:\/\/linkedin.com\/shareArticle?mini=true&#038;title=Seremi%20de%20Justicia%20y%20DD.HH%20realiz%C3%B3%20balance%20de%20gesti%C3%B3n%20a%C3%B1os%202022-2026&#038;url=https:\/\/radiorevelacionfm.cl\/?p=64851' aria-hidden='false' data-av_icon='\ue8fc' data-av_iconfont='entypo-fontello' title='' data-avia-related-tooltip='Compartir en LinkedIn' rel=\"noopener\"><span class='avia_hidden_link_text'>Compartir en LinkedIn<\/span><\/a><\/li><li class='av-share-link av-social-link-mail' ><a  aria-label=\"Compartir por correo\" href='mailto:?subject=Seremi%20de%20Justicia%20y%20DD.HH%20realiz%C3%B3%20balance%20de%20gesti%C3%B3n%20a%C3%B1os%202022-2026&#038;body=https:\/\/radiorevelacionfm.cl\/?p=64851' aria-hidden='false' data-av_icon='\ue805' data-av_iconfont='entypo-fontello' title='' data-avia-related-tooltip='Compartir por correo'><span class='avia_hidden_link_text'>Compartir por correo<\/span><\/a><\/li><\/ul><\/div><\/div>\n<div  style='height:50px' class='hr hr-invisible   avia-builder-el-8  el_after_av_social_share  el_before_av_comments_list '><span class='hr-inner ' ><span class='hr-inner-style'><\/span><\/span><\/div>\n<div  class='av-buildercomment  av-blog-meta-html-info-disabled av-blog-meta-tag-disabled  '><\/div>\n","protected":false},"excerpt":{"rendered":"","protected":false},"author":1,"featured_media":64852,"comment_status":"closed","ping_status":"closed","sticky":false,"template":"","format":"standard","meta":{"footnotes":""},"categories":[55],"tags":[],"class_list":["post-64851","post","type-post","status-publish","format-standard","has-post-thumbnail","hentry","category-justicia"],"jetpack_featured_media_url":"https:\/\/radiorevelacionfm.cl\/wp-content\/uploads\/2026\/03\/balance-3-3-1_optimized.jpg","_links":{"self":[{"href":"https:\/\/radiorevelacionfm.cl\/index.php?rest_route=\/wp\/v2\/posts\/64851","targetHints":{"allow":["GET"]}}],"collection":[{"href":"https:\/\/radiorevelacionfm.cl\/index.php?rest_route=\/wp\/v2\/posts"}],"about":[{"href":"https:\/\/radiorevelacionfm.cl\/index.php?rest_route=\/wp\/v2\/types\/post"}],"author":[{"embeddable":true,"href":"https:\/\/radiorevelacionfm.cl\/index.php?rest_route=\/wp\/v2\/users\/1"}],"replies":[{"embeddable":true,"href":"https:\/\/radiorevelacionfm.cl\/index.php?rest_route=%2Fwp%2Fv2%2Fcomments&post=64851"}],"version-history":[{"count":2,"href":"https:\/\/radiorevelacionfm.cl\/index.php?rest_route=\/wp\/v2\/posts\/64851\/revisions"}],"predecessor-version":[{"id":64855,"href":"https:\/\/radiorevelacionfm.cl\/index.php?rest_route=\/wp\/v2\/posts\/64851\/revisions\/64855"}],"wp:featuredmedia":[{"embeddable":true,"href":"https:\/\/radiorevelacionfm.cl\/index.php?rest_route=\/wp\/v2\/media\/64852"}],"wp:attachment":[{"href":"https:\/\/radiorevelacionfm.cl\/index.php?rest_route=%2Fwp%2Fv2%2Fmedia&parent=64851"}],"wp:term":[{"taxonomy":"category","embeddable":true,"href":"https:\/\/radiorevelacionfm.cl\/index.php?rest_route=%2Fwp%2Fv2%2Fcategories&post=64851"},{"taxonomy":"post_tag","embeddable":true,"href":"https:\/\/radiorevelacionfm.cl\/index.php?rest_route=%2Fwp%2Fv2%2Ftags&post=64851"}],"curies":[{"name":"wp","href":"https:\/\/api.w.org\/{rel}","templated":true}]}}