{"id":6484,"date":"2021-07-21T12:24:56","date_gmt":"2021-07-21T15:24:56","guid":{"rendered":"https:\/\/radiorevelacionfm.cl\/?p=6484"},"modified":"2021-07-21T12:24:56","modified_gmt":"2021-07-21T15:24:56","slug":"en-el-dia-internacional-del-perro-mascota-protegida-entrega-recomendaciones-para-adoptarlos","status":"publish","type":"post","link":"https:\/\/radiorevelacionfm.cl\/?p=6484","title":{"rendered":"En el D\u00eda Internacional del Perro: Mascota Protegida entrega recomendaciones para adoptarlos"},"content":{"rendered":"<div class=\"flex_column av_one_full  flex_column_div av-zero-column-padding first  avia-builder-el-0  el_before_av_one_full  avia-builder-el-first  \" style='border-radius:0px; '><div  class='avia-image-container  av-styling-    avia-builder-el-1  avia-builder-el-no-sibling  avia-align-center '  itemprop=\"image\" itemscope=\"itemscope\" itemtype=\"https:\/\/schema.org\/ImageObject\"  ><div class='avia-image-container-inner'><div class='avia-image-overlay-wrap'><img decoding=\"async\" class='wp-image-6485 avia-img-lazy-loading-not-6485 avia_image' src=\"https:\/\/radiorevelacionfm.cl\/wp-content\/uploads\/2021\/07\/unnamed-16-1-1.jpg\" alt='' title='unnamed (16) (1) (1)' height=\"600\" width=\"900\"  itemprop=\"thumbnailUrl\" srcset=\"https:\/\/radiorevelacionfm.cl\/wp-content\/uploads\/2021\/07\/unnamed-16-1-1.jpg 900w, https:\/\/radiorevelacionfm.cl\/wp-content\/uploads\/2021\/07\/unnamed-16-1-1-300x200.jpg 300w, https:\/\/radiorevelacionfm.cl\/wp-content\/uploads\/2021\/07\/unnamed-16-1-1-768x512.jpg 768w, https:\/\/radiorevelacionfm.cl\/wp-content\/uploads\/2021\/07\/unnamed-16-1-1-705x470.jpg 705w, https:\/\/radiorevelacionfm.cl\/wp-content\/uploads\/2021\/07\/unnamed-16-1-1-600x400.jpg 600w\" sizes=\"(max-width: 900px) 100vw, 900px\" \/><\/div><\/div><\/div><\/div><div class=\"flex_column av_one_full  flex_column_div av-zero-column-padding first  avia-builder-el-2  el_after_av_one_full  el_before_av_one_full  column-top-margin\" style='border-radius:0px; '><section class=\"av_textblock_section \"  itemscope=\"itemscope\" itemtype=\"https:\/\/schema.org\/BlogPosting\" itemprop=\"blogPost\" ><div class='avia_textblock  '   itemprop=\"text\" ><p style=\"text-align: center;\"><span style=\"font-size: 18pt;\"><b><span lang=\"ES\">En el D\u00eda Internacional del Perro: Mascota Protegida entrega recomendaciones para adoptarlos<\/span><\/b><\/span><\/p>\n<div id=\"gtx-trans\" style=\"position: absolute; left: -50px; top: 4.31534px;\">\n<div class=\"gtx-trans-icon\"><\/div>\n<\/div>\n<\/div><\/section><\/div><div class=\"flex_column av_one_full  flex_column_div av-zero-column-padding first  avia-builder-el-4  el_after_av_one_full  el_before_av_hr  column-top-margin\" style='border-radius:0px; '><section class=\"av_textblock_section \"  itemscope=\"itemscope\" itemtype=\"https:\/\/schema.org\/BlogPosting\" itemprop=\"blogPost\" ><div class='avia_textblock  '   itemprop=\"text\" ><p style=\"font-weight: 400; text-align: justify;\">Es el indiscutible mejor amigo del hombre y por eso merece un d\u00eda completo en honor a su lealtad y nobleza. Es por esta raz\u00f3n que cada 21 de julio se celebra el D\u00eda Internacional del Perro, una jornada completa en la que los amantes de los canes no solo homenajean a quienes ofrecen su compa\u00f1\u00eda desinteresada, sino que tambi\u00e9n reafirman su compromiso con la tenencia responsable.<\/p>\n<p style=\"font-weight: 400; text-align: justify;\">Seg\u00fan datos de la Subsecretar\u00eda de Desarrollo Regional y Administrativo (Subdere), en Chile existen 1.322.435 perros inscritos en el Registro Nacional de Mascotas. Sin embargo, son muchos los que esperan por un hogar en el que les brinden el cari\u00f1o y los cuidados necesarios.<\/p>\n<p style=\"font-weight: 400; text-align: justify;\">Si la pandemia te ha hecho considerar la opci\u00f3n de adoptar un perro, estas recomendaciones elaboradas por el equipo del Programa Mascota Protegida de seguro te ser\u00e1n de mucha utilidad.<\/p>\n<p style=\"font-weight: 400; text-align: justify;\">&#8211; <strong>Espacio y entorno: <\/strong>debes contar con un espacio donde tu perro pueda alimentarse, descansar y jugar. Debe ser un sitio c\u00f3modo, seguro y con resguardo de los fen\u00f3menos clim\u00e1ticos.<\/p>\n<p style=\"font-weight: 400; text-align: justify;\">&#8211; <strong>Tiempo:\u00a0<\/strong>una mascota requiere cari\u00f1o y atenci\u00f3n. Si viajas frecuentemente, procura dejar a otra persona a cargo de su cuidado.<\/p>\n<p style=\"font-weight: 400; text-align: justify;\">&#8211; <strong>Alimentaci\u00f3n y dieta:\u00a0<\/strong>existen alimentos para cada etapa de la vida de nuestras mascotas.<\/p>\n<p style=\"font-weight: 400; text-align: justify;\">&#8211; <strong>Manejos sanitarios:\u00a0<\/strong>todos los perros deben ser vacunados, desparasitados y recibir cuidados seg\u00fan sus particularidades.<\/p>\n<p style=\"font-weight: 400; text-align: justify;\">&#8211; <strong>Caracter\u00edsticas:<\/strong>\u00a0debes considerar su tama\u00f1o y el peso que pueden alcanzar en su etapa adulta.<\/p>\n<p style=\"font-weight: 400; text-align: justify;\">Pero, adem\u00e1s de las responsabilidades, no se pueden obviar los beneficios asociados a la adopci\u00f3n de un perro, como, por ejemplo, la disminuci\u00f3n del estr\u00e9s, estimulaci\u00f3n de las emociones, fomento del ejercicio y actividad f\u00edsica, y mejoras asociadas al bienestar general de las personas.<\/p>\n<p style=\"font-weight: 400; text-align: justify;\">Como para los gustos existen colores, para cada humano existe un perro ideal. Por eso, si est\u00e1s pensando en adoptar un perro debes tener en cuenta que un cachorro requiere m\u00e1s tiempo para darle de comer y ense\u00f1arle a socializar, entre otros aspectos. Mientras que, los perros adultos son m\u00e1s tranquilos y si han sido correctamente socializados, se pueden adaptar m\u00e1s r\u00e1pido a tu hogar.<\/p>\n<p style=\"font-weight: 400; text-align: justify;\"><strong>Prefiere la adopci\u00f3n<\/strong><\/p>\n<p style=\"font-weight: 400; text-align: justify;\">Si ya tienes tomada la decisi\u00f3n de incorporar a un nuevo integrante peludo a tu familia, te contamos que existen muchas organizaciones promotoras de la tenencia responsable que pueden ofrecerte la posibilidad de adoptar y cambiarle la vida a un perro abandonado.<\/p>\n<p style=\"font-weight: 400; text-align: justify;\">Por otra parte, si decides adoptar un animal abandonado en la v\u00eda p\u00fablica, te recomendamos acudir inmediatamente con un veterinario para que chequee su estado de salud y te gu\u00ede con sus cuidados.<\/p>\n<\/div><\/section><\/div><div  style='height:50px' class='hr hr-invisible   avia-builder-el-6  el_after_av_one_full  el_before_av_social_share '><span class='hr-inner ' ><span class='hr-inner-style'><\/span><\/span><\/div><\/p>\n<div  class='av-social-sharing-box  avia-builder-el-7  el_after_av_hr  el_before_av_hr  '><div class='av-share-box'><h5 class='av-share-link-description av-no-toc '>Compartir esta noticia<\/h5><ul class='av-share-box-list noLightbox'><li class='av-share-link av-social-link-facebook' ><a target=\"_blank\" aria-label=\"Compartir en Facebook\" href='https:\/\/www.facebook.com\/sharer.php?u=https:\/\/radiorevelacionfm.cl\/?p=6484&#038;t=En%20el%20D%C3%ADa%20Internacional%20del%20Perro%3A%20Mascota%20Protegida%20entrega%20recomendaciones%20para%20adoptarlos' aria-hidden='false' data-av_icon='\ue8f3' data-av_iconfont='entypo-fontello' title='' data-avia-related-tooltip='Compartir en Facebook' rel=\"noopener\"><span class='avia_hidden_link_text'>Compartir en Facebook<\/span><\/a><\/li><li class='av-share-link av-social-link-twitter' ><a target=\"_blank\" aria-label=\"Compartir en Twitter\" href='https:\/\/twitter.com\/share?text=En%20el%20D%C3%ADa%20Internacional%20del%20Perro%3A%20Mascota%20Protegida%20entrega%20recomendaciones%20para%20adoptarlos&#038;url=https:\/\/radiorevelacionfm.cl\/?p=6484' aria-hidden='false' data-av_icon='\ue8f1' data-av_iconfont='entypo-fontello' title='' data-avia-related-tooltip='Compartir en Twitter' rel=\"noopener\"><span class='avia_hidden_link_text'>Compartir en Twitter<\/span><\/a><\/li><li class='av-share-link av-social-link-whatsapp' ><a target=\"_blank\" aria-label=\"Compartir en Whatsapp\" href='https:\/\/api.whatsapp.com\/send?text=https:\/\/radiorevelacionfm.cl\/?p=6484' aria-hidden='false' data-av_icon='\uf232' data-av_iconfont='entypo-fontello' title='' data-avia-related-tooltip='Compartir en Whatsapp' rel=\"noopener\"><span class='avia_hidden_link_text'>Compartir en Whatsapp<\/span><\/a><\/li><li class='av-share-link av-social-link-linkedin' ><a target=\"_blank\" aria-label=\"Compartir en LinkedIn\" href='https:\/\/linkedin.com\/shareArticle?mini=true&#038;title=En%20el%20D%C3%ADa%20Internacional%20del%20Perro%3A%20Mascota%20Protegida%20entrega%20recomendaciones%20para%20adoptarlos&#038;url=https:\/\/radiorevelacionfm.cl\/?p=6484' aria-hidden='false' data-av_icon='\ue8fc' data-av_iconfont='entypo-fontello' title='' data-avia-related-tooltip='Compartir en LinkedIn' rel=\"noopener\"><span class='avia_hidden_link_text'>Compartir en LinkedIn<\/span><\/a><\/li><li class='av-share-link av-social-link-mail' ><a  aria-label=\"Compartir por correo\" href='mailto:?subject=En%20el%20D%C3%ADa%20Internacional%20del%20Perro%3A%20Mascota%20Protegida%20entrega%20recomendaciones%20para%20adoptarlos&#038;body=https:\/\/radiorevelacionfm.cl\/?p=6484' aria-hidden='false' data-av_icon='\ue805' data-av_iconfont='entypo-fontello' title='' data-avia-related-tooltip='Compartir por correo'><span class='avia_hidden_link_text'>Compartir por correo<\/span><\/a><\/li><\/ul><\/div><\/div>\n<div  style='height:50px' class='hr hr-invisible   avia-builder-el-8  el_after_av_social_share  el_before_av_comments_list '><span class='hr-inner ' ><span class='hr-inner-style'><\/span><\/span><\/div>\n<div  class='av-buildercomment  av-blog-meta-html-info-disabled av-blog-meta-tag-disabled  '><\/div>\n","protected":false},"excerpt":{"rendered":"","protected":false},"author":1,"featured_media":6485,"comment_status":"open","ping_status":"open","sticky":false,"template":"","format":"standard","meta":{"footnotes":""},"categories":[38],"tags":[],"class_list":["post-6484","post","type-post","status-publish","format-standard","has-post-thumbnail","hentry","category-regional"],"jetpack_featured_media_url":"https:\/\/radiorevelacionfm.cl\/wp-content\/uploads\/2021\/07\/unnamed-16-1-1.jpg","_links":{"self":[{"href":"https:\/\/radiorevelacionfm.cl\/index.php?rest_route=\/wp\/v2\/posts\/6484","targetHints":{"allow":["GET"]}}],"collection":[{"href":"https:\/\/radiorevelacionfm.cl\/index.php?rest_route=\/wp\/v2\/posts"}],"about":[{"href":"https:\/\/radiorevelacionfm.cl\/index.php?rest_route=\/wp\/v2\/types\/post"}],"author":[{"embeddable":true,"href":"https:\/\/radiorevelacionfm.cl\/index.php?rest_route=\/wp\/v2\/users\/1"}],"replies":[{"embeddable":true,"href":"https:\/\/radiorevelacionfm.cl\/index.php?rest_route=%2Fwp%2Fv2%2Fcomments&post=6484"}],"version-history":[{"count":1,"href":"https:\/\/radiorevelacionfm.cl\/index.php?rest_route=\/wp\/v2\/posts\/6484\/revisions"}],"predecessor-version":[{"id":6486,"href":"https:\/\/radiorevelacionfm.cl\/index.php?rest_route=\/wp\/v2\/posts\/6484\/revisions\/6486"}],"wp:featuredmedia":[{"embeddable":true,"href":"https:\/\/radiorevelacionfm.cl\/index.php?rest_route=\/wp\/v2\/media\/6485"}],"wp:attachment":[{"href":"https:\/\/radiorevelacionfm.cl\/index.php?rest_route=%2Fwp%2Fv2%2Fmedia&parent=6484"}],"wp:term":[{"taxonomy":"category","embeddable":true,"href":"https:\/\/radiorevelacionfm.cl\/index.php?rest_route=%2Fwp%2Fv2%2Fcategories&post=6484"},{"taxonomy":"post_tag","embeddable":true,"href":"https:\/\/radiorevelacionfm.cl\/index.php?rest_route=%2Fwp%2Fv2%2Ftags&post=6484"}],"curies":[{"name":"wp","href":"https:\/\/api.w.org\/{rel}","templated":true}]}}