{"id":64834,"date":"2026-03-06T16:13:15","date_gmt":"2026-03-06T19:13:15","guid":{"rendered":"https:\/\/radiorevelacionfm.cl\/?p=64834"},"modified":"2026-03-06T16:13:15","modified_gmt":"2026-03-06T19:13:15","slug":"sence-aysen-destaca-aprobacion-del-nuevo-subsidio-unificado-al-empleo-que-fortalecera-la-contratacion-formal-en-la-region","status":"publish","type":"post","link":"https:\/\/radiorevelacionfm.cl\/?p=64834","title":{"rendered":"SENCE Ays\u00e9n destaca aprobaci\u00f3n del nuevo Subsidio Unificado al Empleo que fortalecer\u00e1 la contrataci\u00f3n formal en la regi\u00f3n"},"content":{"rendered":"<div class=\"flex_column av_one_full  flex_column_div av-zero-column-padding first  avia-builder-el-0  el_before_av_one_full  avia-builder-el-first  \" style='border-radius:0px; '><div  class='avia-image-container  av-styling-    avia-builder-el-1  avia-builder-el-no-sibling  avia-align-center '  itemprop=\"image\" itemscope=\"itemscope\" itemtype=\"https:\/\/schema.org\/ImageObject\"  ><div class='avia-image-container-inner'><div class='avia-image-overlay-wrap'><img decoding=\"async\" class='wp-image-64835 avia-img-lazy-loading-not-64835 avia_image' src=\"https:\/\/radiorevelacionfm.cl\/wp-content\/uploads\/2026\/03\/nelson-g-1_optimized.jpeg\" alt='' title='nelson-g-(1)_optimized' height=\"600\" width=\"800\"  itemprop=\"thumbnailUrl\" srcset=\"https:\/\/radiorevelacionfm.cl\/wp-content\/uploads\/2026\/03\/nelson-g-1_optimized.jpeg 800w, https:\/\/radiorevelacionfm.cl\/wp-content\/uploads\/2026\/03\/nelson-g-1_optimized-300x225.jpeg 300w, https:\/\/radiorevelacionfm.cl\/wp-content\/uploads\/2026\/03\/nelson-g-1_optimized-768x576.jpeg 768w, https:\/\/radiorevelacionfm.cl\/wp-content\/uploads\/2026\/03\/nelson-g-1_optimized-705x529.jpeg 705w, https:\/\/radiorevelacionfm.cl\/wp-content\/uploads\/2026\/03\/nelson-g-1_optimized-450x338.jpeg 450w, https:\/\/radiorevelacionfm.cl\/wp-content\/uploads\/2026\/03\/nelson-g-1_optimized-600x450.jpeg 600w\" sizes=\"(max-width: 800px) 100vw, 800px\" \/><\/div><\/div><\/div><\/div><div class=\"flex_column av_one_full  flex_column_div av-zero-column-padding first  avia-builder-el-2  el_after_av_one_full  el_before_av_one_full  column-top-margin\" style='border-radius:0px; '><section class=\"av_textblock_section \"  itemscope=\"itemscope\" itemtype=\"https:\/\/schema.org\/BlogPosting\" itemprop=\"blogPost\" ><div class='avia_textblock  '   itemprop=\"text\" ><p style=\"text-align: center;\"><strong><span style=\"font-size: 18pt;\">SENCE Ays\u00e9n destaca aprobaci\u00f3n del nuevo Subsidio Unificado al Empleo que fortalecer\u00e1 la contrataci\u00f3n formal en la regi\u00f3n<\/span><\/strong><\/p>\n<div id=\"gtx-trans\" style=\"position: absolute; left: -50px; top: 4.31534px;\">\n<div class=\"gtx-trans-icon\"><\/div>\n<\/div>\n<\/div><\/section><\/div><div class=\"flex_column av_one_full  flex_column_div av-zero-column-padding first  avia-builder-el-4  el_after_av_one_full  el_before_av_hr  column-top-margin\" style='border-radius:0px; '><section class=\"av_textblock_section \"  itemscope=\"itemscope\" itemtype=\"https:\/\/schema.org\/BlogPosting\" itemprop=\"blogPost\" ><div class='avia_textblock  '   itemprop=\"text\" ><ul>\n<li style=\"text-align: justify;\"><em>La iniciativa busca impulsar la creaci\u00f3n de empleos formales, especialmente en mujeres, j\u00f3venes, personas de 55 a\u00f1os o m\u00e1s y personas con discapacidad, con \u00e9nfasis en el apoyo a las pymes.<\/em><\/li>\n<li style=\"text-align: justify;\"><em>A nivel nacional, se estima una cobertura anual cercana a 685 mil trabajadores, de los cuales cerca de 200 mil acceder\u00e1n al beneficio de forma dual junto a su empleador.<\/em><\/li>\n<\/ul>\n<p style=\"text-align: justify;\">El Servicio Nacional de Capacitaci\u00f3n y Empleo (Sence) de Ays\u00e9n valor\u00f3 la aprobaci\u00f3n y despacho a ley del proyecto que crea el Subsidio Unificado al Empleo (SUE), iniciativa impulsada por el Ministerio del Trabajo y Previsi\u00f3n Social y que fue aprobada por la Sala de la C\u00e1mara de Diputadas y Diputados.<\/p>\n<p style=\"text-align: justify;\">Este nuevo instrumento busca modernizar y simplificar el actual sistema de subsidios al empleo, fortaleciendo la contrataci\u00f3n formal de personas que enfrentan mayores barreras de acceso al mercado laboral, como mujeres, j\u00f3venes entre 18 y 24 a\u00f1os, personas mayores de 55 a\u00f1os y personas con discapacidad, adem\u00e1s de entregar un apoyo importante a las peque\u00f1as y medianas empresas.<\/p>\n<p style=\"text-align: justify;\">El director regional de Sence Ays\u00e9n, Nelson Garrido Morales, destac\u00f3 la relevancia de esta iniciativa para el desarrollo laboral de la regi\u00f3n, \u201cLa aprobaci\u00f3n del Subsidio Unificado al Empleo es una muy buena noticia para Ays\u00e9n, porque permitir\u00e1 fortalecer la creaci\u00f3n de empleos formales y apoyar tanto a trabajadores como a empleadores, especialmente a nuestras pymes, que son clave en la econom\u00eda regional. Desde Sence Ays\u00e9n estaremos trabajando para informar y acompa\u00f1ar a las personas y empresas de la regi\u00f3n en el acceso a este nuevo beneficio, que busca generar m\u00e1s y mejores oportunidades laborales\u201d, se\u00f1al\u00f3 la autoridad regional.<\/p>\n<p style=\"text-align: justify;\"><strong>M\u00e1s oportunidades de empleo formal<\/strong><\/p>\n<p style=\"text-align: justify;\">En r\u00e9gimen, el nuevo subsidio tendr\u00e1 una cobertura anual estimada de cerca de 685 mil trabajadores a nivel nacional, de los cuales alrededor de 200 mil podr\u00e1n acceder al beneficio de manera dual, es decir, con un apoyo econ\u00f3mico tanto para el trabajador como para su empleador.<\/p>\n<p style=\"text-align: justify;\">Entre sus principales objetivos se encuentra aumentar la empleabilidad formal de los grupos con mayores dificultades para acceder al mercado laboral y promover la contrataci\u00f3n bajo los est\u00e1ndares de trabajo decente, es decir, con seguridad social y derechos laborales.<\/p>\n<p style=\"text-align: justify;\">Asimismo, la iniciativa contempla un enfoque especial en las peque\u00f1as y medianas empresas, facilitando nuevas contrataciones formales y contribuyendo al crecimiento del empleo.<\/p>\n<p style=\"text-align: justify;\"><strong>Un sistema m\u00e1s simple y moderno<\/strong><\/p>\n<p style=\"text-align: justify;\">El Subsidio Unificado al Empleo busca modernizar el actual sistema, unificando en un solo instrumento tres beneficios que actualmente funcionan por separado:<\/p>\n<ul style=\"text-align: justify;\">\n<li>Subsidio al Empleo Joven (SEJ)<\/li>\n<li>Bono al Trabajo de la Mujer (BTM)<\/li>\n<li>Subsidio Previsional para Trabajadores J\u00f3venes<\/li>\n<\/ul>\n<p style=\"text-align: justify;\">Con este redise\u00f1o se proyecta aumentar los montos de apoyo, con un subsidio combinado que podr\u00eda alcanzar hasta $185.000 mensuales entre trabajador y empleador.<\/p>\n<p style=\"text-align: justify;\">Adem\u00e1s, el nuevo sistema contar\u00e1 con flexibilidad normativa, lo que permitir\u00e1 ajustar sus par\u00e1metros en el tiempo seg\u00fan las necesidades del mercado laboral, sin necesidad de modificar la ley.<\/p>\n<p style=\"text-align: justify;\">Desde Sence Ays\u00e9n se\u00f1alaron que continuar\u00e1n informando a la ciudadan\u00eda sobre la implementaci\u00f3n de este nuevo instrumento, que busca fortalecer el empleo formal y generar m\u00e1s oportunidades laborales en la regi\u00f3n.<\/p>\n<\/div><\/section><\/div><div  style='height:50px' class='hr hr-invisible   avia-builder-el-6  el_after_av_one_full  el_before_av_social_share '><span class='hr-inner ' ><span class='hr-inner-style'><\/span><\/span><\/div><\/p>\n<div  class='av-social-sharing-box  avia-builder-el-7  el_after_av_hr  el_before_av_hr  '><div class='av-share-box'><h5 class='av-share-link-description av-no-toc '>Compartir esta noticia<\/h5><ul class='av-share-box-list noLightbox'><li class='av-share-link av-social-link-facebook' ><a target=\"_blank\" aria-label=\"Compartir en Facebook\" href='https:\/\/www.facebook.com\/sharer.php?u=https:\/\/radiorevelacionfm.cl\/?p=64834&#038;t=SENCE%20Ays%C3%A9n%20destaca%20aprobaci%C3%B3n%20del%20nuevo%20Subsidio%20Unificado%20al%20Empleo%20que%20fortalecer%C3%A1%20la%20contrataci%C3%B3n%20formal%20en%20la%20regi%C3%B3n' aria-hidden='false' data-av_icon='\ue8f3' data-av_iconfont='entypo-fontello' title='' data-avia-related-tooltip='Compartir en Facebook' rel=\"noopener\"><span class='avia_hidden_link_text'>Compartir en Facebook<\/span><\/a><\/li><li class='av-share-link av-social-link-twitter' ><a target=\"_blank\" aria-label=\"Compartir en Twitter\" href='https:\/\/twitter.com\/share?text=SENCE%20Ays%C3%A9n%20destaca%20aprobaci%C3%B3n%20del%20nuevo%20Subsidio%20Unificado%20al%20Empleo%20que%20fortalecer%C3%A1%20la%20contrataci%C3%B3n%20formal%20en%20la%20regi%C3%B3n&#038;url=https:\/\/radiorevelacionfm.cl\/?p=64834' aria-hidden='false' data-av_icon='\ue8f1' data-av_iconfont='entypo-fontello' title='' data-avia-related-tooltip='Compartir en Twitter' rel=\"noopener\"><span class='avia_hidden_link_text'>Compartir en Twitter<\/span><\/a><\/li><li class='av-share-link av-social-link-whatsapp' ><a target=\"_blank\" aria-label=\"Compartir en Whatsapp\" href='https:\/\/api.whatsapp.com\/send?text=https:\/\/radiorevelacionfm.cl\/?p=64834' aria-hidden='false' data-av_icon='\uf232' data-av_iconfont='entypo-fontello' title='' data-avia-related-tooltip='Compartir en Whatsapp' rel=\"noopener\"><span class='avia_hidden_link_text'>Compartir en Whatsapp<\/span><\/a><\/li><li class='av-share-link av-social-link-linkedin' ><a target=\"_blank\" aria-label=\"Compartir en LinkedIn\" href='https:\/\/linkedin.com\/shareArticle?mini=true&#038;title=SENCE%20Ays%C3%A9n%20destaca%20aprobaci%C3%B3n%20del%20nuevo%20Subsidio%20Unificado%20al%20Empleo%20que%20fortalecer%C3%A1%20la%20contrataci%C3%B3n%20formal%20en%20la%20regi%C3%B3n&#038;url=https:\/\/radiorevelacionfm.cl\/?p=64834' aria-hidden='false' data-av_icon='\ue8fc' data-av_iconfont='entypo-fontello' title='' data-avia-related-tooltip='Compartir en LinkedIn' rel=\"noopener\"><span class='avia_hidden_link_text'>Compartir en LinkedIn<\/span><\/a><\/li><li class='av-share-link av-social-link-mail' ><a  aria-label=\"Compartir por correo\" href='mailto:?subject=SENCE%20Ays%C3%A9n%20destaca%20aprobaci%C3%B3n%20del%20nuevo%20Subsidio%20Unificado%20al%20Empleo%20que%20fortalecer%C3%A1%20la%20contrataci%C3%B3n%20formal%20en%20la%20regi%C3%B3n&#038;body=https:\/\/radiorevelacionfm.cl\/?p=64834' aria-hidden='false' data-av_icon='\ue805' data-av_iconfont='entypo-fontello' title='' data-avia-related-tooltip='Compartir por correo'><span class='avia_hidden_link_text'>Compartir por correo<\/span><\/a><\/li><\/ul><\/div><\/div>\n<div  style='height:50px' class='hr hr-invisible   avia-builder-el-8  el_after_av_social_share  el_before_av_comments_list '><span class='hr-inner ' ><span class='hr-inner-style'><\/span><\/span><\/div>\n<div  class='av-buildercomment  av-blog-meta-html-info-disabled av-blog-meta-tag-disabled  '><\/div>\n","protected":false},"excerpt":{"rendered":"","protected":false},"author":1,"featured_media":64835,"comment_status":"closed","ping_status":"closed","sticky":false,"template":"","format":"standard","meta":{"footnotes":""},"categories":[56],"tags":[],"class_list":["post-64834","post","type-post","status-publish","format-standard","has-post-thumbnail","hentry","category-trabajo"],"jetpack_featured_media_url":"https:\/\/radiorevelacionfm.cl\/wp-content\/uploads\/2026\/03\/nelson-g-1_optimized.jpeg","_links":{"self":[{"href":"https:\/\/radiorevelacionfm.cl\/index.php?rest_route=\/wp\/v2\/posts\/64834","targetHints":{"allow":["GET"]}}],"collection":[{"href":"https:\/\/radiorevelacionfm.cl\/index.php?rest_route=\/wp\/v2\/posts"}],"about":[{"href":"https:\/\/radiorevelacionfm.cl\/index.php?rest_route=\/wp\/v2\/types\/post"}],"author":[{"embeddable":true,"href":"https:\/\/radiorevelacionfm.cl\/index.php?rest_route=\/wp\/v2\/users\/1"}],"replies":[{"embeddable":true,"href":"https:\/\/radiorevelacionfm.cl\/index.php?rest_route=%2Fwp%2Fv2%2Fcomments&post=64834"}],"version-history":[{"count":2,"href":"https:\/\/radiorevelacionfm.cl\/index.php?rest_route=\/wp\/v2\/posts\/64834\/revisions"}],"predecessor-version":[{"id":64837,"href":"https:\/\/radiorevelacionfm.cl\/index.php?rest_route=\/wp\/v2\/posts\/64834\/revisions\/64837"}],"wp:featuredmedia":[{"embeddable":true,"href":"https:\/\/radiorevelacionfm.cl\/index.php?rest_route=\/wp\/v2\/media\/64835"}],"wp:attachment":[{"href":"https:\/\/radiorevelacionfm.cl\/index.php?rest_route=%2Fwp%2Fv2%2Fmedia&parent=64834"}],"wp:term":[{"taxonomy":"category","embeddable":true,"href":"https:\/\/radiorevelacionfm.cl\/index.php?rest_route=%2Fwp%2Fv2%2Fcategories&post=64834"},{"taxonomy":"post_tag","embeddable":true,"href":"https:\/\/radiorevelacionfm.cl\/index.php?rest_route=%2Fwp%2Fv2%2Ftags&post=64834"}],"curies":[{"name":"wp","href":"https:\/\/api.w.org\/{rel}","templated":true}]}}