{"id":64825,"date":"2026-03-06T12:38:19","date_gmt":"2026-03-06T15:38:19","guid":{"rendered":"https:\/\/radiorevelacionfm.cl\/?p=64825"},"modified":"2026-03-06T12:38:19","modified_gmt":"2026-03-06T15:38:19","slug":"sernac-inicia-monitoreo-a-la-venta-de-melatonina-en-el-comercio-del-pais","status":"publish","type":"post","link":"https:\/\/radiorevelacionfm.cl\/?p=64825","title":{"rendered":"Sernac inicia monitoreo a la venta de melatonina en el comercio del pa\u00eds"},"content":{"rendered":"<div class=\"flex_column av_one_full  flex_column_div av-zero-column-padding first  avia-builder-el-0  el_before_av_one_full  avia-builder-el-first  \" style='border-radius:0px; '><div  class='avia-image-container  av-styling-    avia-builder-el-1  avia-builder-el-no-sibling  avia-align-center '  itemprop=\"image\" itemscope=\"itemscope\" itemtype=\"https:\/\/schema.org\/ImageObject\"  ><div class='avia-image-container-inner'><div class='avia-image-overlay-wrap'><img decoding=\"async\" class='wp-image-64826 avia-img-lazy-loading-not-64826 avia_image' src=\"https:\/\/radiorevelacionfm.cl\/wp-content\/uploads\/2026\/03\/05_03_26-grafica-melatonina-1_optimized.jpg\" alt='' title='05_03_26-gr\u00e1fica-melatonina-(1)_optimized' height=\"600\" width=\"900\"  itemprop=\"thumbnailUrl\" srcset=\"https:\/\/radiorevelacionfm.cl\/wp-content\/uploads\/2026\/03\/05_03_26-grafica-melatonina-1_optimized.jpg 900w, https:\/\/radiorevelacionfm.cl\/wp-content\/uploads\/2026\/03\/05_03_26-grafica-melatonina-1_optimized-300x200.jpg 300w, https:\/\/radiorevelacionfm.cl\/wp-content\/uploads\/2026\/03\/05_03_26-grafica-melatonina-1_optimized-768x512.jpg 768w, https:\/\/radiorevelacionfm.cl\/wp-content\/uploads\/2026\/03\/05_03_26-grafica-melatonina-1_optimized-705x470.jpg 705w, https:\/\/radiorevelacionfm.cl\/wp-content\/uploads\/2026\/03\/05_03_26-grafica-melatonina-1_optimized-450x300.jpg 450w, https:\/\/radiorevelacionfm.cl\/wp-content\/uploads\/2026\/03\/05_03_26-grafica-melatonina-1_optimized-600x400.jpg 600w\" sizes=\"(max-width: 900px) 100vw, 900px\" \/><\/div><\/div><\/div><\/div><div class=\"flex_column av_one_full  flex_column_div av-zero-column-padding first  avia-builder-el-2  el_after_av_one_full  el_before_av_one_full  column-top-margin\" style='border-radius:0px; '><section class=\"av_textblock_section \"  itemscope=\"itemscope\" itemtype=\"https:\/\/schema.org\/BlogPosting\" itemprop=\"blogPost\" ><div class='avia_textblock  '   itemprop=\"text\" ><p style=\"text-align: center;\"><strong><span style=\"font-size: 18pt;\">Sernac inicia monitoreo a la venta de melatonina en el comercio del pa\u00eds<\/span><\/strong><\/p>\n<div id=\"gtx-trans\" style=\"position: absolute; left: -50px; top: 4.31534px;\">\n<div class=\"gtx-trans-icon\"><\/div>\n<\/div>\n<\/div><\/section><\/div><div class=\"flex_column av_one_full  flex_column_div av-zero-column-padding first  avia-builder-el-4  el_after_av_one_full  el_before_av_hr  column-top-margin\" style='border-radius:0px; '><section class=\"av_textblock_section \"  itemscope=\"itemscope\" itemtype=\"https:\/\/schema.org\/BlogPosting\" itemprop=\"blogPost\" ><div class='avia_textblock  '   itemprop=\"text\" ><ul>\n<li style=\"text-align: justify;\"><em>El proceso considera una revisi\u00f3n a la venta de este producto tanto en farmacias, marketplaces y sitios web de tiendas de suplementos.<\/em><\/li>\n<li style=\"text-align: justify;\"><em>La melatonina es un producto farmac\u00e9utico del grupo de hipn\u00f3ticos y sedantes, que seg\u00fan el Instituto de Salud P\u00fablica (ISP), requiere de prescripci\u00f3n m\u00e9dica.<\/em><\/li>\n<li style=\"text-align: justify;\"><em>Adicionalmente, el ISP indica que ning\u00fan producto con melatonina est\u00e1 aprobado para uso en menores de 18 a\u00f1os en Chile.<\/em><\/li>\n<li style=\"text-align: justify;\"><em>Su administraci\u00f3n sin control puede interferir con el desarrollo neuroendocrino en ni\u00f1os.<\/em><\/li>\n<li style=\"text-align: justify;\"><em>El SERNAC se coordinar\u00e1 con el ISP, disponiendo de todos los antecedentes que recopile durante este proceso de monitoreo.<\/em><\/li>\n<li style=\"text-align: justify;\"><em>En caso de detectar infracciones a la Ley del Consumidor, el SERNAC no descarta denunciar a los proveedores respectivos ante la justicia, en cuya instancia arriesgan multas de hasta 1.000 UTM, esto es, casi 70 millones de pesos.<\/em><\/li>\n<\/ul>\n<p style=\"text-align: justify;\">El SERNAC inici\u00f3 un monitoreo a la venta de melatonina en diversos comercios del pa\u00eds, tras detectar su comercializaci\u00f3n en formatos de \u201cgomitas\u201d e incluso present\u00e1ndose como suplemento alimenticio natural e inocuo para el sue\u00f1o infantil, pese a que la norma exige que la adquisici\u00f3n de este tipo de productos sea bajo receta m\u00e9dica.<\/p>\n<p style=\"text-align: justify;\">El an\u00e1lisis del Servicio considera, en un primer momento, la revisi\u00f3n digital de sitios web de farmacias, marketplaces y tiendas de suplementos, para verificar el ofrecimiento de melatonina pedi\u00e1trica, antecedentes que ser\u00e1n relevantes para determinar acciones posteriores.<\/p>\n<p style=\"text-align: justify;\">Adicionalmente, el organismo verificar\u00e1, en caso de ocurrir, bajo qu\u00e9 condici\u00f3n se realiza dicha comercializaci\u00f3n. Por ejemplo, si se trata de melatonina para adultos o ni\u00f1os, y si los locales exigen receta m\u00e9dica.<\/p>\n<p style=\"text-align: justify;\">Tambi\u00e9n, monitorear\u00e1 si las etiquetas del envase de los productos contienen motivos infantiles y si los productos indican que se trata de medicamentos o suplementos alimenticios.<\/p>\n<p style=\"text-align: justify;\">Es relevante destacar que la melatonina es una neurohormona end\u00f3gena producida en la gl\u00e1ndula pineal. En Chile, es un producto farmac\u00e9utico del grupo de hipn\u00f3ticos y sedantes, que seg\u00fan el Instituto de Salud P\u00fablica (ISP) requiere de prescripci\u00f3n m\u00e9dica.<\/p>\n<p style=\"text-align: justify;\">El riesgo de ingerir este producto es que como se trata de una hormona, participa en la regulaci\u00f3n del desarrollo sexual, el ciclo reproductor y el metabolismo de la glucosa.<\/p>\n<p style=\"text-align: justify;\">Asimismo, su administraci\u00f3n sin control puede interferir con el desarrollo neuroendocrino en ni\u00f1os. En el caso de venderse en formato de golosina provoca la inducci\u00f3n al consumo riesgoso, por cuanto anula la percepci\u00f3n de riesgo, facilitando la sobredosificaci\u00f3n.<\/p>\n<p style=\"text-align: justify;\"><strong>Incremento de sobredosis\u00a0<\/strong><\/p>\n<p style=\"text-align: justify;\">Los an\u00e1lisis de datos recopilados por centros de especialistas establecen un incremento de casos de ingesti\u00f3n de melatonina. Seg\u00fan el Centro de Informaci\u00f3n Toxicol\u00f3gica de la Pontificia Universidad Cat\u00f3lica de Chile (CITUC), los casos aumentaron un 230% entre 2019 y 2022.<\/p>\n<p style=\"text-align: justify;\">Adicionalmente, durante los \u00faltimos a\u00f1os se ha evidenciado un incremento de las consultas en los servicios de urgencia por ingesta de melatonina en ni\u00f1os, fen\u00f3meno que previamente se vio a nivel internacional, y que actualmente comienza a evidenciarse tambi\u00e9n en Chile.<\/p>\n<p style=\"text-align: justify;\">Respecto de la sintomatolog\u00eda, los pacientes presentan somnolencia, letargia, taquicardia, dolor abdominal y v\u00f3mitos.<\/p>\n<p style=\"text-align: justify;\">El 36,6% de todas las ingestiones reportadas corresponden a ni\u00f1os menores de 12 a\u00f1os, en tanto, el 38,2% corresponden a adolescentes entre 12 y 18 a\u00f1os.<\/p>\n<p style=\"text-align: justify;\"><strong>Alerta sanitaria ISP<\/strong><\/p>\n<p style=\"text-align: justify;\">Seg\u00fan el Bolet\u00edn de Farmacovigilancia N\u00b0 22 del ISP (octubre de 2023), ning\u00fan producto con melatonina est\u00e1 aprobado para uso en menores de 18 a\u00f1os en Chile.<\/p>\n<p style=\"text-align: justify;\">Adicionalmente, no se ha establecido la seguridad ni eficacia en el rango de 0 a 18 a\u00f1os.<\/p>\n<p style=\"text-align: justify;\">Seg\u00fan el ISP, existe restricci\u00f3n de uso de melatonina. La indicaci\u00f3n autorizada es s\u00f3lo para el tratamiento a corto plazo del insomnio en adultos mayores de 55 a\u00f1os.<\/p>\n<p style=\"text-align: justify;\"><strong>Coordinaci\u00f3n SERNAC con ISP<\/strong><\/p>\n<p style=\"text-align: justify;\">Considerando la relevancia y la gravedad de los efectos que puede provocar la melatonina sin prescripci\u00f3n m\u00e9dica, especialmente en ni\u00f1os, el SERNAC se coordinar\u00e1 con el Instituto de Salud P\u00fablica (ISP), poniendo a disposici\u00f3n todos los antecedentes recopilados tras este an\u00e1lisis.<\/p>\n<p style=\"text-align: justify;\">Adicionalmente, el Servicio no descarta adoptar acciones desde el punto de vista de la Ley del Consumidor (LPC), ya sea, el env\u00edo de oficios exigiendo comprobabilidad o incluso denuncias ante los tribunales de justicia por falta de informaci\u00f3n o publicidad enga\u00f1osa.<\/p>\n<p style=\"text-align: justify;\">Recordemos que la LPC establece multas que pueden llegar hasta 1.000 Unidades Tributarias Mensuales (UTM) por publicidad falsa que afecte la salud de las personas, esto es, cerca de 70 millones de pesos.<\/p>\n<p style=\"text-align: justify;\"><strong>\u00a0<\/strong><\/p>\n<p style=\"text-align: justify;\"><strong>\u00a0<\/strong><\/p>\n<p style=\"text-align: justify;\"><strong>\u00a0<\/strong><\/p>\n<\/div><\/section><\/div><div  style='height:50px' class='hr hr-invisible   avia-builder-el-6  el_after_av_one_full  el_before_av_social_share '><span class='hr-inner ' ><span class='hr-inner-style'><\/span><\/span><\/div><\/p>\n<div  class='av-social-sharing-box  avia-builder-el-7  el_after_av_hr  el_before_av_hr  '><div class='av-share-box'><h5 class='av-share-link-description av-no-toc '>Compartir esta noticia<\/h5><ul class='av-share-box-list noLightbox'><li class='av-share-link av-social-link-facebook' ><a target=\"_blank\" aria-label=\"Compartir en Facebook\" href='https:\/\/www.facebook.com\/sharer.php?u=https:\/\/radiorevelacionfm.cl\/?p=64825&#038;t=Sernac%20inicia%20monitoreo%20a%20la%20venta%20de%20melatonina%20en%20el%20comercio%20del%20pa%C3%ADs' aria-hidden='false' data-av_icon='\ue8f3' data-av_iconfont='entypo-fontello' title='' data-avia-related-tooltip='Compartir en Facebook' rel=\"noopener\"><span class='avia_hidden_link_text'>Compartir en Facebook<\/span><\/a><\/li><li class='av-share-link av-social-link-twitter' ><a target=\"_blank\" aria-label=\"Compartir en Twitter\" href='https:\/\/twitter.com\/share?text=Sernac%20inicia%20monitoreo%20a%20la%20venta%20de%20melatonina%20en%20el%20comercio%20del%20pa%C3%ADs&#038;url=https:\/\/radiorevelacionfm.cl\/?p=64825' aria-hidden='false' data-av_icon='\ue8f1' data-av_iconfont='entypo-fontello' title='' data-avia-related-tooltip='Compartir en Twitter' rel=\"noopener\"><span class='avia_hidden_link_text'>Compartir en Twitter<\/span><\/a><\/li><li class='av-share-link av-social-link-whatsapp' ><a target=\"_blank\" aria-label=\"Compartir en Whatsapp\" href='https:\/\/api.whatsapp.com\/send?text=https:\/\/radiorevelacionfm.cl\/?p=64825' aria-hidden='false' data-av_icon='\uf232' data-av_iconfont='entypo-fontello' title='' data-avia-related-tooltip='Compartir en Whatsapp' rel=\"noopener\"><span class='avia_hidden_link_text'>Compartir en Whatsapp<\/span><\/a><\/li><li class='av-share-link av-social-link-linkedin' ><a target=\"_blank\" aria-label=\"Compartir en LinkedIn\" href='https:\/\/linkedin.com\/shareArticle?mini=true&#038;title=Sernac%20inicia%20monitoreo%20a%20la%20venta%20de%20melatonina%20en%20el%20comercio%20del%20pa%C3%ADs&#038;url=https:\/\/radiorevelacionfm.cl\/?p=64825' aria-hidden='false' data-av_icon='\ue8fc' data-av_iconfont='entypo-fontello' title='' data-avia-related-tooltip='Compartir en LinkedIn' rel=\"noopener\"><span class='avia_hidden_link_text'>Compartir en LinkedIn<\/span><\/a><\/li><li class='av-share-link av-social-link-mail' ><a  aria-label=\"Compartir por correo\" href='mailto:?subject=Sernac%20inicia%20monitoreo%20a%20la%20venta%20de%20melatonina%20en%20el%20comercio%20del%20pa%C3%ADs&#038;body=https:\/\/radiorevelacionfm.cl\/?p=64825' aria-hidden='false' data-av_icon='\ue805' data-av_iconfont='entypo-fontello' title='' data-avia-related-tooltip='Compartir por correo'><span class='avia_hidden_link_text'>Compartir por correo<\/span><\/a><\/li><\/ul><\/div><\/div>\n<div  style='height:50px' class='hr hr-invisible   avia-builder-el-8  el_after_av_social_share  el_before_av_comments_list '><span class='hr-inner ' ><span class='hr-inner-style'><\/span><\/span><\/div>\n<div  class='av-buildercomment  av-blog-meta-html-info-disabled av-blog-meta-tag-disabled  '><\/div>\n","protected":false},"excerpt":{"rendered":"","protected":false},"author":1,"featured_media":64826,"comment_status":"closed","ping_status":"closed","sticky":false,"template":"","format":"standard","meta":{"footnotes":""},"categories":[61],"tags":[],"class_list":["post-64825","post","type-post","status-publish","format-standard","has-post-thumbnail","hentry","category-nacional"],"jetpack_featured_media_url":"https:\/\/radiorevelacionfm.cl\/wp-content\/uploads\/2026\/03\/05_03_26-grafica-melatonina-1_optimized.jpg","_links":{"self":[{"href":"https:\/\/radiorevelacionfm.cl\/index.php?rest_route=\/wp\/v2\/posts\/64825","targetHints":{"allow":["GET"]}}],"collection":[{"href":"https:\/\/radiorevelacionfm.cl\/index.php?rest_route=\/wp\/v2\/posts"}],"about":[{"href":"https:\/\/radiorevelacionfm.cl\/index.php?rest_route=\/wp\/v2\/types\/post"}],"author":[{"embeddable":true,"href":"https:\/\/radiorevelacionfm.cl\/index.php?rest_route=\/wp\/v2\/users\/1"}],"replies":[{"embeddable":true,"href":"https:\/\/radiorevelacionfm.cl\/index.php?rest_route=%2Fwp%2Fv2%2Fcomments&post=64825"}],"version-history":[{"count":2,"href":"https:\/\/radiorevelacionfm.cl\/index.php?rest_route=\/wp\/v2\/posts\/64825\/revisions"}],"predecessor-version":[{"id":64833,"href":"https:\/\/radiorevelacionfm.cl\/index.php?rest_route=\/wp\/v2\/posts\/64825\/revisions\/64833"}],"wp:featuredmedia":[{"embeddable":true,"href":"https:\/\/radiorevelacionfm.cl\/index.php?rest_route=\/wp\/v2\/media\/64826"}],"wp:attachment":[{"href":"https:\/\/radiorevelacionfm.cl\/index.php?rest_route=%2Fwp%2Fv2%2Fmedia&parent=64825"}],"wp:term":[{"taxonomy":"category","embeddable":true,"href":"https:\/\/radiorevelacionfm.cl\/index.php?rest_route=%2Fwp%2Fv2%2Fcategories&post=64825"},{"taxonomy":"post_tag","embeddable":true,"href":"https:\/\/radiorevelacionfm.cl\/index.php?rest_route=%2Fwp%2Fv2%2Ftags&post=64825"}],"curies":[{"name":"wp","href":"https:\/\/api.w.org\/{rel}","templated":true}]}}