{"id":64822,"date":"2026-03-06T10:05:24","date_gmt":"2026-03-06T13:05:24","guid":{"rendered":"https:\/\/radiorevelacionfm.cl\/?p=64822"},"modified":"2026-03-06T10:05:24","modified_gmt":"2026-03-06T13:05:24","slug":"aysen-lidera-asignacion-nacional-del-dfl15-y-apoyara-a-158-pymes-con-inversion-privada-superior-a-7-mil-millones","status":"publish","type":"post","link":"https:\/\/radiorevelacionfm.cl\/?p=64822","title":{"rendered":"Ays\u00e9n lidera asignaci\u00f3n nacional del DFL15 y apoyar\u00e1 a 158 pymes con inversi\u00f3n privada superior a $ 7 mil millones"},"content":{"rendered":"<div class=\"flex_column av_one_full  flex_column_div av-zero-column-padding first  avia-builder-el-0  el_before_av_one_full  avia-builder-el-first  \" style='border-radius:0px; '><div  class='avia-image-container  av-styling-    avia-builder-el-1  avia-builder-el-no-sibling  avia-align-center '  itemprop=\"image\" itemscope=\"itemscope\" itemtype=\"https:\/\/schema.org\/ImageObject\"  ><div class='avia-image-container-inner'><div class='avia-image-overlay-wrap'><img decoding=\"async\" class='wp-image-63254 avia-img-lazy-loading-not-63254 avia_image' src=\"https:\/\/radiorevelacionfm.cl\/wp-content\/uploads\/2026\/01\/260113_dfl152026-1_optimized.jpg\" alt='' title='260113_dfl152026-(1)_optimized' height=\"600\" width=\"1111\"  itemprop=\"thumbnailUrl\" srcset=\"https:\/\/radiorevelacionfm.cl\/wp-content\/uploads\/2026\/01\/260113_dfl152026-1_optimized.jpg 1111w, https:\/\/radiorevelacionfm.cl\/wp-content\/uploads\/2026\/01\/260113_dfl152026-1_optimized-300x162.jpg 300w, https:\/\/radiorevelacionfm.cl\/wp-content\/uploads\/2026\/01\/260113_dfl152026-1_optimized-1030x556.jpg 1030w, https:\/\/radiorevelacionfm.cl\/wp-content\/uploads\/2026\/01\/260113_dfl152026-1_optimized-768x415.jpg 768w, https:\/\/radiorevelacionfm.cl\/wp-content\/uploads\/2026\/01\/260113_dfl152026-1_optimized-705x381.jpg 705w, https:\/\/radiorevelacionfm.cl\/wp-content\/uploads\/2026\/01\/260113_dfl152026-1_optimized-450x243.jpg 450w, https:\/\/radiorevelacionfm.cl\/wp-content\/uploads\/2026\/01\/260113_dfl152026-1_optimized-600x324.jpg 600w\" sizes=\"(max-width: 1111px) 100vw, 1111px\" \/><\/div><\/div><\/div><\/div><div class=\"flex_column av_one_full  flex_column_div av-zero-column-padding first  avia-builder-el-2  el_after_av_one_full  el_before_av_one_full  column-top-margin\" style='border-radius:0px; '><section class=\"av_textblock_section \"  itemscope=\"itemscope\" itemtype=\"https:\/\/schema.org\/BlogPosting\" itemprop=\"blogPost\" ><div class='avia_textblock  '   itemprop=\"text\" ><p style=\"text-align: center;\"><strong><span style=\"font-size: 18pt;\">Ays\u00e9n lidera asignaci\u00f3n nacional del DFL15 y apoyar\u00e1 a 158 pymes con inversi\u00f3n privada superior a $ 7 mil millones<\/span><\/strong><\/p>\n<div id=\"gtx-trans\" style=\"position: absolute; left: -50px; top: 4.31534px;\">\n<div class=\"gtx-trans-icon\"><\/div>\n<\/div>\n<\/div><\/section><\/div><div class=\"flex_column av_one_full  flex_column_div av-zero-column-padding first  avia-builder-el-4  el_after_av_one_full  el_before_av_hr  column-top-margin\" style='border-radius:0px; '><section class=\"av_textblock_section \"  itemscope=\"itemscope\" itemtype=\"https:\/\/schema.org\/BlogPosting\" itemprop=\"blogPost\" ><div class='avia_textblock  '   itemprop=\"text\" ><p style=\"font-weight: 400; text-align: justify;\"><em>La publicaci\u00f3n del decreto del Ministerio de Hacienda que distribuye los recursos del Fondo de Fomento y Desarrollo de las Regiones Extremas permitir\u00e1 impulsar proyectos productivos en distintos sectores econ\u00f3micos de la regi\u00f3n.<\/em><\/p>\n<p style=\"font-weight: 400; text-align: justify;\">Un total de 158 peque\u00f1as y medianas empresas de la Regi\u00f3n de Ays\u00e9n recibir\u00e1n bonificaciones a la inversi\u00f3n productiva en el marco del programa DFL15, luego de que el Ministerio de Hacienda publicara el decreto que oficializa la distribuci\u00f3n nacional de los recursos del Fondo de Fomento y Desarrollo de las Regiones Extremas para el a\u00f1o 2026.<\/p>\n<p style=\"font-weight: 400; text-align: justify;\">El director de Corfo Ays\u00e9n, Humberto Mar\u00edn Leiva, destac\u00f3 que el Decreto Exento N\u00b038 establece que la regi\u00f3n contar\u00e1 con $1.276 millones en bonificaciones, posicion\u00e1ndose como el territorio con la mayor asignaci\u00f3n de recursos del pa\u00eds dentro de este instrumento. Seg\u00fan explic\u00f3, a nivel nacional el fondo considera $3.879 millones, destinados a impulsar inversiones productivas en las regiones extremas y en las provincias de Chilo\u00e9 y Palena.<\/p>\n<p style=\"font-weight: 400; text-align: justify;\">\u201cEsto significa que Ays\u00e9n se convierte por lejos en el territorio con la mayor asignaci\u00f3n de recursos del pa\u00eds dentro de este instrumento, lo que refleja la confianza en el trabajo que se ha venido realizando en la regi\u00f3n y el creciente inter\u00e9s de las pymes por desarrollar nuevas inversiones productivas\u201d, se\u00f1al\u00f3.<\/p>\n<p style=\"font-weight: 400; text-align: justify;\">El DFL15 es un incentivo econ\u00f3mico que permite bonificar hasta el 20% de las inversiones o reinversiones productivas realizadas por peque\u00f1as y medianas empresas, con el objetivo de fortalecer el desarrollo econ\u00f3mico en zonas extremas y reducir las brechas territoriales que enfrentan las empresas en regiones alejadas de los principales centros productivos.<\/p>\n<p style=\"font-weight: 400; text-align: justify;\">En el proceso correspondiente a 2026, el instrumento registr\u00f3 288 postulaciones en la Regi\u00f3n de Ays\u00e9n, de las cuales 231 fueron declaradas admisibles. Finalmente, 158 pymes y emprendimientos fueron seleccionados para recibir la bonificaci\u00f3n, lo que permitir\u00e1 concretar iniciativas en distintos sectores productivos del territorio.<\/p>\n<p style=\"font-weight: 400; text-align: justify;\">La demanda de bonificaci\u00f3n alcanz\u00f3 $1.980 millones, cifra superior a los recursos disponibles, lo que evidencia el dinamismo del ecosistema empresarial regional y el inter\u00e9s de las pymes por desarrollar nuevas iniciativas productivas.<\/p>\n<p style=\"font-weight: 400; text-align: justify;\">En t\u00e9rminos econ\u00f3micos, los proyectos postulados representan cerca de $7.100 millones en inversi\u00f3n privada asociada, confirmando el efecto multiplicador que genera este incentivo p\u00fablico en la econom\u00eda regional.<\/p>\n<p style=\"font-weight: 400; text-align: justify;\">Los proyectos seleccionados abarcan distintos sectores productivos relevantes para la regi\u00f3n. En turismo y transporte destacan iniciativas destinadas a fortalecer servicios de traslado de pasajeros y navegaci\u00f3n. En el \u00e1mbito agroindustrial y ganadero se impulsar\u00e1n inversiones en mejoramiento gen\u00e9tico, adquisici\u00f3n de maquinaria agr\u00edcola y optimizaci\u00f3n de sistemas de riego. Asimismo, en infraestructura y construcci\u00f3n se apoyar\u00e1 la compra de maquinaria especializada, como camiones hormigoneros y retroexcavadoras, lo que permitir\u00e1 fortalecer la capacidad operativa de empresas regionales.<\/p>\n<p style=\"font-weight: 400; text-align: justify;\">El director de Corfo Ays\u00e9n, Humberto Mar\u00edn Leiva, destac\u00f3 el impacto que tiene el DFL15 para fortalecer la inversi\u00f3n de las pymes en el territorio. Seg\u00fan explic\u00f3, este instrumento permite impulsar nuevas inversiones y facilitar que peque\u00f1as y medianas empresas concreten proyectos que mejoran su productividad, generan empleo y aportan al desarrollo econ\u00f3mico local.<\/p>\n<p style=\"font-weight: 400; text-align: justify;\">\u201cEl DFL15 es una herramienta muy relevante para impulsar nuevas inversiones en la regi\u00f3n y apoyar a las pymes que quieren seguir creciendo\u201d, se\u00f1al\u00f3. Asimismo, destac\u00f3 que el alto n\u00famero de postulaciones refleja el inter\u00e9s de las empresas por invertir y desarrollar nuevas iniciativas productivas en el territorio.<\/p>\n<p style=\"font-weight: 400; text-align: justify;\">\u201cEste instrumento forma parte de una pol\u00edtica p\u00fablica orientada a promover la equidad territorial y fortalecer el desarrollo econ\u00f3mico en zonas extremas, donde las condiciones geogr\u00e1ficas suelen implicar mayores costos para la inversi\u00f3n productiva\u201d, agreg\u00f3.<\/p>\n<p style=\"font-weight: 400; text-align: justify;\">Con la publicaci\u00f3n del decreto que distribuye los recursos a nivel nacional, el proceso continuar\u00e1 con la formalizaci\u00f3n de los proyectos beneficiados, permitiendo que nuevas inversiones comiencen a materializarse en distintos sectores productivos de la regi\u00f3n durante los pr\u00f3ximos meses.<\/p>\n<\/div><\/section><\/div><div  style='height:50px' class='hr hr-invisible   avia-builder-el-6  el_after_av_one_full  el_before_av_social_share '><span class='hr-inner ' ><span class='hr-inner-style'><\/span><\/span><\/div><\/p>\n<div  class='av-social-sharing-box  avia-builder-el-7  el_after_av_hr  el_before_av_hr  '><div class='av-share-box'><h5 class='av-share-link-description av-no-toc '>Compartir esta noticia<\/h5><ul class='av-share-box-list noLightbox'><li class='av-share-link av-social-link-facebook' ><a target=\"_blank\" aria-label=\"Compartir en Facebook\" href='https:\/\/www.facebook.com\/sharer.php?u=https:\/\/radiorevelacionfm.cl\/?p=64822&#038;t=Ays%C3%A9n%20lidera%20asignaci%C3%B3n%20nacional%20del%20DFL15%20y%20apoyar%C3%A1%20a%20158%20pymes%20con%20inversi%C3%B3n%20privada%20superior%20a%20%24%207%20mil%20millones' aria-hidden='false' data-av_icon='\ue8f3' data-av_iconfont='entypo-fontello' title='' data-avia-related-tooltip='Compartir en Facebook' rel=\"noopener\"><span class='avia_hidden_link_text'>Compartir en Facebook<\/span><\/a><\/li><li class='av-share-link av-social-link-twitter' ><a target=\"_blank\" aria-label=\"Compartir en Twitter\" href='https:\/\/twitter.com\/share?text=Ays%C3%A9n%20lidera%20asignaci%C3%B3n%20nacional%20del%20DFL15%20y%20apoyar%C3%A1%20a%20158%20pymes%20con%20inversi%C3%B3n%20privada%20superior%20a%20%24%207%20mil%20millones&#038;url=https:\/\/radiorevelacionfm.cl\/?p=64822' aria-hidden='false' data-av_icon='\ue8f1' data-av_iconfont='entypo-fontello' title='' data-avia-related-tooltip='Compartir en Twitter' rel=\"noopener\"><span class='avia_hidden_link_text'>Compartir en Twitter<\/span><\/a><\/li><li class='av-share-link av-social-link-whatsapp' ><a target=\"_blank\" aria-label=\"Compartir en Whatsapp\" href='https:\/\/api.whatsapp.com\/send?text=https:\/\/radiorevelacionfm.cl\/?p=64822' aria-hidden='false' data-av_icon='\uf232' data-av_iconfont='entypo-fontello' title='' data-avia-related-tooltip='Compartir en Whatsapp' rel=\"noopener\"><span class='avia_hidden_link_text'>Compartir en Whatsapp<\/span><\/a><\/li><li class='av-share-link av-social-link-linkedin' ><a target=\"_blank\" aria-label=\"Compartir en LinkedIn\" href='https:\/\/linkedin.com\/shareArticle?mini=true&#038;title=Ays%C3%A9n%20lidera%20asignaci%C3%B3n%20nacional%20del%20DFL15%20y%20apoyar%C3%A1%20a%20158%20pymes%20con%20inversi%C3%B3n%20privada%20superior%20a%20%24%207%20mil%20millones&#038;url=https:\/\/radiorevelacionfm.cl\/?p=64822' aria-hidden='false' data-av_icon='\ue8fc' data-av_iconfont='entypo-fontello' title='' data-avia-related-tooltip='Compartir en LinkedIn' rel=\"noopener\"><span class='avia_hidden_link_text'>Compartir en LinkedIn<\/span><\/a><\/li><li class='av-share-link av-social-link-mail' ><a  aria-label=\"Compartir por correo\" href='mailto:?subject=Ays%C3%A9n%20lidera%20asignaci%C3%B3n%20nacional%20del%20DFL15%20y%20apoyar%C3%A1%20a%20158%20pymes%20con%20inversi%C3%B3n%20privada%20superior%20a%20%24%207%20mil%20millones&#038;body=https:\/\/radiorevelacionfm.cl\/?p=64822' aria-hidden='false' data-av_icon='\ue805' data-av_iconfont='entypo-fontello' title='' data-avia-related-tooltip='Compartir por correo'><span class='avia_hidden_link_text'>Compartir por correo<\/span><\/a><\/li><\/ul><\/div><\/div>\n<div  style='height:50px' class='hr hr-invisible   avia-builder-el-8  el_after_av_social_share  el_before_av_comments_list '><span class='hr-inner ' ><span class='hr-inner-style'><\/span><\/span><\/div>\n<div  class='av-buildercomment  av-blog-meta-html-info-disabled av-blog-meta-tag-disabled  '><\/div>\n","protected":false},"excerpt":{"rendered":"","protected":false},"author":1,"featured_media":63254,"comment_status":"closed","ping_status":"closed","sticky":false,"template":"","format":"standard","meta":{"footnotes":""},"categories":[38],"tags":[],"class_list":["post-64822","post","type-post","status-publish","format-standard","has-post-thumbnail","hentry","category-regional"],"jetpack_featured_media_url":"https:\/\/radiorevelacionfm.cl\/wp-content\/uploads\/2026\/01\/260113_dfl152026-1_optimized.jpg","_links":{"self":[{"href":"https:\/\/radiorevelacionfm.cl\/index.php?rest_route=\/wp\/v2\/posts\/64822","targetHints":{"allow":["GET"]}}],"collection":[{"href":"https:\/\/radiorevelacionfm.cl\/index.php?rest_route=\/wp\/v2\/posts"}],"about":[{"href":"https:\/\/radiorevelacionfm.cl\/index.php?rest_route=\/wp\/v2\/types\/post"}],"author":[{"embeddable":true,"href":"https:\/\/radiorevelacionfm.cl\/index.php?rest_route=\/wp\/v2\/users\/1"}],"replies":[{"embeddable":true,"href":"https:\/\/radiorevelacionfm.cl\/index.php?rest_route=%2Fwp%2Fv2%2Fcomments&post=64822"}],"version-history":[{"count":2,"href":"https:\/\/radiorevelacionfm.cl\/index.php?rest_route=\/wp\/v2\/posts\/64822\/revisions"}],"predecessor-version":[{"id":64830,"href":"https:\/\/radiorevelacionfm.cl\/index.php?rest_route=\/wp\/v2\/posts\/64822\/revisions\/64830"}],"wp:featuredmedia":[{"embeddable":true,"href":"https:\/\/radiorevelacionfm.cl\/index.php?rest_route=\/wp\/v2\/media\/63254"}],"wp:attachment":[{"href":"https:\/\/radiorevelacionfm.cl\/index.php?rest_route=%2Fwp%2Fv2%2Fmedia&parent=64822"}],"wp:term":[{"taxonomy":"category","embeddable":true,"href":"https:\/\/radiorevelacionfm.cl\/index.php?rest_route=%2Fwp%2Fv2%2Fcategories&post=64822"},{"taxonomy":"post_tag","embeddable":true,"href":"https:\/\/radiorevelacionfm.cl\/index.php?rest_route=%2Fwp%2Fv2%2Ftags&post=64822"}],"curies":[{"name":"wp","href":"https:\/\/api.w.org\/{rel}","templated":true}]}}