{"id":64814,"date":"2026-03-05T17:26:19","date_gmt":"2026-03-05T20:26:19","guid":{"rendered":"https:\/\/radiorevelacionfm.cl\/?p=64814"},"modified":"2026-03-05T17:26:19","modified_gmt":"2026-03-05T20:26:19","slug":"en-la-region-de-aysen-311-personas-se-encuentran-inhabilitadas-para-trabajar-con-menores-de-edad","status":"publish","type":"post","link":"https:\/\/radiorevelacionfm.cl\/?p=64814","title":{"rendered":"En la regi\u00f3n de Ays\u00e9n 311 personas se encuentran inhabilitadas para trabajar con menores de edad"},"content":{"rendered":"<div class=\"flex_column av_one_full  flex_column_div av-zero-column-padding first  avia-builder-el-0  el_before_av_one_full  avia-builder-el-first  \" style='border-radius:0px; '><div  class='avia-image-container  av-styling-    avia-builder-el-1  avia-builder-el-no-sibling  avia-align-center '  itemprop=\"image\" itemscope=\"itemscope\" itemtype=\"https:\/\/schema.org\/ImageObject\"  ><div class='avia-image-container-inner'><div class='avia-image-overlay-wrap'><img decoding=\"async\" class='wp-image-64815 avia-img-lazy-loading-not-64815 avia_image' src=\"https:\/\/radiorevelacionfm.cl\/wp-content\/uploads\/2026\/03\/Trabajo-con-menores-01-1024x768-1-1.jpeg\" alt='' title='Trabajo con menores 01-1024x768 (1) (1)' height=\"600\" width=\"1029\"  itemprop=\"thumbnailUrl\" srcset=\"https:\/\/radiorevelacionfm.cl\/wp-content\/uploads\/2026\/03\/Trabajo-con-menores-01-1024x768-1-1.jpeg 1029w, https:\/\/radiorevelacionfm.cl\/wp-content\/uploads\/2026\/03\/Trabajo-con-menores-01-1024x768-1-1-300x175.jpeg 300w, https:\/\/radiorevelacionfm.cl\/wp-content\/uploads\/2026\/03\/Trabajo-con-menores-01-1024x768-1-1-768x448.jpeg 768w, https:\/\/radiorevelacionfm.cl\/wp-content\/uploads\/2026\/03\/Trabajo-con-menores-01-1024x768-1-1-705x411.jpeg 705w, https:\/\/radiorevelacionfm.cl\/wp-content\/uploads\/2026\/03\/Trabajo-con-menores-01-1024x768-1-1-450x262.jpeg 450w, https:\/\/radiorevelacionfm.cl\/wp-content\/uploads\/2026\/03\/Trabajo-con-menores-01-1024x768-1-1-600x350.jpeg 600w\" sizes=\"(max-width: 1029px) 100vw, 1029px\" \/><\/div><\/div><\/div><\/div><div class=\"flex_column av_one_full  flex_column_div av-zero-column-padding first  avia-builder-el-2  el_after_av_one_full  el_before_av_one_full  column-top-margin\" style='border-radius:0px; '><section class=\"av_textblock_section \"  itemscope=\"itemscope\" itemtype=\"https:\/\/schema.org\/BlogPosting\" itemprop=\"blogPost\" ><div class='avia_textblock  '   itemprop=\"text\" ><p style=\"text-align: center;\"><strong><span style=\"font-size: 18pt;\">En la regi\u00f3n de Ays\u00e9n 311 personas se encuentran inhabilitadas para trabajar con menores de edad<\/span><\/strong><\/p>\n<div id=\"gtx-trans\" style=\"position: absolute; left: -50px; top: 4.31534px;\">\n<div class=\"gtx-trans-icon\"><\/div>\n<\/div>\n<\/div><\/section><\/div><div class=\"flex_column av_one_full  flex_column_div av-zero-column-padding first  avia-builder-el-4  el_after_av_one_full  el_before_av_hr  column-top-margin\" style='border-radius:0px; '><section class=\"av_textblock_section \"  itemscope=\"itemscope\" itemtype=\"https:\/\/schema.org\/BlogPosting\" itemprop=\"blogPost\" ><div class='avia_textblock  '   itemprop=\"text\" ><p style=\"text-align: justify;\"><strong><em>A nivel nacional seg\u00fan informaci\u00f3n entregada por el Registro Civil hay 20 mil 114 personas inhabilitadas para trabajar con menores de edad, mientras que en nuestra regi\u00f3n son 311 personas.<\/em><\/strong><\/p>\n<p style=\"text-align: justify;\">Con el inicio del a\u00f1o escolar, el seremi de Justicia y Derechos Humanos Samuel Navarro Castro hizo un llamado a los padres y apoderados a consultar el Registro de Inhabilidades para trabajar con menores de edad, antes de contratar servicios para sus hijos e hijas como transporte escolar, clases particulares, cuidadores, por nombrar algunos.<\/p>\n<p style=\"text-align: justify;\">Seg\u00fan datos del Registro Civil, al 31 de enero de este a\u00f1o, en el Registro de Inhabilidades hay 20 mil 114 personas a nivel nacional, de las cuales 311 pertenecen a la regi\u00f3n de Ays\u00e9n.<\/p>\n<p style=\"text-align: justify;\">Al respecto, el seremi de Justicia y Derechos Humanos Samuel Navarro Castro se\u00f1al\u00f3 que \u201ces importante reforzar las medidas de prevenci\u00f3n y cuidados que pueden tener los padres, las madres , los apoderados al momento de contratar personas que se quedan con sus hijos o que hagan labores de transporte escolar, para eso recordar que existe un registro de personas inhabilitadas para trabajar con menores de edad producto de condenas judiciales, este registro de car\u00e1cter p\u00fablico debe ingresar a la p\u00e1gina del Registro Civil y con el rut puede revisar si tiene o no tiene inhabilidades para trabajar con menores de edad, a esta fecha hay 311 personas en dicho registro, por lo tanto es importante que los padres, madres, apoderados puedan verificar a quienes contratan para distintos servicios \u00a0ya sea de cuidado o de transporte escolar para prevenir que se contrate a una persona que no pueda trabajar con menores de edad por tener alguna condena judicial que lo incorpor\u00f3 a este registro de inhabilidades para trabajar con menores de edad\u201d.<\/p>\n<p style=\"text-align: justify;\">Finalmente, mencionar que este registro desde sus inicios en el a\u00f1o 2012, ha recibido m\u00e1s de 19 millones de consultas por parte de la ciudadan\u00eda, transform\u00e1ndose en una herramienta gratuita de enorme utilidad para los padres y madres que deben escoger a las personas que se vinculan con el cuidado de sus hijos o hijas.<\/p>\n<\/div><\/section><\/div><div  style='height:50px' class='hr hr-invisible   avia-builder-el-6  el_after_av_one_full  el_before_av_social_share '><span class='hr-inner ' ><span class='hr-inner-style'><\/span><\/span><\/div><\/p>\n<div  class='av-social-sharing-box  avia-builder-el-7  el_after_av_hr  el_before_av_hr  '><div class='av-share-box'><h5 class='av-share-link-description av-no-toc '>Compartir esta noticia<\/h5><ul class='av-share-box-list noLightbox'><li class='av-share-link av-social-link-facebook' ><a target=\"_blank\" aria-label=\"Compartir en Facebook\" href='https:\/\/www.facebook.com\/sharer.php?u=https:\/\/radiorevelacionfm.cl\/?p=64814&#038;t=En%20la%20regi%C3%B3n%20de%20Ays%C3%A9n%20311%20personas%20se%20encuentran%20inhabilitadas%20para%20trabajar%20con%20menores%20de%20edad' aria-hidden='false' data-av_icon='\ue8f3' data-av_iconfont='entypo-fontello' title='' data-avia-related-tooltip='Compartir en Facebook' rel=\"noopener\"><span class='avia_hidden_link_text'>Compartir en Facebook<\/span><\/a><\/li><li class='av-share-link av-social-link-twitter' ><a target=\"_blank\" aria-label=\"Compartir en Twitter\" href='https:\/\/twitter.com\/share?text=En%20la%20regi%C3%B3n%20de%20Ays%C3%A9n%20311%20personas%20se%20encuentran%20inhabilitadas%20para%20trabajar%20con%20menores%20de%20edad&#038;url=https:\/\/radiorevelacionfm.cl\/?p=64814' aria-hidden='false' data-av_icon='\ue8f1' data-av_iconfont='entypo-fontello' title='' data-avia-related-tooltip='Compartir en Twitter' rel=\"noopener\"><span class='avia_hidden_link_text'>Compartir en Twitter<\/span><\/a><\/li><li class='av-share-link av-social-link-whatsapp' ><a target=\"_blank\" aria-label=\"Compartir en Whatsapp\" href='https:\/\/api.whatsapp.com\/send?text=https:\/\/radiorevelacionfm.cl\/?p=64814' aria-hidden='false' data-av_icon='\uf232' data-av_iconfont='entypo-fontello' title='' data-avia-related-tooltip='Compartir en Whatsapp' rel=\"noopener\"><span class='avia_hidden_link_text'>Compartir en Whatsapp<\/span><\/a><\/li><li class='av-share-link av-social-link-linkedin' ><a target=\"_blank\" aria-label=\"Compartir en LinkedIn\" href='https:\/\/linkedin.com\/shareArticle?mini=true&#038;title=En%20la%20regi%C3%B3n%20de%20Ays%C3%A9n%20311%20personas%20se%20encuentran%20inhabilitadas%20para%20trabajar%20con%20menores%20de%20edad&#038;url=https:\/\/radiorevelacionfm.cl\/?p=64814' aria-hidden='false' data-av_icon='\ue8fc' data-av_iconfont='entypo-fontello' title='' data-avia-related-tooltip='Compartir en LinkedIn' rel=\"noopener\"><span class='avia_hidden_link_text'>Compartir en LinkedIn<\/span><\/a><\/li><li class='av-share-link av-social-link-mail' ><a  aria-label=\"Compartir por correo\" href='mailto:?subject=En%20la%20regi%C3%B3n%20de%20Ays%C3%A9n%20311%20personas%20se%20encuentran%20inhabilitadas%20para%20trabajar%20con%20menores%20de%20edad&#038;body=https:\/\/radiorevelacionfm.cl\/?p=64814' aria-hidden='false' data-av_icon='\ue805' data-av_iconfont='entypo-fontello' title='' data-avia-related-tooltip='Compartir por correo'><span class='avia_hidden_link_text'>Compartir por correo<\/span><\/a><\/li><\/ul><\/div><\/div>\n<div  style='height:50px' class='hr hr-invisible   avia-builder-el-8  el_after_av_social_share  el_before_av_comments_list '><span class='hr-inner ' ><span class='hr-inner-style'><\/span><\/span><\/div>\n<div  class='av-buildercomment  av-blog-meta-html-info-disabled av-blog-meta-tag-disabled  '><\/div>\n","protected":false},"excerpt":{"rendered":"","protected":false},"author":1,"featured_media":64815,"comment_status":"closed","ping_status":"closed","sticky":false,"template":"","format":"standard","meta":{"footnotes":""},"categories":[55],"tags":[],"class_list":["post-64814","post","type-post","status-publish","format-standard","has-post-thumbnail","hentry","category-justicia"],"jetpack_featured_media_url":"https:\/\/radiorevelacionfm.cl\/wp-content\/uploads\/2026\/03\/Trabajo-con-menores-01-1024x768-1-1.jpeg","_links":{"self":[{"href":"https:\/\/radiorevelacionfm.cl\/index.php?rest_route=\/wp\/v2\/posts\/64814","targetHints":{"allow":["GET"]}}],"collection":[{"href":"https:\/\/radiorevelacionfm.cl\/index.php?rest_route=\/wp\/v2\/posts"}],"about":[{"href":"https:\/\/radiorevelacionfm.cl\/index.php?rest_route=\/wp\/v2\/types\/post"}],"author":[{"embeddable":true,"href":"https:\/\/radiorevelacionfm.cl\/index.php?rest_route=\/wp\/v2\/users\/1"}],"replies":[{"embeddable":true,"href":"https:\/\/radiorevelacionfm.cl\/index.php?rest_route=%2Fwp%2Fv2%2Fcomments&post=64814"}],"version-history":[{"count":2,"href":"https:\/\/radiorevelacionfm.cl\/index.php?rest_route=\/wp\/v2\/posts\/64814\/revisions"}],"predecessor-version":[{"id":64820,"href":"https:\/\/radiorevelacionfm.cl\/index.php?rest_route=\/wp\/v2\/posts\/64814\/revisions\/64820"}],"wp:featuredmedia":[{"embeddable":true,"href":"https:\/\/radiorevelacionfm.cl\/index.php?rest_route=\/wp\/v2\/media\/64815"}],"wp:attachment":[{"href":"https:\/\/radiorevelacionfm.cl\/index.php?rest_route=%2Fwp%2Fv2%2Fmedia&parent=64814"}],"wp:term":[{"taxonomy":"category","embeddable":true,"href":"https:\/\/radiorevelacionfm.cl\/index.php?rest_route=%2Fwp%2Fv2%2Fcategories&post=64814"},{"taxonomy":"post_tag","embeddable":true,"href":"https:\/\/radiorevelacionfm.cl\/index.php?rest_route=%2Fwp%2Fv2%2Ftags&post=64814"}],"curies":[{"name":"wp","href":"https:\/\/api.w.org\/{rel}","templated":true}]}}