{"id":64811,"date":"2026-03-05T21:17:06","date_gmt":"2026-03-06T00:17:06","guid":{"rendered":"https:\/\/radiorevelacionfm.cl\/?p=64811"},"modified":"2026-03-05T21:17:06","modified_gmt":"2026-03-06T00:17:06","slug":"seremi-destaca-avances-de-conadi-en-aysen-y-su-impacto-en-el-territorio","status":"publish","type":"post","link":"https:\/\/radiorevelacionfm.cl\/?p=64811","title":{"rendered":"Seremi destaca avances de Conadi en Ays\u00e9n y su impacto en el territorio"},"content":{"rendered":"<div class=\"flex_column av_one_full  flex_column_div av-zero-column-padding first  avia-builder-el-0  el_before_av_one_full  avia-builder-el-first  \" style='border-radius:0px; '><div  class='avia-image-container  av-styling-    avia-builder-el-1  avia-builder-el-no-sibling  avia-align-center '  itemprop=\"image\" itemscope=\"itemscope\" itemtype=\"https:\/\/schema.org\/ImageObject\"  ><div class='avia-image-container-inner'><div class='avia-image-overlay-wrap'><img decoding=\"async\" class='wp-image-64812 avia-img-lazy-loading-not-64812 avia_image' src=\"https:\/\/radiorevelacionfm.cl\/wp-content\/uploads\/2026\/03\/riego-conadi-1-1_optimized.jpeg\" alt='' title='riego-conadi-1-(1)_optimized' height=\"600\" width=\"800\"  itemprop=\"thumbnailUrl\" srcset=\"https:\/\/radiorevelacionfm.cl\/wp-content\/uploads\/2026\/03\/riego-conadi-1-1_optimized.jpeg 800w, https:\/\/radiorevelacionfm.cl\/wp-content\/uploads\/2026\/03\/riego-conadi-1-1_optimized-300x225.jpeg 300w, https:\/\/radiorevelacionfm.cl\/wp-content\/uploads\/2026\/03\/riego-conadi-1-1_optimized-768x576.jpeg 768w, https:\/\/radiorevelacionfm.cl\/wp-content\/uploads\/2026\/03\/riego-conadi-1-1_optimized-705x529.jpeg 705w, https:\/\/radiorevelacionfm.cl\/wp-content\/uploads\/2026\/03\/riego-conadi-1-1_optimized-450x338.jpeg 450w, https:\/\/radiorevelacionfm.cl\/wp-content\/uploads\/2026\/03\/riego-conadi-1-1_optimized-600x450.jpeg 600w\" sizes=\"(max-width: 800px) 100vw, 800px\" \/><\/div><\/div><\/div><\/div><div class=\"flex_column av_one_full  flex_column_div av-zero-column-padding first  avia-builder-el-2  el_after_av_one_full  el_before_av_one_full  column-top-margin\" style='border-radius:0px; '><section class=\"av_textblock_section \"  itemscope=\"itemscope\" itemtype=\"https:\/\/schema.org\/BlogPosting\" itemprop=\"blogPost\" ><div class='avia_textblock  '   itemprop=\"text\" ><p style=\"text-align: center;\"><strong><span style=\"font-size: 18pt;\">Seremi destaca avances de Conadi en Ays\u00e9n y su impacto en el territorio<\/span><\/strong><\/p>\n<div id=\"gtx-trans\" style=\"position: absolute; left: -50px; top: 4.31534px;\">\n<div class=\"gtx-trans-icon\"><\/div>\n<\/div>\n<\/div><\/section><\/div><div class=\"flex_column av_one_full  flex_column_div av-zero-column-padding first  avia-builder-el-4  el_after_av_one_full  el_before_av_hr  column-top-margin\" style='border-radius:0px; '><section class=\"av_textblock_section \"  itemscope=\"itemscope\" itemtype=\"https:\/\/schema.org\/BlogPosting\" itemprop=\"blogPost\" ><div class='avia_textblock  '   itemprop=\"text\" ><p style=\"text-align: justify;\">Alrededor de 350 millones de pesos es lo que tiene proyectado este 2026 la Corporaci\u00f3n Nacional de Desarrollo Ind\u00edgena, Conadi, en la regi\u00f3n de Ays\u00e9n para ejecutar variados Programas, todos con un marcado acento de pertinencia territorial.<\/p>\n<p style=\"text-align: justify;\">As\u00ed es como describe la Seremi de Desarrollo Social y Familia Karina Acevedo Auad el trabajo y compromiso ministerial que hoy presenta a una Conadi fortalecida en la regi\u00f3n de Ays\u00e9n \u201cDurante estos 4 a\u00f1os como Gobierno, uno de los grandes desaf\u00edos era c\u00f3mo apalanc\u00e1bamos recursos y c\u00f3mo ejecut\u00e1bamos programas distintos en nuestro territorio para nuestra Oficina de Enlace Conadi, la que no tiene las mismas atribuciones que una Direcci\u00f3n Regional. Sin embargo, lo logramos\u201d.<\/p>\n<p style=\"text-align: justify;\">Al respecto agrega la autoridad regional que \u201cTenemos hitos importantes: bajamos programas, apalancamos recursos, avanzamos much\u00edsimo con la Oficina Enlace y con los programas que tenemos en Ays\u00e9n. Hemos allanado un camino para las nuevas administraciones y el desaf\u00edo est\u00e1, para que las comunidades tomen los instrumentos que hemos dise\u00f1ado y que ya est\u00e1n en la regi\u00f3n de Ays\u00e9n y puedan consolidarlo en el transcurso del tiempo para el beneficio de las comunidades\u201d indica Karina Acevedo.<\/p>\n<p style=\"text-align: justify;\">Durante el 2025 destac\u00f3 la llegada del Programa Turismo Ind\u00edgena que se desarroll\u00f3 en Villa Cerro Castillo con un financiamiento de 20 millones de pesos a trav\u00e9s de una estrat\u00e9gica alianza con Sernatur, la conformaci\u00f3n del Consejo Regional Ind\u00edgena o el Convenio que permiti\u00f3 dar soluciones h\u00eddricas a mujeres rurales, actualmente en ejecuci\u00f3n a trav\u00e9s de la Delegaci\u00f3n Presidencial Regional.<\/p>\n<p style=\"text-align: justify;\">En este sentido la Encargada regional de la Oficina de Enlace Conadi Ays\u00e9n, Pamela Huaitiao destac\u00f3 el\u00a0despliegue territorial en las cuatro provincias\u00a0que tambi\u00e9n se refleja con el aumento de personas que han acreditado su calidad de ind\u00edgena \u201cHemos estado trabajando en pol\u00edticas p\u00fablicas enfocadas en adultos mayores ind\u00edgenas, en el \u00e1rea de turismo ind\u00edgena, fortaleciendo el rol de la mujer a trav\u00e9s del trabajo de la Mesa territorial de la mujer ind\u00edgena. Este trabajo prolongado y visibilizaci\u00f3n de la institucionalidad ha permitido que pasemos de veintiocho mil personas a m\u00e1s de treinta y un mil acreditados en la regi\u00f3n de Ays\u00e9n. Queremos rescatar y relevar el trabajo que hemos realizado durante este periodo junto al equipo Conadi y tambi\u00e9n en la comuna de Ays\u00e9n y de Chile Chico. Ya para este 2026 se proyectan m\u00e1s de 300 millones de inversi\u00f3n en la regi\u00f3n de Ays\u00e9n: en materias de riego, fortalecimiento a la gesti\u00f3n de la mujer y liderazgo con el Consejo Regional Ind\u00edgena\u201d.<\/p>\n<p style=\"text-align: justify;\">El Programa de Riego que culmina su ejecuci\u00f3n a fines de abril destaca la Seremi Karina Acevedo que fue posible a trav\u00e9s de un convenio firmado con la Delegaci\u00f3n Presidencial Regional \u201clogramos bajar recursos y es un convenio in\u00e9dito en la regi\u00f3n de Ays\u00e9n donde pudimos dar soluciones a hogares que requieren contar con riego para sus huertas\u201d.<\/p>\n<p style=\"text-align: justify;\">Esta iniciativa que a la vez aporta en potenciar el rubro econ\u00f3mico de 6 mujeres rurales que se dedican a la horticultura, fue valorada por Mar\u00eda Ver\u00f3nica Monsalve quien ya observa los avances en su predio \u00a0\u201cesto es un sue\u00f1o cumplido, hay muchas emociones, es un trabajo que nosotros llevamos hace mucho con mi esposo y esto nos motiva a seguir trabajando la tierra, esto nos significa una gran econom\u00eda con este invernadero de otro nivel, el estanque de agua, antes nosotros llev\u00e1bamos el agua con balde y ahora con este panel solar, as\u00ed que muy agradecida\u201d.<\/p>\n<p style=\"text-align: justify;\">\u201cSin duda una oficina enlace no puede ser un impedimento para la gesti\u00f3n que se requiere con las comunidades del territorio\u201d finaliza la Seremi Karina Acevedo Auad, es por ello que logr\u00f3 gestionar programas, reformularlos, aumentar presupuesto y cobertura \u201cen el programa de Habitabilidad cambiamos el foco y priorizamos a personas adultos mayores, personas con discapacidad y dependencia. Otro programa que tuvo un impacto importante fue el Microemprendimiento. Logramos instalar y sesionamos el 2025 con el primer Consejo Regional Ind\u00edgena, CRI. Este instrumento creado en la regi\u00f3n de Ays\u00e9n con recursos apalancados de Desarrollo Social y Conadi, articula un consejo, la toma de decisiones futuro que puedan dar respuestas a lo que las comunidades necesitan\u201d.<\/p>\n<\/div><\/section><\/div><div  style='height:50px' class='hr hr-invisible   avia-builder-el-6  el_after_av_one_full  el_before_av_social_share '><span class='hr-inner ' ><span class='hr-inner-style'><\/span><\/span><\/div><\/p>\n<div  class='av-social-sharing-box  avia-builder-el-7  el_after_av_hr  el_before_av_hr  '><div class='av-share-box'><h5 class='av-share-link-description av-no-toc '>Compartir esta noticia<\/h5><ul class='av-share-box-list noLightbox'><li class='av-share-link av-social-link-facebook' ><a target=\"_blank\" aria-label=\"Compartir en Facebook\" href='https:\/\/www.facebook.com\/sharer.php?u=https:\/\/radiorevelacionfm.cl\/?p=64811&#038;t=Seremi%20destaca%20avances%20de%20Conadi%20en%20Ays%C3%A9n%20y%20su%20impacto%20en%20el%20territorio' aria-hidden='false' data-av_icon='\ue8f3' data-av_iconfont='entypo-fontello' title='' data-avia-related-tooltip='Compartir en Facebook' rel=\"noopener\"><span class='avia_hidden_link_text'>Compartir en Facebook<\/span><\/a><\/li><li class='av-share-link av-social-link-twitter' ><a target=\"_blank\" aria-label=\"Compartir en Twitter\" href='https:\/\/twitter.com\/share?text=Seremi%20destaca%20avances%20de%20Conadi%20en%20Ays%C3%A9n%20y%20su%20impacto%20en%20el%20territorio&#038;url=https:\/\/radiorevelacionfm.cl\/?p=64811' aria-hidden='false' data-av_icon='\ue8f1' data-av_iconfont='entypo-fontello' title='' data-avia-related-tooltip='Compartir en Twitter' rel=\"noopener\"><span class='avia_hidden_link_text'>Compartir en Twitter<\/span><\/a><\/li><li class='av-share-link av-social-link-whatsapp' ><a target=\"_blank\" aria-label=\"Compartir en Whatsapp\" href='https:\/\/api.whatsapp.com\/send?text=https:\/\/radiorevelacionfm.cl\/?p=64811' aria-hidden='false' data-av_icon='\uf232' data-av_iconfont='entypo-fontello' title='' data-avia-related-tooltip='Compartir en Whatsapp' rel=\"noopener\"><span class='avia_hidden_link_text'>Compartir en Whatsapp<\/span><\/a><\/li><li class='av-share-link av-social-link-linkedin' ><a target=\"_blank\" aria-label=\"Compartir en LinkedIn\" href='https:\/\/linkedin.com\/shareArticle?mini=true&#038;title=Seremi%20destaca%20avances%20de%20Conadi%20en%20Ays%C3%A9n%20y%20su%20impacto%20en%20el%20territorio&#038;url=https:\/\/radiorevelacionfm.cl\/?p=64811' aria-hidden='false' data-av_icon='\ue8fc' data-av_iconfont='entypo-fontello' title='' data-avia-related-tooltip='Compartir en LinkedIn' rel=\"noopener\"><span class='avia_hidden_link_text'>Compartir en LinkedIn<\/span><\/a><\/li><li class='av-share-link av-social-link-mail' ><a  aria-label=\"Compartir por correo\" href='mailto:?subject=Seremi%20destaca%20avances%20de%20Conadi%20en%20Ays%C3%A9n%20y%20su%20impacto%20en%20el%20territorio&#038;body=https:\/\/radiorevelacionfm.cl\/?p=64811' aria-hidden='false' data-av_icon='\ue805' data-av_iconfont='entypo-fontello' title='' data-avia-related-tooltip='Compartir por correo'><span class='avia_hidden_link_text'>Compartir por correo<\/span><\/a><\/li><\/ul><\/div><\/div>\n<div  style='height:50px' class='hr hr-invisible   avia-builder-el-8  el_after_av_social_share  el_before_av_comments_list '><span class='hr-inner ' ><span class='hr-inner-style'><\/span><\/span><\/div>\n<div  class='av-buildercomment  av-blog-meta-html-info-disabled av-blog-meta-tag-disabled  '><\/div>\n","protected":false},"excerpt":{"rendered":"","protected":false},"author":1,"featured_media":64812,"comment_status":"closed","ping_status":"closed","sticky":false,"template":"","format":"standard","meta":{"footnotes":""},"categories":[38],"tags":[],"class_list":["post-64811","post","type-post","status-publish","format-standard","has-post-thumbnail","hentry","category-regional"],"jetpack_featured_media_url":"https:\/\/radiorevelacionfm.cl\/wp-content\/uploads\/2026\/03\/riego-conadi-1-1_optimized.jpeg","_links":{"self":[{"href":"https:\/\/radiorevelacionfm.cl\/index.php?rest_route=\/wp\/v2\/posts\/64811","targetHints":{"allow":["GET"]}}],"collection":[{"href":"https:\/\/radiorevelacionfm.cl\/index.php?rest_route=\/wp\/v2\/posts"}],"about":[{"href":"https:\/\/radiorevelacionfm.cl\/index.php?rest_route=\/wp\/v2\/types\/post"}],"author":[{"embeddable":true,"href":"https:\/\/radiorevelacionfm.cl\/index.php?rest_route=\/wp\/v2\/users\/1"}],"replies":[{"embeddable":true,"href":"https:\/\/radiorevelacionfm.cl\/index.php?rest_route=%2Fwp%2Fv2%2Fcomments&post=64811"}],"version-history":[{"count":2,"href":"https:\/\/radiorevelacionfm.cl\/index.php?rest_route=\/wp\/v2\/posts\/64811\/revisions"}],"predecessor-version":[{"id":64824,"href":"https:\/\/radiorevelacionfm.cl\/index.php?rest_route=\/wp\/v2\/posts\/64811\/revisions\/64824"}],"wp:featuredmedia":[{"embeddable":true,"href":"https:\/\/radiorevelacionfm.cl\/index.php?rest_route=\/wp\/v2\/media\/64812"}],"wp:attachment":[{"href":"https:\/\/radiorevelacionfm.cl\/index.php?rest_route=%2Fwp%2Fv2%2Fmedia&parent=64811"}],"wp:term":[{"taxonomy":"category","embeddable":true,"href":"https:\/\/radiorevelacionfm.cl\/index.php?rest_route=%2Fwp%2Fv2%2Fcategories&post=64811"},{"taxonomy":"post_tag","embeddable":true,"href":"https:\/\/radiorevelacionfm.cl\/index.php?rest_route=%2Fwp%2Fv2%2Ftags&post=64811"}],"curies":[{"name":"wp","href":"https:\/\/api.w.org\/{rel}","templated":true}]}}