{"id":64807,"date":"2026-03-05T16:21:11","date_gmt":"2026-03-05T19:21:11","guid":{"rendered":"https:\/\/radiorevelacionfm.cl\/?p=64807"},"modified":"2026-03-05T16:21:11","modified_gmt":"2026-03-05T19:21:11","slug":"slep-aysen-inicia-ano-escolar-con-foco-en-los-aprendizajes-y-el-fortalecimiento-de-las-comunidades-educativas","status":"publish","type":"post","link":"https:\/\/radiorevelacionfm.cl\/?p=64807","title":{"rendered":"SLEP Ays\u00e9n inicia a\u00f1o escolar con foco en los aprendizajes y el fortalecimiento de las comunidades educativas"},"content":{"rendered":"<div class=\"flex_column av_one_full  flex_column_div av-zero-column-padding first  avia-builder-el-0  el_before_av_one_full  avia-builder-el-first  \" style='border-radius:0px; '><div  class='avia-image-container  av-styling-    avia-builder-el-1  avia-builder-el-no-sibling  avia-align-center '  itemprop=\"image\" itemscope=\"itemscope\" itemtype=\"https:\/\/schema.org\/ImageObject\"  ><div class='avia-image-container-inner'><div class='avia-image-overlay-wrap'><img decoding=\"async\" class='wp-image-64808 avia-img-lazy-loading-not-64808 avia_image' src=\"https:\/\/radiorevelacionfm.cl\/wp-content\/uploads\/2026\/03\/amengual-1_optimized.jpeg\" alt='' title='amengual-(1)_optimized' height=\"600\" width=\"876\"  itemprop=\"thumbnailUrl\" srcset=\"https:\/\/radiorevelacionfm.cl\/wp-content\/uploads\/2026\/03\/amengual-1_optimized.jpeg 876w, https:\/\/radiorevelacionfm.cl\/wp-content\/uploads\/2026\/03\/amengual-1_optimized-300x205.jpeg 300w, https:\/\/radiorevelacionfm.cl\/wp-content\/uploads\/2026\/03\/amengual-1_optimized-768x526.jpeg 768w, https:\/\/radiorevelacionfm.cl\/wp-content\/uploads\/2026\/03\/amengual-1_optimized-705x483.jpeg 705w, https:\/\/radiorevelacionfm.cl\/wp-content\/uploads\/2026\/03\/amengual-1_optimized-450x308.jpeg 450w, https:\/\/radiorevelacionfm.cl\/wp-content\/uploads\/2026\/03\/amengual-1_optimized-600x411.jpeg 600w\" sizes=\"(max-width: 876px) 100vw, 876px\" \/><\/div><\/div><\/div><\/div><div class=\"flex_column av_one_full  flex_column_div av-zero-column-padding first  avia-builder-el-2  el_after_av_one_full  el_before_av_one_full  column-top-margin\" style='border-radius:0px; '><section class=\"av_textblock_section \"  itemscope=\"itemscope\" itemtype=\"https:\/\/schema.org\/BlogPosting\" itemprop=\"blogPost\" ><div class='avia_textblock  '   itemprop=\"text\" ><p style=\"text-align: center;\"><strong><span style=\"font-size: 18pt;\">SLEP Ays\u00e9n inicia a\u00f1o escolar con foco en los aprendizajes y el fortalecimiento de las comunidades educativas<\/span><\/strong><\/p>\n<div id=\"gtx-trans\" style=\"position: absolute; left: -50px; top: 4.31534px;\">\n<div class=\"gtx-trans-icon\"><\/div>\n<\/div>\n<\/div><\/section><\/div><div class=\"flex_column av_one_full  flex_column_div av-zero-column-padding first  avia-builder-el-4  el_after_av_one_full  el_before_av_hr  column-top-margin\" style='border-radius:0px; '><section class=\"av_textblock_section \"  itemscope=\"itemscope\" itemtype=\"https:\/\/schema.org\/BlogPosting\" itemprop=\"blogPost\" ><div class='avia_textblock  '   itemprop=\"text\" ><p style=\"text-align: justify;\">Este mi\u00e9rcoles comenz\u00f3 formalmente el a\u00f1o escolar 2026 para la educaci\u00f3n p\u00fablica de Ays\u00e9n, la que bajo el lema \u201cConstruyendo la Nueva Educaci\u00f3n P\u00fablica en la Patagonia\u201d busca fijar como objetivo de trabajo la mejora en los aprendizajes y el fortalecimiento de las comunidades a trav\u00e9s de los liderazgos educativos.<\/p>\n<p style=\"text-align: justify;\">As\u00ed lo dio a conocer el director ejecutivo del Servicio Local de Educaci\u00f3n P\u00fablica de Ays\u00e9n, Sebasti\u00e1n Gonz\u00e1lez Rogers, quien destac\u00f3 el trabajo sostenido que ha desarrollado la instituci\u00f3n para fortalecer la educaci\u00f3n p\u00fablica en el territorio. En este contexto, relev\u00f3 la reciente incorporaci\u00f3n de seis nuevos directores y directoras seleccionados a trav\u00e9s del sistema de Alta Direcci\u00f3n P\u00fablica, quienes se integran a los equipos ya existentes que han sido nombrados bajo esta misma modalidad desde el inicio del servicio, consolidando un cuerpo directivo con altos est\u00e1ndares de idoneidad y compromiso.<\/p>\n<p style=\"text-align: justify;\">Al respecto, Sebasti\u00e1n Gonz\u00e1lez se\u00f1al\u00f3: \u201cel servicio viene realizando un exhaustivo trabajo para levantar el quehacer de nuestras comunidades educativas a trav\u00e9s de liderazgos potentes, con visi\u00f3n estrat\u00e9gica y profundamente comprometidos con el desarrollo integral de nuestros estudiantes, que est\u00e9n en plena sinton\u00eda con los objetivos de la educaci\u00f3n p\u00fablica y con los desaf\u00edos propios de nuestro territorio. Creemos firmemente que contar con directivos y directivas seleccionados por m\u00e9rito fortalece la gesti\u00f3n institucional, promueve mejores oportunidades de aprendizaje y reafirma nuestro compromiso con una educaci\u00f3n p\u00fablica de calidad para Ays\u00e9n\u201d.<\/p>\n<p style=\"text-align: justify;\">Los nuevos directores y directoras de los liceos Liceo Arturo Prat Chac\u00f3n, Liceo Pioneros del Sur, Liceo Bicentenario Rural Cerro Castillo y Liceo Ra\u00fal Broussain Campino, junto a las directoras de la Escuela Ribera Sur y la Escuela Poetisa Gabriela Mistral, participaron en una jornada de inducci\u00f3n organizada por el Slep Ays\u00e9n. La instancia tuvo como objetivo alinear expectativas institucionales, fortalecer los lineamientos de gesti\u00f3n y proyectar el trabajo estrat\u00e9gico que cada establecimiento desarrollar\u00e1 en sus respectivas comunidades<\/p>\n<p style=\"text-align: justify;\">Mar\u00eda Neddy Jara, directora de la Escuela Ribera Sur, valor\u00f3 la actividad se\u00f1alando: \u201cEstamos terminando nuestra jornada de inducci\u00f3n para los nuevos directores de la educaci\u00f3n p\u00fablica, la cual fue muy provechosa, pues nos entregaron un par\u00e1metro de las expectativas tambi\u00e9n de crecimiento que tenemos en cuanto a lo que estamos haciendo en cada comunidad, y con un sentido de identidad y de altas expectativas relevante para nuestra gesti\u00f3n. El compromiso y el desaf\u00edo es claro: debemos seguir creciendo, debemos avanzar y mejorar nuestros procesos educativos para apuntar a una calidad efectiva de la educaci\u00f3n p\u00fablica.<\/p>\n<p style=\"text-align: justify;\"><strong>Plan de mantenimiento de los establecimientos<\/strong><\/p>\n<p style=\"text-align: justify;\">Asimismo, y dentro del trabajo para recibir este a\u00f1o en las mejores condiciones, el SLEP Ays\u00e9n desarroll\u00f3 un plan preventivo de mantenimiento ejecutado durante el receso estival por un monto superior a los 393 millones de pesos estructurado bajo una jerarquizaci\u00f3n de necesidades, logrando de esta manera garantizar los est\u00e1ndares de habitabilidad y funcionalidad necesarios para el inicio del a\u00f1o escolar. Este plan preventivo incluy\u00f3 corte de pasto, sanitizaci\u00f3n, control de plagas y roedores. Adem\u00e1s, se realiz\u00f3 la mantenci\u00f3n del sistema de calefacci\u00f3n central y seguridad en las calderas de los establecimientos que las poseen. Este plan preventivo se complement\u00f3 con visitas programadas para revisi\u00f3n y reparaci\u00f3n de servicios higi\u00e9nicos, iluminaci\u00f3n y cubierta, previendo filtraciones y deterioros en techumbres.<\/p>\n<p style=\"text-align: justify;\"><strong>Mas cercan\u00eda con los territorios <\/strong><\/p>\n<p style=\"text-align: justify;\">Entre los principales avances proyectados para este a\u00f1o, el Servicio Local de Educaci\u00f3n P\u00fablica de Ays\u00e9n inform\u00f3 la incorporaci\u00f3n de nuevos coordinadores de oficinas locales, quienes tendr\u00e1n la misi\u00f3n de articular el trabajo con los establecimientos educacionales desde los propios territorios, fortaleciendo as\u00ed la gesti\u00f3n descentralizada.<\/p>\n<p style=\"text-align: justify;\">\u201cPara nuestro servicio es fundamental contar con presencia activa en los territorios, avanzando tambi\u00e9n en la descentralizaci\u00f3n de la administraci\u00f3n educativa. Este fue un desaf\u00edo que nos planteamos desde el primer d\u00eda de funcionamiento y que hoy se concreta con la incorporaci\u00f3n de los coordinadores de los territorios Cisnes y Ays\u00e9n, quienes se suman a las coordinadoras de Chelenko y Baker. Con ello, podremos entregar respuestas m\u00e1s oportunas a las necesidades de nuestras comunidades educativas\u201d, se\u00f1al\u00f3 Sebasti\u00e1n Gonz\u00e1lez.<\/p>\n<p style=\"text-align: justify;\">En materia de gesti\u00f3n y financiamiento, el director destac\u00f3 que uno de los focos prioritarios es la mejora de los aprendizajes de las y los estudiantes. En esa l\u00ednea, precis\u00f3 que el servicio ya cumpli\u00f3 una primera etapa orientada a ordenar procesos internos y mejorar condiciones estructurales, pese al d\u00e9ficit presupuestario inicial. Actualmente, gracias a la gesti\u00f3n y formulaci\u00f3n de proyectos, se han logrado apalancar m\u00e1s de 37 mil millones de pesos provenientes del Gobierno Regional de Ays\u00e9n y del Ministerio de Educaci\u00f3n.<\/p>\n<p style=\"text-align: justify;\">Estos recursos han permitido concretar importantes mejoras, como el recambio de la flota de buses escolares, la renovaci\u00f3n de mobiliario en diez jardines infantiles y la instalaci\u00f3n de 225 nuevos calefactores para optimizar las condiciones t\u00e9rmicas en los establecimientos. Asimismo, se ha avanzado en proyectos emblem\u00e1ticos para la regi\u00f3n, entre ellos la Escuela Espa\u00f1a, el proyecto de conservaci\u00f3n de la Escuela Jos\u00e9 Antol\u00edn Silva Orme\u00f1o y la Escuela Despertar, esta \u00faltima con un proyecto de contingencia ya en ejecuci\u00f3n para mejorar las condiciones de su comunidad educativa.<\/p>\n<p style=\"text-align: justify;\">\u201cSabemos que a\u00fan queda mucho por avanzar, pero tenemos claridad en que esta es la l\u00ednea de trabajo que nos permitir\u00e1 seguir fortaleciendo la educaci\u00f3n p\u00fablica y avanzar hacia la educaci\u00f3n que la regi\u00f3n de Ays\u00e9n merece\u201d, concluy\u00f3 el director.<\/p>\n<\/div><\/section><\/div><div  style='height:50px' class='hr hr-invisible   avia-builder-el-6  el_after_av_one_full  el_before_av_social_share '><span class='hr-inner ' ><span class='hr-inner-style'><\/span><\/span><\/div><\/p>\n<div  class='av-social-sharing-box  avia-builder-el-7  el_after_av_hr  el_before_av_hr  '><div class='av-share-box'><h5 class='av-share-link-description av-no-toc '>Compartir esta noticia<\/h5><ul class='av-share-box-list noLightbox'><li class='av-share-link av-social-link-facebook' ><a target=\"_blank\" aria-label=\"Compartir en Facebook\" href='https:\/\/www.facebook.com\/sharer.php?u=https:\/\/radiorevelacionfm.cl\/?p=64807&#038;t=SLEP%20Ays%C3%A9n%20inicia%20a%C3%B1o%20escolar%20con%20foco%20en%20los%20aprendizajes%20y%20el%20fortalecimiento%20de%20las%20comunidades%20educativas' aria-hidden='false' data-av_icon='\ue8f3' data-av_iconfont='entypo-fontello' title='' data-avia-related-tooltip='Compartir en Facebook' rel=\"noopener\"><span class='avia_hidden_link_text'>Compartir en Facebook<\/span><\/a><\/li><li class='av-share-link av-social-link-twitter' ><a target=\"_blank\" aria-label=\"Compartir en Twitter\" href='https:\/\/twitter.com\/share?text=SLEP%20Ays%C3%A9n%20inicia%20a%C3%B1o%20escolar%20con%20foco%20en%20los%20aprendizajes%20y%20el%20fortalecimiento%20de%20las%20comunidades%20educativas&#038;url=https:\/\/radiorevelacionfm.cl\/?p=64807' aria-hidden='false' data-av_icon='\ue8f1' data-av_iconfont='entypo-fontello' title='' data-avia-related-tooltip='Compartir en Twitter' rel=\"noopener\"><span class='avia_hidden_link_text'>Compartir en Twitter<\/span><\/a><\/li><li class='av-share-link av-social-link-whatsapp' ><a target=\"_blank\" aria-label=\"Compartir en Whatsapp\" href='https:\/\/api.whatsapp.com\/send?text=https:\/\/radiorevelacionfm.cl\/?p=64807' aria-hidden='false' data-av_icon='\uf232' data-av_iconfont='entypo-fontello' title='' data-avia-related-tooltip='Compartir en Whatsapp' rel=\"noopener\"><span class='avia_hidden_link_text'>Compartir en Whatsapp<\/span><\/a><\/li><li class='av-share-link av-social-link-linkedin' ><a target=\"_blank\" aria-label=\"Compartir en LinkedIn\" href='https:\/\/linkedin.com\/shareArticle?mini=true&#038;title=SLEP%20Ays%C3%A9n%20inicia%20a%C3%B1o%20escolar%20con%20foco%20en%20los%20aprendizajes%20y%20el%20fortalecimiento%20de%20las%20comunidades%20educativas&#038;url=https:\/\/radiorevelacionfm.cl\/?p=64807' aria-hidden='false' data-av_icon='\ue8fc' data-av_iconfont='entypo-fontello' title='' data-avia-related-tooltip='Compartir en LinkedIn' rel=\"noopener\"><span class='avia_hidden_link_text'>Compartir en LinkedIn<\/span><\/a><\/li><li class='av-share-link av-social-link-mail' ><a  aria-label=\"Compartir por correo\" href='mailto:?subject=SLEP%20Ays%C3%A9n%20inicia%20a%C3%B1o%20escolar%20con%20foco%20en%20los%20aprendizajes%20y%20el%20fortalecimiento%20de%20las%20comunidades%20educativas&#038;body=https:\/\/radiorevelacionfm.cl\/?p=64807' aria-hidden='false' data-av_icon='\ue805' data-av_iconfont='entypo-fontello' title='' data-avia-related-tooltip='Compartir por correo'><span class='avia_hidden_link_text'>Compartir por correo<\/span><\/a><\/li><\/ul><\/div><\/div>\n<div  style='height:50px' class='hr hr-invisible   avia-builder-el-8  el_after_av_social_share  el_before_av_comments_list '><span class='hr-inner ' ><span class='hr-inner-style'><\/span><\/span><\/div>\n<div  class='av-buildercomment  av-blog-meta-html-info-disabled av-blog-meta-tag-disabled  '><\/div>\n","protected":false},"excerpt":{"rendered":"","protected":false},"author":1,"featured_media":64808,"comment_status":"closed","ping_status":"closed","sticky":false,"template":"","format":"standard","meta":{"footnotes":""},"categories":[49],"tags":[],"class_list":["post-64807","post","type-post","status-publish","format-standard","has-post-thumbnail","hentry","category-educacion"],"jetpack_featured_media_url":"https:\/\/radiorevelacionfm.cl\/wp-content\/uploads\/2026\/03\/amengual-1_optimized.jpeg","_links":{"self":[{"href":"https:\/\/radiorevelacionfm.cl\/index.php?rest_route=\/wp\/v2\/posts\/64807","targetHints":{"allow":["GET"]}}],"collection":[{"href":"https:\/\/radiorevelacionfm.cl\/index.php?rest_route=\/wp\/v2\/posts"}],"about":[{"href":"https:\/\/radiorevelacionfm.cl\/index.php?rest_route=\/wp\/v2\/types\/post"}],"author":[{"embeddable":true,"href":"https:\/\/radiorevelacionfm.cl\/index.php?rest_route=\/wp\/v2\/users\/1"}],"replies":[{"embeddable":true,"href":"https:\/\/radiorevelacionfm.cl\/index.php?rest_route=%2Fwp%2Fv2%2Fcomments&post=64807"}],"version-history":[{"count":2,"href":"https:\/\/radiorevelacionfm.cl\/index.php?rest_route=\/wp\/v2\/posts\/64807\/revisions"}],"predecessor-version":[{"id":64810,"href":"https:\/\/radiorevelacionfm.cl\/index.php?rest_route=\/wp\/v2\/posts\/64807\/revisions\/64810"}],"wp:featuredmedia":[{"embeddable":true,"href":"https:\/\/radiorevelacionfm.cl\/index.php?rest_route=\/wp\/v2\/media\/64808"}],"wp:attachment":[{"href":"https:\/\/radiorevelacionfm.cl\/index.php?rest_route=%2Fwp%2Fv2%2Fmedia&parent=64807"}],"wp:term":[{"taxonomy":"category","embeddable":true,"href":"https:\/\/radiorevelacionfm.cl\/index.php?rest_route=%2Fwp%2Fv2%2Fcategories&post=64807"},{"taxonomy":"post_tag","embeddable":true,"href":"https:\/\/radiorevelacionfm.cl\/index.php?rest_route=%2Fwp%2Fv2%2Ftags&post=64807"}],"curies":[{"name":"wp","href":"https:\/\/api.w.org\/{rel}","templated":true}]}}