{"id":64802,"date":"2026-03-05T15:52:47","date_gmt":"2026-03-05T18:52:47","guid":{"rendered":"https:\/\/radiorevelacionfm.cl\/?p=64802"},"modified":"2026-03-05T15:52:47","modified_gmt":"2026-03-05T18:52:47","slug":"edelaysen-invita-a-cuidar-la-energia-en-el-dia-mundial-de-la-eficiencia-energetica","status":"publish","type":"post","link":"https:\/\/radiorevelacionfm.cl\/?p=64802","title":{"rendered":"Edelaysen invita a cuidar la energ\u00eda en el D\u00eda Mundial de la Eficiencia Energ\u00e9tica"},"content":{"rendered":"<div class=\"flex_column av_one_full  flex_column_div av-zero-column-padding first  avia-builder-el-0  el_before_av_one_full  avia-builder-el-first  \" style='border-radius:0px; '><div  class='avia-image-container  av-styling-    avia-builder-el-1  avia-builder-el-no-sibling  avia-align-center '  itemprop=\"image\" itemscope=\"itemscope\" itemtype=\"https:\/\/schema.org\/ImageObject\"  ><div class='avia-image-container-inner'><div class='avia-image-overlay-wrap'><img decoding=\"async\" class='wp-image-64804 avia-img-lazy-loading-not-64804 avia_image' src=\"https:\/\/radiorevelacionfm.cl\/wp-content\/uploads\/2026\/03\/eficiencia-energetica-1_optimized.jpeg\" alt='' title='eficiencia-energ\u00e9tica-(1)_optimized' height=\"940\" width=\"801\"  itemprop=\"thumbnailUrl\" srcset=\"https:\/\/radiorevelacionfm.cl\/wp-content\/uploads\/2026\/03\/eficiencia-energetica-1_optimized.jpeg 801w, https:\/\/radiorevelacionfm.cl\/wp-content\/uploads\/2026\/03\/eficiencia-energetica-1_optimized-256x300.jpeg 256w, https:\/\/radiorevelacionfm.cl\/wp-content\/uploads\/2026\/03\/eficiencia-energetica-1_optimized-768x901.jpeg 768w, https:\/\/radiorevelacionfm.cl\/wp-content\/uploads\/2026\/03\/eficiencia-energetica-1_optimized-601x705.jpeg 601w, https:\/\/radiorevelacionfm.cl\/wp-content\/uploads\/2026\/03\/eficiencia-energetica-1_optimized-450x528.jpeg 450w, https:\/\/radiorevelacionfm.cl\/wp-content\/uploads\/2026\/03\/eficiencia-energetica-1_optimized-600x704.jpeg 600w\" sizes=\"(max-width: 801px) 100vw, 801px\" \/><\/div><\/div><\/div><\/div><div class=\"flex_column av_one_full  flex_column_div av-zero-column-padding first  avia-builder-el-2  el_after_av_one_full  el_before_av_one_full  column-top-margin\" style='border-radius:0px; '><section class=\"av_textblock_section \"  itemscope=\"itemscope\" itemtype=\"https:\/\/schema.org\/BlogPosting\" itemprop=\"blogPost\" ><div class='avia_textblock  '   itemprop=\"text\" ><p style=\"text-align: center;\"><strong><span style=\"font-size: 18pt;\">Edelaysen invita a cuidar la energ\u00eda en el D\u00eda Mundial de la Eficiencia Energ\u00e9tica<\/span><\/strong><\/p>\n<div id=\"gtx-trans\" style=\"position: absolute; left: -50px; top: 4.31534px;\">\n<div class=\"gtx-trans-icon\"><\/div>\n<\/div>\n<\/div><\/section><\/div><div class=\"flex_column av_one_full  flex_column_div av-zero-column-padding first  avia-builder-el-4  el_after_av_one_full  el_before_av_hr  column-top-margin\" style='border-radius:0px; '><section class=\"av_textblock_section \"  itemscope=\"itemscope\" itemtype=\"https:\/\/schema.org\/BlogPosting\" itemprop=\"blogPost\" ><div class='avia_textblock  '   itemprop=\"text\" ><p style=\"text-align: justify;\"><em>Este recurso esencial para la vida diaria requiere de un compromiso por un uso responsable y eficiente de todos.<\/em><\/p>\n<p style=\"text-align: justify;\">Este 5 de marzo 2026, se conmemora el <strong>D\u00eda Mundial de la Eficiencia Energ\u00e9tica<\/strong>, por lo que Edelaysen invita a la ciudadan\u00eda a hacer un uso consciente de la energ\u00eda el\u00e9ctrica, en nuestra vida cotidiana.<\/p>\n<p style=\"text-align: justify;\">Desde la distribuidora hacen un llamado a cambiar peque\u00f1os h\u00e1bitos en grandes cambios, destacando que el uso eficiente de la energ\u00eda no solo contribuye a cuidar el planeta, sino que tambi\u00e9n podr\u00edan significar ahorro mensual en la factura.<\/p>\n<p style=\"text-align: justify;\">Mar\u00eda de los \u00c1ngeles Gajardo, jefa de Servicio al Cliente de Edelaysen, destac\u00f3 la importancia de conocer el consumo de los dispositivos electr\u00f3nicos de nuestro hogar y optar por aquellos que cuenten con el sello de la SEC y su respectiva rotulaci\u00f3n.<\/p>\n<p style=\"text-align: justify;\"><strong>CONSEJOS<\/strong><\/p>\n<p style=\"text-align: justify;\">Desde la distribuidora indicaron que algunos consejos pr\u00e1cticos son: abrir las cortinas y aprovechar la luz natural, preferir ampolletas LED, las que generan ahorro de hasta el 80% de energ\u00eda, y si usan aire acondicionado mantener a una baja temperatura para un uso eficiente.<\/p>\n<p style=\"text-align: justify;\">En el uso de la secadora darle un descanso y aprovechar el calor del sol para secar la ropa, desconectar los artefactos electr\u00f3nicos cuando no se est\u00e9n ocupando o al salir de la casa.<\/p>\n<p style=\"text-align: justify;\">Otros consejos para ahorrar energ\u00eda el\u00e9ctrica en el hogar son: desenchufar el televisor, la radio y los cargadores de tel\u00e9fono una vez que dejamos de usarlos para evitar el consumo \u201cvampiro\u201d. Abrir la puerta del refrigerador lo justo y necesario para que no pierda temperatura al interior.<\/p>\n<p style=\"text-align: justify;\">No olvidar utilizar la lavadora con carga completa, reunir la mayor cantidad de prendas de vestir y planchar todo de una vez, llenar el hervidor el\u00e9ctrico y luego conservar el agua en un termo.<\/p>\n<p style=\"text-align: justify;\">Por \u00faltimo, desde Edelaysen invitaron a la comunidad a estar informada sobre las iniciativas que lleva adelante la empresa, y el consumo de los artefactos el\u00e9ctricos de la casa. Para m\u00e1s detalles invitaron a seguir las redes sociales de la empresa en Facebook e Instagram.<\/p>\n<\/div><\/section><\/div><div  style='height:50px' class='hr hr-invisible   avia-builder-el-6  el_after_av_one_full  el_before_av_social_share '><span class='hr-inner ' ><span class='hr-inner-style'><\/span><\/span><\/div><\/p>\n<div  class='av-social-sharing-box  avia-builder-el-7  el_after_av_hr  el_before_av_hr  '><div class='av-share-box'><h5 class='av-share-link-description av-no-toc '>Compartir esta noticia<\/h5><ul class='av-share-box-list noLightbox'><li class='av-share-link av-social-link-facebook' ><a target=\"_blank\" aria-label=\"Compartir en Facebook\" href='https:\/\/www.facebook.com\/sharer.php?u=https:\/\/radiorevelacionfm.cl\/?p=64802&#038;t=Edelaysen%20invita%20a%20cuidar%20la%20energ%C3%ADa%20en%20el%20D%C3%ADa%20Mundial%20de%20la%20Eficiencia%20Energ%C3%A9tica' aria-hidden='false' data-av_icon='\ue8f3' data-av_iconfont='entypo-fontello' title='' data-avia-related-tooltip='Compartir en Facebook' rel=\"noopener\"><span class='avia_hidden_link_text'>Compartir en Facebook<\/span><\/a><\/li><li class='av-share-link av-social-link-twitter' ><a target=\"_blank\" aria-label=\"Compartir en Twitter\" href='https:\/\/twitter.com\/share?text=Edelaysen%20invita%20a%20cuidar%20la%20energ%C3%ADa%20en%20el%20D%C3%ADa%20Mundial%20de%20la%20Eficiencia%20Energ%C3%A9tica&#038;url=https:\/\/radiorevelacionfm.cl\/?p=64802' aria-hidden='false' data-av_icon='\ue8f1' data-av_iconfont='entypo-fontello' title='' data-avia-related-tooltip='Compartir en Twitter' rel=\"noopener\"><span class='avia_hidden_link_text'>Compartir en Twitter<\/span><\/a><\/li><li class='av-share-link av-social-link-whatsapp' ><a target=\"_blank\" aria-label=\"Compartir en Whatsapp\" href='https:\/\/api.whatsapp.com\/send?text=https:\/\/radiorevelacionfm.cl\/?p=64802' aria-hidden='false' data-av_icon='\uf232' data-av_iconfont='entypo-fontello' title='' data-avia-related-tooltip='Compartir en Whatsapp' rel=\"noopener\"><span class='avia_hidden_link_text'>Compartir en Whatsapp<\/span><\/a><\/li><li class='av-share-link av-social-link-linkedin' ><a target=\"_blank\" aria-label=\"Compartir en LinkedIn\" href='https:\/\/linkedin.com\/shareArticle?mini=true&#038;title=Edelaysen%20invita%20a%20cuidar%20la%20energ%C3%ADa%20en%20el%20D%C3%ADa%20Mundial%20de%20la%20Eficiencia%20Energ%C3%A9tica&#038;url=https:\/\/radiorevelacionfm.cl\/?p=64802' aria-hidden='false' data-av_icon='\ue8fc' data-av_iconfont='entypo-fontello' title='' data-avia-related-tooltip='Compartir en LinkedIn' rel=\"noopener\"><span class='avia_hidden_link_text'>Compartir en LinkedIn<\/span><\/a><\/li><li class='av-share-link av-social-link-mail' ><a  aria-label=\"Compartir por correo\" href='mailto:?subject=Edelaysen%20invita%20a%20cuidar%20la%20energ%C3%ADa%20en%20el%20D%C3%ADa%20Mundial%20de%20la%20Eficiencia%20Energ%C3%A9tica&#038;body=https:\/\/radiorevelacionfm.cl\/?p=64802' aria-hidden='false' data-av_icon='\ue805' data-av_iconfont='entypo-fontello' title='' data-avia-related-tooltip='Compartir por correo'><span class='avia_hidden_link_text'>Compartir por correo<\/span><\/a><\/li><\/ul><\/div><\/div>\n<div  style='height:50px' class='hr hr-invisible   avia-builder-el-8  el_after_av_social_share  el_before_av_comments_list '><span class='hr-inner ' ><span class='hr-inner-style'><\/span><\/span><\/div>\n<div  class='av-buildercomment  av-blog-meta-html-info-disabled av-blog-meta-tag-disabled  '><\/div>\n","protected":false},"excerpt":{"rendered":"","protected":false},"author":1,"featured_media":64804,"comment_status":"closed","ping_status":"closed","sticky":false,"template":"","format":"standard","meta":{"footnotes":""},"categories":[38],"tags":[],"class_list":["post-64802","post","type-post","status-publish","format-standard","has-post-thumbnail","hentry","category-regional"],"jetpack_featured_media_url":"https:\/\/radiorevelacionfm.cl\/wp-content\/uploads\/2026\/03\/eficiencia-energetica-1_optimized.jpeg","_links":{"self":[{"href":"https:\/\/radiorevelacionfm.cl\/index.php?rest_route=\/wp\/v2\/posts\/64802","targetHints":{"allow":["GET"]}}],"collection":[{"href":"https:\/\/radiorevelacionfm.cl\/index.php?rest_route=\/wp\/v2\/posts"}],"about":[{"href":"https:\/\/radiorevelacionfm.cl\/index.php?rest_route=\/wp\/v2\/types\/post"}],"author":[{"embeddable":true,"href":"https:\/\/radiorevelacionfm.cl\/index.php?rest_route=\/wp\/v2\/users\/1"}],"replies":[{"embeddable":true,"href":"https:\/\/radiorevelacionfm.cl\/index.php?rest_route=%2Fwp%2Fv2%2Fcomments&post=64802"}],"version-history":[{"count":2,"href":"https:\/\/radiorevelacionfm.cl\/index.php?rest_route=\/wp\/v2\/posts\/64802\/revisions"}],"predecessor-version":[{"id":64806,"href":"https:\/\/radiorevelacionfm.cl\/index.php?rest_route=\/wp\/v2\/posts\/64802\/revisions\/64806"}],"wp:featuredmedia":[{"embeddable":true,"href":"https:\/\/radiorevelacionfm.cl\/index.php?rest_route=\/wp\/v2\/media\/64804"}],"wp:attachment":[{"href":"https:\/\/radiorevelacionfm.cl\/index.php?rest_route=%2Fwp%2Fv2%2Fmedia&parent=64802"}],"wp:term":[{"taxonomy":"category","embeddable":true,"href":"https:\/\/radiorevelacionfm.cl\/index.php?rest_route=%2Fwp%2Fv2%2Fcategories&post=64802"},{"taxonomy":"post_tag","embeddable":true,"href":"https:\/\/radiorevelacionfm.cl\/index.php?rest_route=%2Fwp%2Fv2%2Ftags&post=64802"}],"curies":[{"name":"wp","href":"https:\/\/api.w.org\/{rel}","templated":true}]}}