{"id":64797,"date":"2026-03-05T15:23:42","date_gmt":"2026-03-05T18:23:42","guid":{"rendered":"https:\/\/radiorevelacionfm.cl\/?p=64797"},"modified":"2026-03-05T15:23:42","modified_gmt":"2026-03-05T18:23:42","slug":"cchc-coyhaique-espera-que-nuevo-gobierno-levante-temas-prioritarios-para-retomar-el-crecimiento-de-aysen","status":"publish","type":"post","link":"https:\/\/radiorevelacionfm.cl\/?p=64797","title":{"rendered":"CChC Coyhaique espera que nuevo gobierno levante temas prioritarios para retomar el crecimiento de Ays\u00e9n"},"content":{"rendered":"<div class=\"flex_column av_one_full  flex_column_div av-zero-column-padding first  avia-builder-el-0  el_before_av_one_full  avia-builder-el-first  \" style='border-radius:0px; '><div  class='avia-image-container  av-styling-    avia-builder-el-1  avia-builder-el-no-sibling  avia-align-center '  itemprop=\"image\" itemscope=\"itemscope\" itemtype=\"https:\/\/schema.org\/ImageObject\"  ><div class='avia-image-container-inner'><div class='avia-image-overlay-wrap'><img decoding=\"async\" class='wp-image-64798 avia-img-lazy-loading-not-64798 avia_image' src=\"https:\/\/radiorevelacionfm.cl\/wp-content\/uploads\/2026\/03\/Pablo-Carrasco-foto-1-1.jpg\" alt='' title='Pablo Carrasco foto (1) (1)' height=\"600\" width=\"966\"  itemprop=\"thumbnailUrl\" srcset=\"https:\/\/radiorevelacionfm.cl\/wp-content\/uploads\/2026\/03\/Pablo-Carrasco-foto-1-1.jpg 966w, https:\/\/radiorevelacionfm.cl\/wp-content\/uploads\/2026\/03\/Pablo-Carrasco-foto-1-1-300x186.jpg 300w, https:\/\/radiorevelacionfm.cl\/wp-content\/uploads\/2026\/03\/Pablo-Carrasco-foto-1-1-768x477.jpg 768w, https:\/\/radiorevelacionfm.cl\/wp-content\/uploads\/2026\/03\/Pablo-Carrasco-foto-1-1-705x438.jpg 705w, https:\/\/radiorevelacionfm.cl\/wp-content\/uploads\/2026\/03\/Pablo-Carrasco-foto-1-1-450x280.jpg 450w, https:\/\/radiorevelacionfm.cl\/wp-content\/uploads\/2026\/03\/Pablo-Carrasco-foto-1-1-600x373.jpg 600w\" sizes=\"(max-width: 966px) 100vw, 966px\" \/><\/div><\/div><\/div><\/div><div class=\"flex_column av_one_full  flex_column_div av-zero-column-padding first  avia-builder-el-2  el_after_av_one_full  el_before_av_one_full  column-top-margin\" style='border-radius:0px; '><section class=\"av_textblock_section \"  itemscope=\"itemscope\" itemtype=\"https:\/\/schema.org\/BlogPosting\" itemprop=\"blogPost\" ><div class='avia_textblock  '   itemprop=\"text\" ><p style=\"text-align: center;\"><strong><span style=\"font-size: 18pt;\">CChC Coyhaique espera que nuevo gobierno levante temas prioritarios para retomar el crecimiento de<\/span> <span style=\"font-size: 18pt;\">Ays\u00e9n<\/span><\/strong><\/p>\n<div id=\"gtx-trans\" style=\"position: absolute; left: -50px; top: 4.31534px;\">\n<div class=\"gtx-trans-icon\"><\/div>\n<\/div>\n<\/div><\/section><\/div><div class=\"flex_column av_one_full  flex_column_div av-zero-column-padding first  avia-builder-el-4  el_after_av_one_full  el_before_av_hr  column-top-margin\" style='border-radius:0px; '><section class=\"av_textblock_section \"  itemscope=\"itemscope\" itemtype=\"https:\/\/schema.org\/BlogPosting\" itemprop=\"blogPost\" ><div class='avia_textblock  '   itemprop=\"text\" ><p style=\"text-align: justify;\"><em>Permisos sectoriales con pertinencia regional, apoyo a las pymes, la pavimentaci\u00f3n de la ruta 7, revisar las leyes de excepci\u00f3n y sacar adelante la zona franca; adem\u00e1s de potenciar las concesiones, son algunos de los temas que el gremio presentar\u00e1 a las nuevas autoridades. <\/em><\/p>\n<p style=\"text-align: justify;\">Expectativa en torno a lo que ser\u00e1 la gesti\u00f3n del nuevo gobierno en la regi\u00f3n de Ays\u00e9n, es lo que manifiestan desde la C\u00e1mara Chilena de la Construcci\u00f3n, sede Coyhaique, de cara al cambio de administraci\u00f3n que se producir\u00e1 el pr\u00f3ximo 11 de marzo.<\/p>\n<p style=\"text-align: justify;\">Desde el gremio de los constructores, manifiestan esperar que las nuevas autoridades tomen los temas que quedaron pendientes de la administraci\u00f3n saliente, entre ellos, la pavimentaci\u00f3n de la Carretera Austral.<\/p>\n<p style=\"text-align: justify;\">\u201cLa prioridad es avanzar a\u00f1o tras a\u00f1o en la pavimentaci\u00f3n de tramos definidos para no detener el progreso\u201d, indic\u00f3 Pablo Carrasco, presidente de la CChC Coyhaique, agregando que \u201cDebemos avanzar en la Ruta 7 y el proyecto &#8216;Chile por Chile&#8217;. Aunque la administraci\u00f3n anterior insisti\u00f3 en el car\u00e1cter bimodal de la ruta, creemos que eso debe ser transitorio. Tal como Chilo\u00e9 concret\u00f3 su puente, Ays\u00e9n debe lograr una conexi\u00f3n f\u00edsica permanente con el resto del pa\u00eds\u201d.<\/p>\n<p style=\"text-align: justify;\">En esta misma materia, desde la CChC instan a las nuevas autoridades a dar prioridad a las pymes del sector construcci\u00f3n en el mejoramiento de caminos, esto, por sobre la administraci\u00f3n directa que se ejecuta a trav\u00e9s de Vialidad.<\/p>\n<p style=\"text-align: justify;\">Tampoco puede quedar fuera de los requerimientos del gremio, la necesidad de que el Minvu retome sus labores en materia de urbanismo, por ejemplo, sacando adelante proyectos como la circunvalaci\u00f3n oriente poniente, adem\u00e1s de retomar una pol\u00edtica de subsidios t\u00e9rmicos que apoye el proceso de descontaminaci\u00f3n.<\/p>\n<p style=\"text-align: justify;\"><strong>Inversi\u00f3n y desarrollo<\/strong><\/p>\n<p style=\"text-align: justify;\">El crecimiento econ\u00f3mico de Ays\u00e9n va de la mano del desarrollo de infraestructura habilitante, p\u00fablica y privada, y clave para ver avances concretos en esta materia es avanzar en la aplicaci\u00f3n total de la Ley de Permisos Sectoriales, que solo ha emitido decreto para ser aplicada en 7 de los 37 servicios p\u00fablicos que est\u00e1n contemplados en este cuerpo legal.<\/p>\n<p style=\"text-align: justify;\">A juicio del gremio de los constructores, \u201cadaptar los permisos que entrega el Estado a las diversas realidades regionales, debiese ser el centro de la aplicaci\u00f3n de esta normativa\u201d, puntualiza Carrasco.<\/p>\n<p style=\"text-align: justify;\">Revisar las leyes de excepci\u00f3n o de incentivo a la inversi\u00f3n que est\u00e1n vigentes en la regi\u00f3n, para que cumplan el objetivo para el cual fueron creadas, es otra de las urgencias detectadas por el gremio, as\u00ed como sacar adelante el proyecto de Zona Franca, con un componente de servicios e I+D (Investigaci\u00f3n y Desarrollo), para los cual desde la CChC consideran relevante, contar con un seremi de Hacienda con asiento permanente en la regi\u00f3n.<\/p>\n<p style=\"text-align: justify;\">\u201cEsperamos un seremi de Hacienda, una persona con la que podamos ver las leyes de excepci\u00f3n. Hay un mont\u00f3n de temas a tratar y en esto tambi\u00e9n hay que fomentar el uso de los instrumentos que tenemos, extenderlos a\u00fan m\u00e1s\u201d, indica Pablo Carrasco, desde la CChC.<\/p>\n<p style=\"text-align: justify;\">Finalmente, el gremio inst\u00f3 a las nuevas autoridades a utilizar herramientas legales vigentes como la Ley de Concesiones. Seg\u00fan la C\u00e1mara, el uso estrat\u00e9gico de este mecanismo permitir\u00eda cerrar brechas de infraestructura, atraer mayor inversi\u00f3n y responder con eficacia a las necesidades de desarrollo de Ays\u00e9n.<\/p>\n<\/div><\/section><\/div><div  style='height:50px' class='hr hr-invisible   avia-builder-el-6  el_after_av_one_full  el_before_av_social_share '><span class='hr-inner ' ><span class='hr-inner-style'><\/span><\/span><\/div><\/p>\n<div  class='av-social-sharing-box  avia-builder-el-7  el_after_av_hr  el_before_av_hr  '><div class='av-share-box'><h5 class='av-share-link-description av-no-toc '>Compartir esta noticia<\/h5><ul class='av-share-box-list noLightbox'><li class='av-share-link av-social-link-facebook' ><a target=\"_blank\" aria-label=\"Compartir en Facebook\" href='https:\/\/www.facebook.com\/sharer.php?u=https:\/\/radiorevelacionfm.cl\/?p=64797&#038;t=CChC%20Coyhaique%20espera%20que%20nuevo%20gobierno%20levante%20temas%20prioritarios%20para%20retomar%20el%20crecimiento%20de%20Ays%C3%A9n' aria-hidden='false' data-av_icon='\ue8f3' data-av_iconfont='entypo-fontello' title='' data-avia-related-tooltip='Compartir en Facebook' rel=\"noopener\"><span class='avia_hidden_link_text'>Compartir en Facebook<\/span><\/a><\/li><li class='av-share-link av-social-link-twitter' ><a target=\"_blank\" aria-label=\"Compartir en Twitter\" href='https:\/\/twitter.com\/share?text=CChC%20Coyhaique%20espera%20que%20nuevo%20gobierno%20levante%20temas%20prioritarios%20para%20retomar%20el%20crecimiento%20de%20Ays%C3%A9n&#038;url=https:\/\/radiorevelacionfm.cl\/?p=64797' aria-hidden='false' data-av_icon='\ue8f1' data-av_iconfont='entypo-fontello' title='' data-avia-related-tooltip='Compartir en Twitter' rel=\"noopener\"><span class='avia_hidden_link_text'>Compartir en Twitter<\/span><\/a><\/li><li class='av-share-link av-social-link-whatsapp' ><a target=\"_blank\" aria-label=\"Compartir en Whatsapp\" href='https:\/\/api.whatsapp.com\/send?text=https:\/\/radiorevelacionfm.cl\/?p=64797' aria-hidden='false' data-av_icon='\uf232' data-av_iconfont='entypo-fontello' title='' data-avia-related-tooltip='Compartir en Whatsapp' rel=\"noopener\"><span class='avia_hidden_link_text'>Compartir en Whatsapp<\/span><\/a><\/li><li class='av-share-link av-social-link-linkedin' ><a target=\"_blank\" aria-label=\"Compartir en LinkedIn\" href='https:\/\/linkedin.com\/shareArticle?mini=true&#038;title=CChC%20Coyhaique%20espera%20que%20nuevo%20gobierno%20levante%20temas%20prioritarios%20para%20retomar%20el%20crecimiento%20de%20Ays%C3%A9n&#038;url=https:\/\/radiorevelacionfm.cl\/?p=64797' aria-hidden='false' data-av_icon='\ue8fc' data-av_iconfont='entypo-fontello' title='' data-avia-related-tooltip='Compartir en LinkedIn' rel=\"noopener\"><span class='avia_hidden_link_text'>Compartir en LinkedIn<\/span><\/a><\/li><li class='av-share-link av-social-link-mail' ><a  aria-label=\"Compartir por correo\" href='mailto:?subject=CChC%20Coyhaique%20espera%20que%20nuevo%20gobierno%20levante%20temas%20prioritarios%20para%20retomar%20el%20crecimiento%20de%20Ays%C3%A9n&#038;body=https:\/\/radiorevelacionfm.cl\/?p=64797' aria-hidden='false' data-av_icon='\ue805' data-av_iconfont='entypo-fontello' title='' data-avia-related-tooltip='Compartir por correo'><span class='avia_hidden_link_text'>Compartir por correo<\/span><\/a><\/li><\/ul><\/div><\/div>\n<div  style='height:50px' class='hr hr-invisible   avia-builder-el-8  el_after_av_social_share  el_before_av_comments_list '><span class='hr-inner ' ><span class='hr-inner-style'><\/span><\/span><\/div>\n<div  class='av-buildercomment  av-blog-meta-html-info-disabled av-blog-meta-tag-disabled  '><\/div>\n","protected":false},"excerpt":{"rendered":"","protected":false},"author":1,"featured_media":64798,"comment_status":"closed","ping_status":"closed","sticky":false,"template":"","format":"standard","meta":{"footnotes":""},"categories":[38],"tags":[],"class_list":["post-64797","post","type-post","status-publish","format-standard","has-post-thumbnail","hentry","category-regional"],"jetpack_featured_media_url":"https:\/\/radiorevelacionfm.cl\/wp-content\/uploads\/2026\/03\/Pablo-Carrasco-foto-1-1.jpg","_links":{"self":[{"href":"https:\/\/radiorevelacionfm.cl\/index.php?rest_route=\/wp\/v2\/posts\/64797","targetHints":{"allow":["GET"]}}],"collection":[{"href":"https:\/\/radiorevelacionfm.cl\/index.php?rest_route=\/wp\/v2\/posts"}],"about":[{"href":"https:\/\/radiorevelacionfm.cl\/index.php?rest_route=\/wp\/v2\/types\/post"}],"author":[{"embeddable":true,"href":"https:\/\/radiorevelacionfm.cl\/index.php?rest_route=\/wp\/v2\/users\/1"}],"replies":[{"embeddable":true,"href":"https:\/\/radiorevelacionfm.cl\/index.php?rest_route=%2Fwp%2Fv2%2Fcomments&post=64797"}],"version-history":[{"count":2,"href":"https:\/\/radiorevelacionfm.cl\/index.php?rest_route=\/wp\/v2\/posts\/64797\/revisions"}],"predecessor-version":[{"id":64801,"href":"https:\/\/radiorevelacionfm.cl\/index.php?rest_route=\/wp\/v2\/posts\/64797\/revisions\/64801"}],"wp:featuredmedia":[{"embeddable":true,"href":"https:\/\/radiorevelacionfm.cl\/index.php?rest_route=\/wp\/v2\/media\/64798"}],"wp:attachment":[{"href":"https:\/\/radiorevelacionfm.cl\/index.php?rest_route=%2Fwp%2Fv2%2Fmedia&parent=64797"}],"wp:term":[{"taxonomy":"category","embeddable":true,"href":"https:\/\/radiorevelacionfm.cl\/index.php?rest_route=%2Fwp%2Fv2%2Fcategories&post=64797"},{"taxonomy":"post_tag","embeddable":true,"href":"https:\/\/radiorevelacionfm.cl\/index.php?rest_route=%2Fwp%2Fv2%2Ftags&post=64797"}],"curies":[{"name":"wp","href":"https:\/\/api.w.org\/{rel}","templated":true}]}}