{"id":64790,"date":"2026-03-05T10:56:18","date_gmt":"2026-03-05T13:56:18","guid":{"rendered":"https:\/\/radiorevelacionfm.cl\/?p=64790"},"modified":"2026-03-05T11:02:39","modified_gmt":"2026-03-05T14:02:39","slug":"comienza-consulta-publica-para-la-actualizacion-del-plan-de-descontaminacion-atmosferica-de-coyhaique","status":"publish","type":"post","link":"https:\/\/radiorevelacionfm.cl\/?p=64790","title":{"rendered":"Comienza Consulta P\u00fablica para la actualizaci\u00f3n del Plan de Descontaminaci\u00f3n Atmosf\u00e9rica de Coyhaique"},"content":{"rendered":"<div class=\"flex_column av_one_full  flex_column_div av-zero-column-padding first  avia-builder-el-0  el_before_av_one_full  avia-builder-el-first  \" style='border-radius:0px; '><div  class='avia-image-container  av-styling-    avia-builder-el-1  avia-builder-el-no-sibling  avia-align-center '  itemprop=\"image\" itemscope=\"itemscope\" itemtype=\"https:\/\/schema.org\/ImageObject\"  ><div class='avia-image-container-inner'><div class='avia-image-overlay-wrap'><img decoding=\"async\" class='wp-image-64791 avia-img-lazy-loading-not-64791 avia_image' src=\"https:\/\/radiorevelacionfm.cl\/wp-content\/uploads\/2026\/03\/whatsapp-image-2026-03-05-at-09_optimized.41.19-1.jpeg\" alt='' title='whatsapp-image-2026-03-05-at-09_optimized.41.19-(1)' height=\"600\" width=\"932\"  itemprop=\"thumbnailUrl\" srcset=\"https:\/\/radiorevelacionfm.cl\/wp-content\/uploads\/2026\/03\/whatsapp-image-2026-03-05-at-09_optimized.41.19-1.jpeg 932w, https:\/\/radiorevelacionfm.cl\/wp-content\/uploads\/2026\/03\/whatsapp-image-2026-03-05-at-09_optimized.41.19-1-300x193.jpeg 300w, https:\/\/radiorevelacionfm.cl\/wp-content\/uploads\/2026\/03\/whatsapp-image-2026-03-05-at-09_optimized.41.19-1-768x494.jpeg 768w, https:\/\/radiorevelacionfm.cl\/wp-content\/uploads\/2026\/03\/whatsapp-image-2026-03-05-at-09_optimized.41.19-1-705x454.jpeg 705w, https:\/\/radiorevelacionfm.cl\/wp-content\/uploads\/2026\/03\/whatsapp-image-2026-03-05-at-09_optimized.41.19-1-450x290.jpeg 450w, https:\/\/radiorevelacionfm.cl\/wp-content\/uploads\/2026\/03\/whatsapp-image-2026-03-05-at-09_optimized.41.19-1-600x386.jpeg 600w\" sizes=\"(max-width: 932px) 100vw, 932px\" \/><\/div><\/div><\/div><\/div>\n<div class=\"flex_column av_one_full  flex_column_div av-zero-column-padding first  avia-builder-el-2  el_after_av_one_full  el_before_av_one_full  column-top-margin\" style='border-radius:0px; '><section class=\"av_textblock_section \"  itemscope=\"itemscope\" itemtype=\"https:\/\/schema.org\/BlogPosting\" itemprop=\"blogPost\" ><div class='avia_textblock  '   itemprop=\"text\" ><p style=\"text-align: center;\"><strong><span style=\"font-size: 18pt;\">Comienza Consulta P\u00fablica para la actualizaci\u00f3n del Plan de Descontaminaci\u00f3n Atmosf\u00e9rica de Coyhaique<\/span><\/strong><\/p>\n<div id=\"gtx-trans\" style=\"position: absolute; left: -50px; top: 4.31534px;\">\n<div class=\"gtx-trans-icon\"><\/div>\n<\/div>\n<\/div><\/section><\/div>\n<div class=\"flex_column av_one_full  flex_column_div av-zero-column-padding first  avia-builder-el-4  el_after_av_one_full  el_before_av_hr  column-top-margin\" style='border-radius:0px; '><section class=\"av_textblock_section \"  itemscope=\"itemscope\" itemtype=\"https:\/\/schema.org\/BlogPosting\" itemprop=\"blogPost\" ><div class='avia_textblock  '   itemprop=\"text\" ><p style=\"text-align: justify;\">La ciudad de Coyhaique y su zona circundante enfrentan desde hace a\u00f1os uno de los mayores desaf\u00edos ambientales del pa\u00eds: la contaminaci\u00f3n atmosf\u00e9rica por material particulado fino (MP2,5) y grueso (MP10), cuya principal fuente es la combusti\u00f3n residencial a le\u00f1a. Hoy, ese desaf\u00edo abre una nueva etapa: el Ministerio del Medio Ambiente ha iniciado oficialmente la <strong>Consulta P\u00fablica del Anteproyecto de actualizaci\u00f3n del Plan de Descontaminaci\u00f3n Atmosf\u00e9rica (PDA)<\/strong>, proceso clave para avanzar hacia una ciudad m\u00e1s saludable y sostenible.<\/p>\n<p style=\"text-align: justify;\">La consulta se desarrollar\u00e1 entre el 2 de marzo y el 28 de mayo de 2026, durante 60 d\u00edas h\u00e1biles, y permitir\u00e1 que cualquier persona natural o jur\u00eddica formule observaciones fundadas al anteproyecto, ya sea a trav\u00e9s de la plataforma electr\u00f3nica oficial o de manera presencial en las oficinas de la SEREMI del Medio Ambiente en Coyhaique<\/p>\n<p style=\"text-align: justify;\">La combusti\u00f3n residencial a le\u00f1a representa aproximadamente el 90% de las emisiones de MP10 y el 95% de MP2,5 en la comuna. Sin embargo, los avances logrados en los \u00faltimos a\u00f1os muestran que el trabajo coordinado da resultados. Desde la implementaci\u00f3n del primer PDA en 2016, los episodios cr\u00edticos de contaminaci\u00f3n han disminuido en un 43%, las emergencias ambientales se han reducido en un 70%, el consumo residencial de le\u00f1a ha disminuido cerca de un 50% respecto de 2017 y los promedios trianuales de MP2,5 han bajado en un 33%, aunque a\u00fan se mantienen sobre la norma.<\/p>\n<p style=\"text-align: justify;\">Seg\u00fan el Seremi del Medio Ambiente, Yoal D\u00edaz,\u00a0 dichos resultados reflejan un esfuerzo conjunto entre el Estado, la ciudadan\u00eda y distintos sectores productivos, pero tambi\u00e9n evidencian que a\u00fan queda camino por recorrer <strong>\u201calcanzamos la meta PDA de 7.000 subsidios de acondicionamiento t\u00e9rmico, m\u00e1s de 10.600 calefactores recambiados, y desarrollamos un programa regional de educaci\u00f3n ambiental que ha fortalecido la comprensi\u00f3n ciudadana sobre la complejidad del problema , estos son logros concretos que son posibles cuando existe compromiso colectivo, hoy apelamos nuevamente a ese compromiso para actualizar y fortalecer nuestras medidas con una mirada ciudadana\u201d.<\/strong><\/p>\n<p style=\"text-align: justify;\"><strong>\u00bfQu\u00e9 propone la actualizaci\u00f3n del Plan?<\/strong><\/p>\n<p style=\"text-align: justify;\">El anteproyecto elaborado por el Comit\u00e9 Operativo, integrado por los servicios p\u00fabicos pertinentes (y por organizaciones comunitarias, privadas y academia) en su versi\u00f3n ampliada, incorpora nuevas y m\u00e1s exigentes medidas, que ser\u00e1n sometidas a consulta, entre ellas:<\/p>\n<ul style=\"text-align: justify;\">\n<li>Ampliar el programa de recambio a 20.000 artefactos en total.<\/li>\n<li>Ejecutar 3.000 nuevos subsidios de mejoramiento t\u00e9rmico.<\/li>\n<li>Exigir que las nuevas viviendas utilicen sistemas de calefacci\u00f3n distintos a la le\u00f1a.<\/li>\n<li>Fortalecer la regulaci\u00f3n y trazabilidad de la le\u00f1a seca.<\/li>\n<li>Implementar compensaciones del 120% para proyectos que generen emisiones significativas.<\/li>\n<li>Impulsar movilidad activa y transporte p\u00fablico con tecnolog\u00edas m\u00e1s limpias.<\/li>\n<li>Profundizar campa\u00f1as educativas y acciones en establecimientos educacionales<\/li>\n<\/ul>\n<p style=\"text-align: justify;\">Se trata de una propuesta que integra vivienda, energ\u00eda, transporte, educaci\u00f3n, salud y regulaci\u00f3n ambiental, entendiendo que la calidad del aire es un desaf\u00edo multisectorial.<\/p>\n<p style=\"text-align: justify;\"><strong>Participar es decidir el futuro de Coyhaique<\/strong><\/p>\n<p style=\"text-align: justify;\">La autoridad ambiental enfatiz\u00f3 en que la aprobaci\u00f3n definitiva del Plan requiere escuchar la voz de la comunidad, <strong>\u201ccada observaci\u00f3n ciudadana fortalece el instrumento, mejora su implementaci\u00f3n y asegura que las medidas respondan a la realidad local\u201d<\/strong>, agreg\u00f3 Yoal D\u00edaz.<\/p>\n<p style=\"text-align: justify;\">El texto completo del anteproyecto y su expediente est\u00e1n disponibles en la plataforma de consultas ciudadanas del Ministerio del Medio Ambiente y en las oficinas de la SEREMI en Coyhaique.<\/p>\n<p>En el siguiente enlace se encuentra el detalle de la informaci\u00f3n:<\/p>\n<p><strong><a href=\"https:\/\/mma.gob.cl\/comienza-consulta-publica-para-la-actualizacion-del-plan-de-descontaminacion-atmosferica-de-coyhaique\/\" data-saferedirecturl=\"https:\/\/www.google.com\/url?q=https:\/\/mma.gob.cl\/comienza-consulta-publica-para-la-actualizacion-del-plan-de-descontaminacion-atmosferica-de-coyhaique\/&amp;source=gmail&amp;ust=1772802109867000&amp;usg=AOvVaw0hAV6e_ZYqhDmo9L3X3UAe\">Comienza Consulta P\u00fablica para la actualizaci\u00f3n del Plan de Descontaminaci\u00f3n Atmosf\u00e9rica de Coyhaique \u2013 MMA<\/a><\/strong><\/p>\n<\/div><\/section><\/div><div  style='height:50px' class='hr hr-invisible   avia-builder-el-6  el_after_av_one_full  el_before_av_social_share '><span class='hr-inner ' ><span class='hr-inner-style'><\/span><\/span><\/div><\/p>\n<div  class='av-social-sharing-box  avia-builder-el-7  el_after_av_hr  el_before_av_hr  '><div class='av-share-box'><h5 class='av-share-link-description av-no-toc '>Compartir esta noticia<\/h5><ul class='av-share-box-list noLightbox'><li class='av-share-link av-social-link-facebook' ><a target=\"_blank\" aria-label=\"Compartir en Facebook\" href='https:\/\/www.facebook.com\/sharer.php?u=https:\/\/radiorevelacionfm.cl\/?p=64790&#038;t=Comienza%20Consulta%20P%C3%BAblica%20para%20la%20actualizaci%C3%B3n%20del%20Plan%20de%20Descontaminaci%C3%B3n%20Atmosf%C3%A9rica%20de%20Coyhaique' aria-hidden='false' data-av_icon='\ue8f3' data-av_iconfont='entypo-fontello' title='' data-avia-related-tooltip='Compartir en Facebook' rel=\"noopener\"><span class='avia_hidden_link_text'>Compartir en Facebook<\/span><\/a><\/li><li class='av-share-link av-social-link-twitter' ><a target=\"_blank\" aria-label=\"Compartir en Twitter\" href='https:\/\/twitter.com\/share?text=Comienza%20Consulta%20P%C3%BAblica%20para%20la%20actualizaci%C3%B3n%20del%20Plan%20de%20Descontaminaci%C3%B3n%20Atmosf%C3%A9rica%20de%20Coyhaique&#038;url=https:\/\/radiorevelacionfm.cl\/?p=64790' aria-hidden='false' data-av_icon='\ue8f1' data-av_iconfont='entypo-fontello' title='' data-avia-related-tooltip='Compartir en Twitter' rel=\"noopener\"><span class='avia_hidden_link_text'>Compartir en Twitter<\/span><\/a><\/li><li class='av-share-link av-social-link-whatsapp' ><a target=\"_blank\" aria-label=\"Compartir en Whatsapp\" href='https:\/\/api.whatsapp.com\/send?text=https:\/\/radiorevelacionfm.cl\/?p=64790' aria-hidden='false' data-av_icon='\uf232' data-av_iconfont='entypo-fontello' title='' data-avia-related-tooltip='Compartir en Whatsapp' rel=\"noopener\"><span class='avia_hidden_link_text'>Compartir en Whatsapp<\/span><\/a><\/li><li class='av-share-link av-social-link-linkedin' ><a target=\"_blank\" aria-label=\"Compartir en LinkedIn\" href='https:\/\/linkedin.com\/shareArticle?mini=true&#038;title=Comienza%20Consulta%20P%C3%BAblica%20para%20la%20actualizaci%C3%B3n%20del%20Plan%20de%20Descontaminaci%C3%B3n%20Atmosf%C3%A9rica%20de%20Coyhaique&#038;url=https:\/\/radiorevelacionfm.cl\/?p=64790' aria-hidden='false' data-av_icon='\ue8fc' data-av_iconfont='entypo-fontello' title='' data-avia-related-tooltip='Compartir en LinkedIn' rel=\"noopener\"><span class='avia_hidden_link_text'>Compartir en LinkedIn<\/span><\/a><\/li><li class='av-share-link av-social-link-mail' ><a  aria-label=\"Compartir por correo\" href='mailto:?subject=Comienza%20Consulta%20P%C3%BAblica%20para%20la%20actualizaci%C3%B3n%20del%20Plan%20de%20Descontaminaci%C3%B3n%20Atmosf%C3%A9rica%20de%20Coyhaique&#038;body=https:\/\/radiorevelacionfm.cl\/?p=64790' aria-hidden='false' data-av_icon='\ue805' data-av_iconfont='entypo-fontello' title='' data-avia-related-tooltip='Compartir por correo'><span class='avia_hidden_link_text'>Compartir por correo<\/span><\/a><\/li><\/ul><\/div><\/div>\n<div  style='height:50px' class='hr hr-invisible   avia-builder-el-8  el_after_av_social_share  el_before_av_comments_list '><span class='hr-inner ' ><span class='hr-inner-style'><\/span><\/span><\/div>\n<div  class='av-buildercomment  av-blog-meta-html-info-disabled av-blog-meta-tag-disabled  '><\/div>\n","protected":false},"excerpt":{"rendered":"","protected":false},"author":1,"featured_media":64791,"comment_status":"closed","ping_status":"closed","sticky":false,"template":"","format":"standard","meta":{"footnotes":""},"categories":[39],"tags":[],"class_list":["post-64790","post","type-post","status-publish","format-standard","has-post-thumbnail","hentry","category-medio-ambiente"],"jetpack_featured_media_url":"https:\/\/radiorevelacionfm.cl\/wp-content\/uploads\/2026\/03\/whatsapp-image-2026-03-05-at-09_optimized.41.19-1.jpeg","_links":{"self":[{"href":"https:\/\/radiorevelacionfm.cl\/index.php?rest_route=\/wp\/v2\/posts\/64790","targetHints":{"allow":["GET"]}}],"collection":[{"href":"https:\/\/radiorevelacionfm.cl\/index.php?rest_route=\/wp\/v2\/posts"}],"about":[{"href":"https:\/\/radiorevelacionfm.cl\/index.php?rest_route=\/wp\/v2\/types\/post"}],"author":[{"embeddable":true,"href":"https:\/\/radiorevelacionfm.cl\/index.php?rest_route=\/wp\/v2\/users\/1"}],"replies":[{"embeddable":true,"href":"https:\/\/radiorevelacionfm.cl\/index.php?rest_route=%2Fwp%2Fv2%2Fcomments&post=64790"}],"version-history":[{"count":3,"href":"https:\/\/radiorevelacionfm.cl\/index.php?rest_route=\/wp\/v2\/posts\/64790\/revisions"}],"predecessor-version":[{"id":64794,"href":"https:\/\/radiorevelacionfm.cl\/index.php?rest_route=\/wp\/v2\/posts\/64790\/revisions\/64794"}],"wp:featuredmedia":[{"embeddable":true,"href":"https:\/\/radiorevelacionfm.cl\/index.php?rest_route=\/wp\/v2\/media\/64791"}],"wp:attachment":[{"href":"https:\/\/radiorevelacionfm.cl\/index.php?rest_route=%2Fwp%2Fv2%2Fmedia&parent=64790"}],"wp:term":[{"taxonomy":"category","embeddable":true,"href":"https:\/\/radiorevelacionfm.cl\/index.php?rest_route=%2Fwp%2Fv2%2Fcategories&post=64790"},{"taxonomy":"post_tag","embeddable":true,"href":"https:\/\/radiorevelacionfm.cl\/index.php?rest_route=%2Fwp%2Fv2%2Ftags&post=64790"}],"curies":[{"name":"wp","href":"https:\/\/api.w.org\/{rel}","templated":true}]}}