{"id":64786,"date":"2026-03-05T10:12:18","date_gmt":"2026-03-05T13:12:18","guid":{"rendered":"https:\/\/radiorevelacionfm.cl\/?p=64786"},"modified":"2026-03-05T10:12:18","modified_gmt":"2026-03-05T13:12:18","slug":"impulsan-jornada-de-acopio-y-comercializacion-de-cerca-de-45-mil-kilos-de-lana-en-rio-ibanez","status":"publish","type":"post","link":"https:\/\/radiorevelacionfm.cl\/?p=64786","title":{"rendered":"Impulsan jornada de acopio y comercializaci\u00f3n de cerca de 45 mil kilos de lana en R\u00edo Ib\u00e1\u00f1ez"},"content":{"rendered":"<div class=\"flex_column av_one_full  flex_column_div av-zero-column-padding first  avia-builder-el-0  el_before_av_one_full  avia-builder-el-first  \" style='border-radius:0px; '><div  class='avia-image-container  av-styling-    avia-builder-el-1  avia-builder-el-no-sibling  avia-align-center '  itemprop=\"image\" itemscope=\"itemscope\" itemtype=\"https:\/\/schema.org\/ImageObject\"  ><div class='avia-image-container-inner'><div class='avia-image-overlay-wrap'><img decoding=\"async\" class='wp-image-64787 avia-img-lazy-loading-not-64787 avia_image' src=\"https:\/\/radiorevelacionfm.cl\/wp-content\/uploads\/2026\/03\/APOYO-1-1.jpg\" alt='' title='APOYO (1) (1)' height=\"600\" width=\"800\"  itemprop=\"thumbnailUrl\" srcset=\"https:\/\/radiorevelacionfm.cl\/wp-content\/uploads\/2026\/03\/APOYO-1-1.jpg 800w, https:\/\/radiorevelacionfm.cl\/wp-content\/uploads\/2026\/03\/APOYO-1-1-300x225.jpg 300w, https:\/\/radiorevelacionfm.cl\/wp-content\/uploads\/2026\/03\/APOYO-1-1-768x576.jpg 768w, https:\/\/radiorevelacionfm.cl\/wp-content\/uploads\/2026\/03\/APOYO-1-1-705x529.jpg 705w, https:\/\/radiorevelacionfm.cl\/wp-content\/uploads\/2026\/03\/APOYO-1-1-450x338.jpg 450w, https:\/\/radiorevelacionfm.cl\/wp-content\/uploads\/2026\/03\/APOYO-1-1-600x450.jpg 600w\" sizes=\"(max-width: 800px) 100vw, 800px\" \/><\/div><\/div><\/div><\/div><div class=\"flex_column av_one_full  flex_column_div av-zero-column-padding first  avia-builder-el-2  el_after_av_one_full  el_before_av_one_full  column-top-margin\" style='border-radius:0px; '><section class=\"av_textblock_section \"  itemscope=\"itemscope\" itemtype=\"https:\/\/schema.org\/BlogPosting\" itemprop=\"blogPost\" ><div class='avia_textblock  '   itemprop=\"text\" ><p style=\"text-align: center;\"><strong><span style=\"font-size: 18pt;\">Impulsan jornada de acopio y comercializaci\u00f3n de cerca de 45 mil kilos de lana en R\u00edo Ib\u00e1\u00f1ez<\/span><\/strong><\/p>\n<div id=\"gtx-trans\" style=\"position: absolute; left: -50px; top: 4.31534px;\">\n<div class=\"gtx-trans-icon\"><\/div>\n<\/div>\n<\/div><\/section><\/div><div class=\"flex_column av_one_full  flex_column_div av-zero-column-padding first  avia-builder-el-4  el_after_av_one_full  el_before_av_hr  column-top-margin\" style='border-radius:0px; '><section class=\"av_textblock_section \"  itemscope=\"itemscope\" itemtype=\"https:\/\/schema.org\/BlogPosting\" itemprop=\"blogPost\" ><div class='avia_textblock  '   itemprop=\"text\" ><p style=\"text-align: justify;\">Una importante jornada de <strong>acopio y comercializaci\u00f3n de lana<\/strong> se desarroll\u00f3 recientemente en la comuna de <strong>R\u00edo Ib\u00e1\u00f1ez<\/strong>, instancia que permiti\u00f3 reunir cerca de <strong>45 mil kilos del producto<\/strong>, beneficiando directamente a productores ganaderos del territorio.<\/p>\n<p style=\"text-align: justify;\">La iniciativa fue posible gracias al trabajo coordinado entre la <strong>Municipalidad de R\u00edo Ib\u00e1\u00f1ez, INDAP y el programa PRODESAL<\/strong>, permitiendo generar una alternativa concreta de comercializaci\u00f3n para los productores locales. En esta oportunidad, la lana fue adquirida por la empresa <strong>Meyer Ltda de Temuco<\/strong>, fortaleciendo as\u00ed la cadena productiva y entregando mayor valor al trabajo que realizan las familias del sector rural.<\/p>\n<p style=\"text-align: justify;\">El <strong>concejal de la comuna de R\u00edo Ib\u00e1\u00f1ez, Ren\u00e1n Catal\u00e1n<\/strong>, destac\u00f3 la relevancia de esta gesti\u00f3n y el trabajo conjunto que permiti\u00f3 concretar esta instancia de apoyo al mundo campesino.<\/p>\n<p style=\"text-align: justify;\">\u201cHoy estamos junto al alcalde de la comuna de R\u00edo Ib\u00e1\u00f1ez, con el equipo municipal y con INDAP, dando este primer paso con la salida de la primera lana que se est\u00e1 comercializando desde nuestra comuna. Queremos agradecer a INDAP, al alcalde y a todos los funcionarios municipales que han sido parte importante de este proceso, porque permite avanzar en una mejor valorizaci\u00f3n del trabajo que realizan nuestros productores\u201d, se\u00f1al\u00f3 el concejal.<\/p>\n<p style=\"text-align: justify;\">Desde <strong>INDAP<\/strong>, el funcionario <strong>Fernando Morales<\/strong> valor\u00f3 el resultado de esta jornada, destacando el volumen de lana reunido y el trabajo coordinado que permiti\u00f3 llevar adelante esta iniciativa.<\/p>\n<p style=\"text-align: justify;\">\u201cEsto es bastante importante porque la lana vuelve a transformarse en un producto con valor. La asociaci\u00f3n estrat\u00e9gica que realizamos fue muy bien recibida por los productores. Hoy estamos sobre los 40 mil kilos reunidos en las bodegas de INDAP, lo que para esta zona es una cifra muy significativa. Tambi\u00e9n agradecer al equipo profesional que estuvo a cargo de la coordinaci\u00f3n, el pesaje y toda la log\u00edstica necesaria para concretar esta jornada\u201d, explic\u00f3.<\/p>\n<p style=\"text-align: justify;\">Por su parte, el <strong>alcalde de la comuna de R\u00edo Ib\u00e1\u00f1ez, Marcelo J\u00e9lvez<\/strong>, destac\u00f3 el trabajo conjunto entre las distintas instituciones para recuperar el valor de la lana dentro de la actividad ganadera.<\/p>\n<p style=\"text-align: justify;\">\u201cNos unimos para que nuestros campesinos recuperen un valor que se hab\u00eda ido perdiendo, que es la lana de sus animales. Estamos muy contentos por el trabajo que se ha realizado entre PRODESAL, INDAP, el municipio y nuestras delegaciones municipales que colaboraron para que esta jornada se concretara. Este es el puntapi\u00e9 inicial para seguir masificando este ejercicio con nuestros ganaderos de la comuna\u201d, indic\u00f3 la autoridad comunal.<\/p>\n<p style=\"text-align: justify;\">Finalmente, desde el equipo municipal se\u00f1alaron que este tipo de iniciativas permiten <strong>dar valor a la producci\u00f3n local, apoyar la econom\u00eda rural y generar nuevas oportunidades para las familias del territorio<\/strong>, reafirmando el compromiso de seguir impulsando acciones que fortalezcan el desarrollo productivo en la comuna de <strong>R\u00edo Ib\u00e1\u00f1ez<\/strong>.<\/p>\n<\/div><\/section><\/div><div  style='height:50px' class='hr hr-invisible   avia-builder-el-6  el_after_av_one_full  el_before_av_social_share '><span class='hr-inner ' ><span class='hr-inner-style'><\/span><\/span><\/div><\/p>\n<div  class='av-social-sharing-box  avia-builder-el-7  el_after_av_hr  el_before_av_hr  '><div class='av-share-box'><h5 class='av-share-link-description av-no-toc '>Compartir esta noticia<\/h5><ul class='av-share-box-list noLightbox'><li class='av-share-link av-social-link-facebook' ><a target=\"_blank\" aria-label=\"Compartir en Facebook\" href='https:\/\/www.facebook.com\/sharer.php?u=https:\/\/radiorevelacionfm.cl\/?p=64786&#038;t=Impulsan%20jornada%20de%20acopio%20y%20comercializaci%C3%B3n%20de%20cerca%20de%2045%20mil%20kilos%20de%20lana%20en%20R%C3%ADo%20Ib%C3%A1%C3%B1ez' aria-hidden='false' data-av_icon='\ue8f3' data-av_iconfont='entypo-fontello' title='' data-avia-related-tooltip='Compartir en Facebook' rel=\"noopener\"><span class='avia_hidden_link_text'>Compartir en Facebook<\/span><\/a><\/li><li class='av-share-link av-social-link-twitter' ><a target=\"_blank\" aria-label=\"Compartir en Twitter\" href='https:\/\/twitter.com\/share?text=Impulsan%20jornada%20de%20acopio%20y%20comercializaci%C3%B3n%20de%20cerca%20de%2045%20mil%20kilos%20de%20lana%20en%20R%C3%ADo%20Ib%C3%A1%C3%B1ez&#038;url=https:\/\/radiorevelacionfm.cl\/?p=64786' aria-hidden='false' data-av_icon='\ue8f1' data-av_iconfont='entypo-fontello' title='' data-avia-related-tooltip='Compartir en Twitter' rel=\"noopener\"><span class='avia_hidden_link_text'>Compartir en Twitter<\/span><\/a><\/li><li class='av-share-link av-social-link-whatsapp' ><a target=\"_blank\" aria-label=\"Compartir en Whatsapp\" href='https:\/\/api.whatsapp.com\/send?text=https:\/\/radiorevelacionfm.cl\/?p=64786' aria-hidden='false' data-av_icon='\uf232' data-av_iconfont='entypo-fontello' title='' data-avia-related-tooltip='Compartir en Whatsapp' rel=\"noopener\"><span class='avia_hidden_link_text'>Compartir en Whatsapp<\/span><\/a><\/li><li class='av-share-link av-social-link-linkedin' ><a target=\"_blank\" aria-label=\"Compartir en LinkedIn\" href='https:\/\/linkedin.com\/shareArticle?mini=true&#038;title=Impulsan%20jornada%20de%20acopio%20y%20comercializaci%C3%B3n%20de%20cerca%20de%2045%20mil%20kilos%20de%20lana%20en%20R%C3%ADo%20Ib%C3%A1%C3%B1ez&#038;url=https:\/\/radiorevelacionfm.cl\/?p=64786' aria-hidden='false' data-av_icon='\ue8fc' data-av_iconfont='entypo-fontello' title='' data-avia-related-tooltip='Compartir en LinkedIn' rel=\"noopener\"><span class='avia_hidden_link_text'>Compartir en LinkedIn<\/span><\/a><\/li><li class='av-share-link av-social-link-mail' ><a  aria-label=\"Compartir por correo\" href='mailto:?subject=Impulsan%20jornada%20de%20acopio%20y%20comercializaci%C3%B3n%20de%20cerca%20de%2045%20mil%20kilos%20de%20lana%20en%20R%C3%ADo%20Ib%C3%A1%C3%B1ez&#038;body=https:\/\/radiorevelacionfm.cl\/?p=64786' aria-hidden='false' data-av_icon='\ue805' data-av_iconfont='entypo-fontello' title='' data-avia-related-tooltip='Compartir por correo'><span class='avia_hidden_link_text'>Compartir por correo<\/span><\/a><\/li><\/ul><\/div><\/div>\n<div  style='height:50px' class='hr hr-invisible   avia-builder-el-8  el_after_av_social_share  el_before_av_comments_list '><span class='hr-inner ' ><span class='hr-inner-style'><\/span><\/span><\/div>\n<div  class='av-buildercomment  av-blog-meta-html-info-disabled av-blog-meta-tag-disabled  '><\/div>\n","protected":false},"excerpt":{"rendered":"","protected":false},"author":1,"featured_media":64787,"comment_status":"closed","ping_status":"closed","sticky":false,"template":"","format":"standard","meta":{"footnotes":""},"categories":[38],"tags":[],"class_list":["post-64786","post","type-post","status-publish","format-standard","has-post-thumbnail","hentry","category-regional"],"jetpack_featured_media_url":"https:\/\/radiorevelacionfm.cl\/wp-content\/uploads\/2026\/03\/APOYO-1-1.jpg","_links":{"self":[{"href":"https:\/\/radiorevelacionfm.cl\/index.php?rest_route=\/wp\/v2\/posts\/64786","targetHints":{"allow":["GET"]}}],"collection":[{"href":"https:\/\/radiorevelacionfm.cl\/index.php?rest_route=\/wp\/v2\/posts"}],"about":[{"href":"https:\/\/radiorevelacionfm.cl\/index.php?rest_route=\/wp\/v2\/types\/post"}],"author":[{"embeddable":true,"href":"https:\/\/radiorevelacionfm.cl\/index.php?rest_route=\/wp\/v2\/users\/1"}],"replies":[{"embeddable":true,"href":"https:\/\/radiorevelacionfm.cl\/index.php?rest_route=%2Fwp%2Fv2%2Fcomments&post=64786"}],"version-history":[{"count":2,"href":"https:\/\/radiorevelacionfm.cl\/index.php?rest_route=\/wp\/v2\/posts\/64786\/revisions"}],"predecessor-version":[{"id":64789,"href":"https:\/\/radiorevelacionfm.cl\/index.php?rest_route=\/wp\/v2\/posts\/64786\/revisions\/64789"}],"wp:featuredmedia":[{"embeddable":true,"href":"https:\/\/radiorevelacionfm.cl\/index.php?rest_route=\/wp\/v2\/media\/64787"}],"wp:attachment":[{"href":"https:\/\/radiorevelacionfm.cl\/index.php?rest_route=%2Fwp%2Fv2%2Fmedia&parent=64786"}],"wp:term":[{"taxonomy":"category","embeddable":true,"href":"https:\/\/radiorevelacionfm.cl\/index.php?rest_route=%2Fwp%2Fv2%2Fcategories&post=64786"},{"taxonomy":"post_tag","embeddable":true,"href":"https:\/\/radiorevelacionfm.cl\/index.php?rest_route=%2Fwp%2Fv2%2Ftags&post=64786"}],"curies":[{"name":"wp","href":"https:\/\/api.w.org\/{rel}","templated":true}]}}