{"id":64783,"date":"2026-03-05T11:47:28","date_gmt":"2026-03-05T14:47:28","guid":{"rendered":"https:\/\/radiorevelacionfm.cl\/?p=64783"},"modified":"2026-03-05T11:47:28","modified_gmt":"2026-03-05T14:47:28","slug":"consejera-andrea-ponce-manifiesta-molestia-por-suspension-del-proyecto-de-buses-electricos-para-coyhaique-por-parte-del-ministerio-de-transportes-y-telecomunicaciones-por-falta-de-presupuesto-sectoria","status":"publish","type":"post","link":"https:\/\/radiorevelacionfm.cl\/?p=64783","title":{"rendered":"Consejera Andrea Ponce manifiesta molestia por suspensi\u00f3n del proyecto de buses el\u00e9ctricos para Coyhaique por parte del Ministerio de Transportes y Telecomunicaciones por falta de presupuesto sectorial"},"content":{"rendered":"<div class=\"flex_column av_one_full  flex_column_div av-zero-column-padding first  avia-builder-el-0  el_before_av_one_full  avia-builder-el-first  \" style='border-radius:0px; '><div  class='avia-image-container  av-styling-    avia-builder-el-1  avia-builder-el-no-sibling  avia-align-center '  itemprop=\"image\" itemscope=\"itemscope\" itemtype=\"https:\/\/schema.org\/ImageObject\"  ><div class='avia-image-container-inner'><div class='avia-image-overlay-wrap'><img decoding=\"async\" class='wp-image-54393 avia-img-lazy-loading-not-54393 avia_image' src=\"https:\/\/radiorevelacionfm.cl\/wp-content\/uploads\/2025\/05\/2-FOTO-ANDREA-PONCE-1-1.jpg\" alt='' title='2 FOTO ANDREA PONCE (1) (1)' height=\"600\" width=\"803\"  itemprop=\"thumbnailUrl\" srcset=\"https:\/\/radiorevelacionfm.cl\/wp-content\/uploads\/2025\/05\/2-FOTO-ANDREA-PONCE-1-1.jpg 803w, https:\/\/radiorevelacionfm.cl\/wp-content\/uploads\/2025\/05\/2-FOTO-ANDREA-PONCE-1-1-300x224.jpg 300w, https:\/\/radiorevelacionfm.cl\/wp-content\/uploads\/2025\/05\/2-FOTO-ANDREA-PONCE-1-1-768x574.jpg 768w, https:\/\/radiorevelacionfm.cl\/wp-content\/uploads\/2025\/05\/2-FOTO-ANDREA-PONCE-1-1-705x527.jpg 705w, https:\/\/radiorevelacionfm.cl\/wp-content\/uploads\/2025\/05\/2-FOTO-ANDREA-PONCE-1-1-450x336.jpg 450w, https:\/\/radiorevelacionfm.cl\/wp-content\/uploads\/2025\/05\/2-FOTO-ANDREA-PONCE-1-1-600x448.jpg 600w\" sizes=\"(max-width: 803px) 100vw, 803px\" \/><\/div><\/div><\/div><\/div><div class=\"flex_column av_one_full  flex_column_div av-zero-column-padding first  avia-builder-el-2  el_after_av_one_full  el_before_av_one_full  column-top-margin\" style='border-radius:0px; '><section class=\"av_textblock_section \"  itemscope=\"itemscope\" itemtype=\"https:\/\/schema.org\/BlogPosting\" itemprop=\"blogPost\" ><div class='avia_textblock  '   itemprop=\"text\" ><p style=\"text-align: center;\"><strong><span style=\"font-size: 18pt;\">Consejera Andrea Ponce manifiesta molestia por suspensi\u00f3n del proyecto de buses el\u00e9ctricos para Coyhaique por parte del Ministerio de Transportes y Telecomunicaciones por falta de presupuesto sectorial<\/span><\/strong><\/p>\n<div id=\"gtx-trans\" style=\"position: absolute; left: -50px; top: 4.31534px;\">\n<div class=\"gtx-trans-icon\"><\/div>\n<\/div>\n<\/div><\/section><\/div><div class=\"flex_column av_one_full  flex_column_div av-zero-column-padding first  avia-builder-el-4  el_after_av_one_full  el_before_av_hr  column-top-margin\" style='border-radius:0px; '><section class=\"av_textblock_section \"  itemscope=\"itemscope\" itemtype=\"https:\/\/schema.org\/BlogPosting\" itemprop=\"blogPost\" ><div class='avia_textblock  '   itemprop=\"text\" ><p style=\"font-weight: 400; text-align: justify;\"><em>Se acaba de notificar mediante oficio esta informaci\u00f3n demostrando una falta de planificaci\u00f3n y gesti\u00f3n del ministerio, lo cual perjudica a los habitantes de la comuna directamente, incumpliendo con lo prometido, lo cual incluye reiteradas faltas de correcci\u00f3n de las falencias encontradas por la Contralor\u00eda y el Gobierno Regional<\/em><strong><em>.<\/em><\/strong><\/p>\n<p style=\"font-weight: 400; text-align: justify;\">La consejera regional por la Provincia de Coyhaique, Andrea Ponce Olivares, presidenta de la Comisi\u00f3n de Infraestructura, Transporte y Telecomunicaciones, manifest\u00f3 su profunda molestia tras conocerse la suspensi\u00f3n del proyecto de mejoramiento del sistema de transporte p\u00fablico mediante buses el\u00e9ctricos para la comuna de Coyhaique, iniciativa que fue presentada con gran revuelo y buscaba avanzar hacia un sistema de transporte m\u00e1s moderno y sustentable para la capital regional.<\/p>\n<p style=\"font-weight: 400; text-align: justify;\">Ponce record\u00f3 que este proyecto ya hab\u00eda sido objeto de observaciones por parte de la Contralor\u00eda General de la Rep\u00fablica durante la administraci\u00f3n anterior del Gobierno Regional, organismo que detect\u00f3 diversas deficiencias en su formulaci\u00f3n, al punto de representarlo, por tanto, no tomaron raz\u00f3n del acto administrativo.\u00a0 A ra\u00edz de ello, se solicit\u00f3 que la iniciativa fuera corregida y reingresada al Ministerio de Transportes y Telecomunicaciones, particularmente a la Secretar\u00eda Regional Ministerial de Transportes de la Regi\u00f3n de Ays\u00e9n.<\/p>\n<p style=\"font-weight: 400; text-align: justify;\">Sin embargo, seg\u00fan se\u00f1al\u00f3 la consejera, el proyecto volvi\u00f3 a presentarse con m\u00faltiples observaciones y falencias t\u00e9cnicas, lo que oblig\u00f3 nuevamente al Gobierno Regional a solicitar que estas fueran subsanadas antes de continuar con su tramitaci\u00f3n.<\/p>\n<p style=\"font-weight: 400; text-align: justify;\">Al respecto, Andrea Ponce afirm\u00f3, \u201cLo que resulta inaceptable es que, despu\u00e9s de todo este tiempo, y a pocos d\u00edas de que termine el actual gobierno, reci\u00e9n el Ministerio de Transportes y Telecomunicaciones informe que no existe presupuesto sectorial para continuar con el proyecto. Esto demuestra una falta de gesti\u00f3n y planificaci\u00f3n sectorial que termina perjudicando directamente a los habitantes de Coyhaique\u201d, se\u00f1al\u00f3 Ponce.<\/p>\n<p style=\"font-weight: 400; text-align: justify;\">La consejera regional agreg\u00f3 que durante este proceso, en diversas ocasiones algunos consejeros regionales afines al sector pol\u00edtico del actual gobierno sostuvieron p\u00fablicamente que la falta de avance del proyecto respond\u00eda a una supuesta falta de voluntad del Gobierno Regional para implementar buses el\u00e9ctricos en Coyhaique.<\/p>\n<p style=\"font-weight: 400; text-align: justify;\">Sin embargo, a juicio de Ponce, el \u00faltimo oficio de respuesta del Ministerio de Transportes y Telecomunicaciones deja en evidencia lo que ella siempre plante\u00f3 como consejera regional, y es que el problema no radicaba en la voluntad pol\u00edtica del Gobierno Regional, sino en la inexistencia de recursos sectoriales y en las dificultades t\u00e9cnicas del propio proyecto, que desde un inicio fue presentado con importantes deficiencias desde el nivel central.<\/p>\n<p style=\"font-weight: 400; text-align: justify;\">\u201cDurante mucho tiempo, consejeros regionales afines al gobierno del Presidente Boric \u2014que hoy est\u00e1 a d\u00edas de terminar\u2014 intentaron instalar la idea de que el actual Gobierno Regional liderado por el Gobernador Regional Marcelo Santana, no ten\u00eda voluntad para impulsar este proyecto. Sin embargo, hoy queda en evidencia que aquello no era as\u00ed y ello siempre lo se\u00f1al\u00e9. M\u00e1s all\u00e1 de la falta de financiamiento sectorial, siempre establec\u00ed que era un proyecto que no cumpl\u00eda con los est\u00e1ndares t\u00e9cnicos necesarios, presentado con importantes deficiencias y problemas desde el nivel central\u201d.<\/p>\n<p style=\"font-weight: 400; text-align: justify;\">Finalmente, la consejera regional indic\u00f3 que espera que las autoridades correspondientes entreguen explicaciones claras respecto de lo ocurrido y que el nuevo Gobierno s\u00ed defina una hoja de ruta concreta que permita retomar esta iniciativa, considerando la importancia que tiene para la movilidad urbana y el desarrollo de Coyhaique.<\/p>\n<\/div><\/section><\/div><div  style='height:50px' class='hr hr-invisible   avia-builder-el-6  el_after_av_one_full  el_before_av_social_share '><span class='hr-inner ' ><span class='hr-inner-style'><\/span><\/span><\/div><\/p>\n<div  class='av-social-sharing-box  avia-builder-el-7  el_after_av_hr  el_before_av_hr  '><div class='av-share-box'><h5 class='av-share-link-description av-no-toc '>Compartir esta noticia<\/h5><ul class='av-share-box-list noLightbox'><li class='av-share-link av-social-link-facebook' ><a target=\"_blank\" aria-label=\"Compartir en Facebook\" href='https:\/\/www.facebook.com\/sharer.php?u=https:\/\/radiorevelacionfm.cl\/?p=64783&#038;t=Consejera%20Andrea%20Ponce%20manifiesta%20molestia%20por%20suspensi%C3%B3n%20del%20proyecto%20de%20buses%20el%C3%A9ctricos%20para%20Coyhaique%20por%20parte%20del%20Ministerio%20de%20Transportes%20y%20Telecomunicaciones%20por%20falta%20de%20presupuesto%20sectorial' aria-hidden='false' data-av_icon='\ue8f3' data-av_iconfont='entypo-fontello' title='' data-avia-related-tooltip='Compartir en Facebook' rel=\"noopener\"><span class='avia_hidden_link_text'>Compartir en Facebook<\/span><\/a><\/li><li class='av-share-link av-social-link-twitter' ><a target=\"_blank\" aria-label=\"Compartir en Twitter\" href='https:\/\/twitter.com\/share?text=Consejera%20Andrea%20Ponce%20manifiesta%20molestia%20por%20suspensi%C3%B3n%20del%20proyecto%20de%20buses%20el%C3%A9ctricos%20para%20Coyhaique%20por%20parte%20del%20Ministerio%20de%20Transportes%20y%20Telecomunicaciones%20por%20falta%20de%20presupuesto%20sectorial&#038;url=https:\/\/radiorevelacionfm.cl\/?p=64783' aria-hidden='false' data-av_icon='\ue8f1' data-av_iconfont='entypo-fontello' title='' data-avia-related-tooltip='Compartir en Twitter' rel=\"noopener\"><span class='avia_hidden_link_text'>Compartir en Twitter<\/span><\/a><\/li><li class='av-share-link av-social-link-whatsapp' ><a target=\"_blank\" aria-label=\"Compartir en Whatsapp\" href='https:\/\/api.whatsapp.com\/send?text=https:\/\/radiorevelacionfm.cl\/?p=64783' aria-hidden='false' data-av_icon='\uf232' data-av_iconfont='entypo-fontello' title='' data-avia-related-tooltip='Compartir en Whatsapp' rel=\"noopener\"><span class='avia_hidden_link_text'>Compartir en Whatsapp<\/span><\/a><\/li><li class='av-share-link av-social-link-linkedin' ><a target=\"_blank\" aria-label=\"Compartir en LinkedIn\" href='https:\/\/linkedin.com\/shareArticle?mini=true&#038;title=Consejera%20Andrea%20Ponce%20manifiesta%20molestia%20por%20suspensi%C3%B3n%20del%20proyecto%20de%20buses%20el%C3%A9ctricos%20para%20Coyhaique%20por%20parte%20del%20Ministerio%20de%20Transportes%20y%20Telecomunicaciones%20por%20falta%20de%20presupuesto%20sectorial&#038;url=https:\/\/radiorevelacionfm.cl\/?p=64783' aria-hidden='false' data-av_icon='\ue8fc' data-av_iconfont='entypo-fontello' title='' data-avia-related-tooltip='Compartir en LinkedIn' rel=\"noopener\"><span class='avia_hidden_link_text'>Compartir en LinkedIn<\/span><\/a><\/li><li class='av-share-link av-social-link-mail' ><a  aria-label=\"Compartir por correo\" href='mailto:?subject=Consejera%20Andrea%20Ponce%20manifiesta%20molestia%20por%20suspensi%C3%B3n%20del%20proyecto%20de%20buses%20el%C3%A9ctricos%20para%20Coyhaique%20por%20parte%20del%20Ministerio%20de%20Transportes%20y%20Telecomunicaciones%20por%20falta%20de%20presupuesto%20sectorial&#038;body=https:\/\/radiorevelacionfm.cl\/?p=64783' aria-hidden='false' data-av_icon='\ue805' data-av_iconfont='entypo-fontello' title='' data-avia-related-tooltip='Compartir por correo'><span class='avia_hidden_link_text'>Compartir por correo<\/span><\/a><\/li><\/ul><\/div><\/div>\n<div  style='height:50px' class='hr hr-invisible   avia-builder-el-8  el_after_av_social_share  el_before_av_comments_list '><span class='hr-inner ' ><span class='hr-inner-style'><\/span><\/span><\/div>\n<div  class='av-buildercomment  av-blog-meta-html-info-disabled av-blog-meta-tag-disabled  '><\/div>\n","protected":false},"excerpt":{"rendered":"","protected":false},"author":1,"featured_media":54393,"comment_status":"closed","ping_status":"closed","sticky":false,"template":"","format":"standard","meta":{"footnotes":""},"categories":[38],"tags":[],"class_list":["post-64783","post","type-post","status-publish","format-standard","has-post-thumbnail","hentry","category-regional"],"jetpack_featured_media_url":"https:\/\/radiorevelacionfm.cl\/wp-content\/uploads\/2025\/05\/2-FOTO-ANDREA-PONCE-1-1.jpg","_links":{"self":[{"href":"https:\/\/radiorevelacionfm.cl\/index.php?rest_route=\/wp\/v2\/posts\/64783","targetHints":{"allow":["GET"]}}],"collection":[{"href":"https:\/\/radiorevelacionfm.cl\/index.php?rest_route=\/wp\/v2\/posts"}],"about":[{"href":"https:\/\/radiorevelacionfm.cl\/index.php?rest_route=\/wp\/v2\/types\/post"}],"author":[{"embeddable":true,"href":"https:\/\/radiorevelacionfm.cl\/index.php?rest_route=\/wp\/v2\/users\/1"}],"replies":[{"embeddable":true,"href":"https:\/\/radiorevelacionfm.cl\/index.php?rest_route=%2Fwp%2Fv2%2Fcomments&post=64783"}],"version-history":[{"count":2,"href":"https:\/\/radiorevelacionfm.cl\/index.php?rest_route=\/wp\/v2\/posts\/64783\/revisions"}],"predecessor-version":[{"id":64796,"href":"https:\/\/radiorevelacionfm.cl\/index.php?rest_route=\/wp\/v2\/posts\/64783\/revisions\/64796"}],"wp:featuredmedia":[{"embeddable":true,"href":"https:\/\/radiorevelacionfm.cl\/index.php?rest_route=\/wp\/v2\/media\/54393"}],"wp:attachment":[{"href":"https:\/\/radiorevelacionfm.cl\/index.php?rest_route=%2Fwp%2Fv2%2Fmedia&parent=64783"}],"wp:term":[{"taxonomy":"category","embeddable":true,"href":"https:\/\/radiorevelacionfm.cl\/index.php?rest_route=%2Fwp%2Fv2%2Fcategories&post=64783"},{"taxonomy":"post_tag","embeddable":true,"href":"https:\/\/radiorevelacionfm.cl\/index.php?rest_route=%2Fwp%2Fv2%2Ftags&post=64783"}],"curies":[{"name":"wp","href":"https:\/\/api.w.org\/{rel}","templated":true}]}}