{"id":64777,"date":"2026-03-04T20:37:26","date_gmt":"2026-03-04T23:37:26","guid":{"rendered":"https:\/\/radiorevelacionfm.cl\/?p=64777"},"modified":"2026-03-04T20:37:26","modified_gmt":"2026-03-04T23:37:26","slug":"guardaparques-monitorean-presencia-de-elefantes-marinos-en-el-parque-nacional-laguna-san-rafael","status":"publish","type":"post","link":"https:\/\/radiorevelacionfm.cl\/?p=64777","title":{"rendered":"Guardaparques monitorean presencia de elefantes marinos en el Parque Nacional Laguna San Rafael"},"content":{"rendered":"<div class=\"flex_column av_one_full  flex_column_div av-zero-column-padding first  avia-builder-el-0  el_before_av_one_full  avia-builder-el-first  \" style='border-radius:0px; '><div  class='avia-image-container  av-styling-    avia-builder-el-1  avia-builder-el-no-sibling  avia-align-center '  itemprop=\"image\" itemscope=\"itemscope\" itemtype=\"https:\/\/schema.org\/ImageObject\"  ><div class='avia-image-container-inner'><div class='avia-image-overlay-wrap'><img decoding=\"async\" class='wp-image-64778 avia-img-lazy-loading-not-64778 avia_image' src=\"https:\/\/radiorevelacionfm.cl\/wp-content\/uploads\/2026\/03\/hector-marchant-1-1-696x522_optimized.jpg\" alt='' title='hector-marchant-1-1-696x522_optimized' height=\"522\" width=\"696\"  itemprop=\"thumbnailUrl\" srcset=\"https:\/\/radiorevelacionfm.cl\/wp-content\/uploads\/2026\/03\/hector-marchant-1-1-696x522_optimized.jpg 696w, https:\/\/radiorevelacionfm.cl\/wp-content\/uploads\/2026\/03\/hector-marchant-1-1-696x522_optimized-300x225.jpg 300w, https:\/\/radiorevelacionfm.cl\/wp-content\/uploads\/2026\/03\/hector-marchant-1-1-696x522_optimized-450x338.jpg 450w, https:\/\/radiorevelacionfm.cl\/wp-content\/uploads\/2026\/03\/hector-marchant-1-1-696x522_optimized-600x450.jpg 600w\" sizes=\"(max-width: 696px) 100vw, 696px\" \/><\/div><\/div><\/div><\/div><div class=\"flex_column av_one_full  flex_column_div av-zero-column-padding first  avia-builder-el-2  el_after_av_one_full  el_before_av_one_full  column-top-margin\" style='border-radius:0px; '><section class=\"av_textblock_section \"  itemscope=\"itemscope\" itemtype=\"https:\/\/schema.org\/BlogPosting\" itemprop=\"blogPost\" ><div class='avia_textblock  '   itemprop=\"text\" ><p style=\"text-align: center;\"><strong><span style=\"font-size: 18pt;\">Guardaparques monitorean presencia de elefantes marinos en el Parque Nacional Laguna San Rafael<\/span><\/strong><\/p>\n<div id=\"gtx-trans\" style=\"position: absolute; left: -50px; top: 4.31534px;\">\n<div class=\"gtx-trans-icon\"><\/div>\n<\/div>\n<\/div><\/section><\/div><div class=\"flex_column av_one_full  flex_column_div av-zero-column-padding first  avia-builder-el-4  el_after_av_one_full  el_before_av_hr  column-top-margin\" style='border-radius:0px; '><section class=\"av_textblock_section \"  itemscope=\"itemscope\" itemtype=\"https:\/\/schema.org\/BlogPosting\" itemprop=\"blogPost\" ><div class='avia_textblock  '   itemprop=\"text\" ><p style=\"text-align: justify;\">El seguimiento realizado durante casi una d\u00e9cada por el equipo de guardaparques del sector Laguna San Rafael ha permitido registrar grupos de hasta 80 individuos, incluyendo cr\u00edas, lo que podr\u00eda indicar el establecimiento de una colonia de elefante marino del sur en la Regi\u00f3n de Ays\u00e9n.<\/p>\n<p style=\"text-align: justify;\">Desde 2017, el equipo de guardaparques del Parque Nacional Laguna San Rafael, unidad perteneciente al \u00c1rea Provincial de Ays\u00e9n de CONAF Ays\u00e9n, mantiene un monitoreo constante de la presencia del elefante marino del sur (Mirounga leonina) en el sector costa sur de la laguna. Los registros sistem\u00e1ticos realizados mediante patrullajes mar\u00edtimos, informes t\u00e9cnicos y c\u00e1maras trampa han permitido documentar avistamientos cada vez m\u00e1s frecuentes de esta especie, considerada el pinn\u00edpedo m\u00e1s grande del mundo.<\/p>\n<p style=\"text-align: justify;\">El elefante marino del sur (Mirounga leonina) es un mam\u00edfero marino perteneciente al grupo de los pinn\u00edpedos, dentro de la familia Phocidae, conocida com\u00fanmente como la familia de las focas. Estos animales est\u00e1n adaptados a la vida en el oc\u00e9ano, aunque necesitan salir a tierra para descansar, mudar su piel y reproducirse. El elefante marino destaca por ser el pinn\u00edpedo m\u00e1s grande del mundo, con machos que pueden superar los 4,5 metros de longitud y pesar m\u00e1s de 4 toneladas, mientras que las hembras son considerablemente m\u00e1s peque\u00f1as. Su nombre proviene de la caracter\u00edstica prob\u00f3scide o \u201ctrompa\u201d que desarrollan los machos adultos, utilizada durante las disputas territoriales en la \u00e9poca reproductiva.<\/p>\n<p style=\"text-align: justify;\">Con el paso de los a\u00f1os, las observaciones han revelado la presencia de machos, hembras, juveniles e incluso cr\u00edas, un antecedente relevante que sugiere que el \u00e1rea podr\u00eda estar siendo utilizada no solo como sitio de descanso, sino tambi\u00e9n como un espacio funcional para la especie dentro de los ecosistemas marinos de la regi\u00f3n.<\/p>\n<p style=\"text-align: justify;\">Seg\u00fan explica el guardaparque Diego Quezada Co\u00f1uecar, quien actualmente forma parte del equipo permanente del sector Laguna San Rafael, este trabajo es el resultado de un esfuerzo sostenido en el tiempo por parte de los distintos funcionarios que han cumplido labores en esta unidad. \u201cDesde 2017 se han registrado avistamientos cada vez m\u00e1s frecuentes. Cada observaci\u00f3n se documenta mediante patrullajes mar\u00edtimos, registrando el punto GPS y elaborando un informe con detalles del n\u00famero de individuos y sus caracter\u00edsticas\u201d, se\u00f1ala.<\/p>\n<p style=\"text-align: justify;\">Indica adem\u00e1s que \u201ceste monitoreo ha permitido identificar temporadas con presencia de entre 30 y hasta cerca de 80 o 90 individuos, una cifra significativa considerando que hist\u00f3ricamente la presencia de esta especie en la zona era considerada espor\u00e1dica\u201d.<\/p>\n<p style=\"text-align: justify;\"><strong>Monitoreo y trabajo colaborativo<\/strong><\/p>\n<p style=\"text-align: justify;\">El seguimiento realizado por el equipo de guardaparques tambi\u00e9n se ha visto fortalecido gracias a la colaboraci\u00f3n de operadores tur\u00edsticos que navegan regularmente por el sector, quienes han contribuido con registros fotogr\u00e1ficos y reportes de avistamientos.<\/p>\n<p style=\"text-align: justify;\">Actualmente, la dotaci\u00f3n permanente de guardaparques que desarrolla estas labores de monitoreo en el sector est\u00e1 conformada por H\u00e9ctor Marchant C\u00e1rcamo, Marcelo Donke Almonacid y Diego Quezada Co\u00f1uecar, quienes contin\u00faan con este trabajo de observaci\u00f3n y registro en terreno.<\/p>\n<p style=\"text-align: justify;\">Este proceso tambi\u00e9n ha sido posible gracias al aporte de guardaparques que participaron en los primeros a\u00f1os del monitoreo, entre ellos Sandro Campos Paredes y Alejandro Segura Mu\u00f1oz, quienes contribuyeron con observaciones y registros al inicio de este seguimiento que hoy completa casi una d\u00e9cada de trabajo en el Parque Nacional Laguna San Rafael.<\/p>\n<p style=\"text-align: justify;\">Desde el \u00e1mbito local, operadores tur\u00edsticos que navegan regularmente por el sector tambi\u00e9n han aportado registros e informaci\u00f3n que complementan el monitoreo desarrollado por guardaparques. Daniel Torres Saavedra, empresario tur\u00edstico de la zona, destac\u00f3 la importancia de fortalecer primero el conocimiento y seguimiento de esta colonia antes de pensar en su eventual inter\u00e9s tur\u00edstico. \u201cLo m\u00e1s importante es reforzar el trabajo que realizan los guardaparques en el monitoreo y conocer bien c\u00f3mo evoluciona esta colonia, cu\u00e1les son sus amenazas y c\u00f3mo se comporta la especie\u201d, se\u00f1al\u00f3.<\/p>\n<p style=\"text-align: justify;\">Torres agreg\u00f3 que cualquier actividad asociada al avistamiento debe desarrollarse bajo criterios de turismo responsable, evitando generar perturbaciones en los animales y resguardando el equilibrio natural del ecosistema.<\/p>\n<p style=\"text-align: justify;\"><strong>Una se\u00f1al positiva para la biodiversidad<\/strong><\/p>\n<p style=\"text-align: justify;\">Durante a\u00f1os, la presencia del elefante marino del sur en Laguna San Rafael fue considerada ocasional. Sin embargo, los registros sistem\u00e1ticos acumulados durante casi una d\u00e9cada muestran una tendencia clara: estos mam\u00edferos marinos est\u00e1n utilizando cada vez con mayor frecuencia la costa sur de la laguna.<\/p>\n<p style=\"text-align: justify;\">Uno de los antecedentes m\u00e1s relevantes ha sido el registro de cr\u00edas en distintos a\u00f1os, lo que podr\u00eda indicar procesos de recolonizaci\u00f3n natural en el \u00e1rea. \u201cLo que estamos observando no es un evento aislado, sino un patr\u00f3n que se repite en el tiempo. La presencia de cr\u00edas y grupos numerosos indica que el sector est\u00e1 siendo utilizado de manera m\u00e1s estable por la especie\u201d, explic\u00f3 Gabriela G\u00f3mez Gonz\u00e1lez, jefa provincial Provincia de Ays\u00e9n, CONAF Ays\u00e9n.<\/p>\n<p style=\"text-align: justify;\">El elefante marino del sur fue fuertemente afectado por la caza intensiva durante el siglo XIX, lo que redujo dr\u00e1sticamente sus poblaciones. Actualmente, su presencia recurrente en Laguna San Rafael podr\u00eda reflejar procesos naturales de recuperaci\u00f3n y expansi\u00f3n en ecosistemas que mantienen condiciones adecuadas de tranquilidad y disponibilidad de h\u00e1bitat, indic\u00f3 G\u00f3mez.<\/p>\n<p style=\"text-align: justify;\"><strong>Importancia de respetar la fauna silvestre<\/strong><\/p>\n<p style=\"text-align: justify;\">Desde CONAF recuerdan que estos animales, aunque puedan parecer tranquilos durante su descanso en la costa, son especies protegidas y sensibles a la perturbaci\u00f3n humana. Por ello, se hace un llamado a quienes visitan el \u00e1rea protegida a mantener distancia, evitar ruidos innecesarios y respetar la normativa vigente, contribuyendo as\u00ed a la protecci\u00f3n de la biodiversidad que alberga el Parque Nacional Laguna San Rafael.<\/p>\n<p style=\"text-align: justify;\"><strong>Un proceso que contin\u00faa<\/strong><\/p>\n<p style=\"text-align: justify;\">El desaf\u00edo ahora es continuar desarrollando este monitoreo para comprender mejor el comportamiento de la especie y su posible consolidaci\u00f3n en la zona. Para el equipo de guardaparques, cada registro realizado en terreno aporta informaci\u00f3n valiosa que permite avanzar en el conocimiento de la fauna marina presente en una de las \u00e1reas protegidas m\u00e1s emblem\u00e1ticas de la Patagonia chilena, resultado del trabajo sostenido de quienes cumplen esta labor de observaci\u00f3n y resguardo del patrimonio natural.<\/p>\n<p style=\"text-align: justify;\">Cabe recordar que, en Chile, las colonias reproductivas m\u00e1s conocidas de elefante marino del sur se encuentran en el Seno Almirantazgo, en Tierra del Fuego, donde la especie ha sido monitoreada durante d\u00e9cadas. La presencia creciente de estos animales en el Parque Nacional Laguna San Rafael podr\u00eda representar uno de los registros m\u00e1s relevantes de expansi\u00f3n natural de la especie en la Patagonia austral, posicionando a la regi\u00f3n de Ays\u00e9n como un territorio con condiciones favorables para el desarrollo de estos grandes mam\u00edferos marinos.<\/p>\n<\/div><\/section><\/div><div  style='height:50px' class='hr hr-invisible   avia-builder-el-6  el_after_av_one_full  el_before_av_social_share '><span class='hr-inner ' ><span class='hr-inner-style'><\/span><\/span><\/div><\/p>\n<div  class='av-social-sharing-box  avia-builder-el-7  el_after_av_hr  el_before_av_hr  '><div class='av-share-box'><h5 class='av-share-link-description av-no-toc '>Compartir esta noticia<\/h5><ul class='av-share-box-list noLightbox'><li class='av-share-link av-social-link-facebook' ><a target=\"_blank\" aria-label=\"Compartir en Facebook\" href='https:\/\/www.facebook.com\/sharer.php?u=https:\/\/radiorevelacionfm.cl\/?p=64777&#038;t=Guardaparques%20monitorean%20presencia%20de%20elefantes%20marinos%20en%20el%20Parque%20Nacional%20Laguna%20San%20Rafael' aria-hidden='false' data-av_icon='\ue8f3' data-av_iconfont='entypo-fontello' title='' data-avia-related-tooltip='Compartir en Facebook' rel=\"noopener\"><span class='avia_hidden_link_text'>Compartir en Facebook<\/span><\/a><\/li><li class='av-share-link av-social-link-twitter' ><a target=\"_blank\" aria-label=\"Compartir en Twitter\" href='https:\/\/twitter.com\/share?text=Guardaparques%20monitorean%20presencia%20de%20elefantes%20marinos%20en%20el%20Parque%20Nacional%20Laguna%20San%20Rafael&#038;url=https:\/\/radiorevelacionfm.cl\/?p=64777' aria-hidden='false' data-av_icon='\ue8f1' data-av_iconfont='entypo-fontello' title='' data-avia-related-tooltip='Compartir en Twitter' rel=\"noopener\"><span class='avia_hidden_link_text'>Compartir en Twitter<\/span><\/a><\/li><li class='av-share-link av-social-link-whatsapp' ><a target=\"_blank\" aria-label=\"Compartir en Whatsapp\" href='https:\/\/api.whatsapp.com\/send?text=https:\/\/radiorevelacionfm.cl\/?p=64777' aria-hidden='false' data-av_icon='\uf232' data-av_iconfont='entypo-fontello' title='' data-avia-related-tooltip='Compartir en Whatsapp' rel=\"noopener\"><span class='avia_hidden_link_text'>Compartir en Whatsapp<\/span><\/a><\/li><li class='av-share-link av-social-link-linkedin' ><a target=\"_blank\" aria-label=\"Compartir en LinkedIn\" href='https:\/\/linkedin.com\/shareArticle?mini=true&#038;title=Guardaparques%20monitorean%20presencia%20de%20elefantes%20marinos%20en%20el%20Parque%20Nacional%20Laguna%20San%20Rafael&#038;url=https:\/\/radiorevelacionfm.cl\/?p=64777' aria-hidden='false' data-av_icon='\ue8fc' data-av_iconfont='entypo-fontello' title='' data-avia-related-tooltip='Compartir en LinkedIn' rel=\"noopener\"><span class='avia_hidden_link_text'>Compartir en LinkedIn<\/span><\/a><\/li><li class='av-share-link av-social-link-mail' ><a  aria-label=\"Compartir por correo\" href='mailto:?subject=Guardaparques%20monitorean%20presencia%20de%20elefantes%20marinos%20en%20el%20Parque%20Nacional%20Laguna%20San%20Rafael&#038;body=https:\/\/radiorevelacionfm.cl\/?p=64777' aria-hidden='false' data-av_icon='\ue805' data-av_iconfont='entypo-fontello' title='' data-avia-related-tooltip='Compartir por correo'><span class='avia_hidden_link_text'>Compartir por correo<\/span><\/a><\/li><\/ul><\/div><\/div>\n<div  style='height:50px' class='hr hr-invisible   avia-builder-el-8  el_after_av_social_share  el_before_av_comments_list '><span class='hr-inner ' ><span class='hr-inner-style'><\/span><\/span><\/div>\n<div  class='av-buildercomment  av-blog-meta-html-info-disabled av-blog-meta-tag-disabled  '><\/div>\n","protected":false},"excerpt":{"rendered":"","protected":false},"author":1,"featured_media":64778,"comment_status":"closed","ping_status":"closed","sticky":false,"template":"","format":"standard","meta":{"footnotes":""},"categories":[38],"tags":[],"class_list":["post-64777","post","type-post","status-publish","format-standard","has-post-thumbnail","hentry","category-regional"],"jetpack_featured_media_url":"https:\/\/radiorevelacionfm.cl\/wp-content\/uploads\/2026\/03\/hector-marchant-1-1-696x522_optimized.jpg","_links":{"self":[{"href":"https:\/\/radiorevelacionfm.cl\/index.php?rest_route=\/wp\/v2\/posts\/64777","targetHints":{"allow":["GET"]}}],"collection":[{"href":"https:\/\/radiorevelacionfm.cl\/index.php?rest_route=\/wp\/v2\/posts"}],"about":[{"href":"https:\/\/radiorevelacionfm.cl\/index.php?rest_route=\/wp\/v2\/types\/post"}],"author":[{"embeddable":true,"href":"https:\/\/radiorevelacionfm.cl\/index.php?rest_route=\/wp\/v2\/users\/1"}],"replies":[{"embeddable":true,"href":"https:\/\/radiorevelacionfm.cl\/index.php?rest_route=%2Fwp%2Fv2%2Fcomments&post=64777"}],"version-history":[{"count":2,"href":"https:\/\/radiorevelacionfm.cl\/index.php?rest_route=\/wp\/v2\/posts\/64777\/revisions"}],"predecessor-version":[{"id":64780,"href":"https:\/\/radiorevelacionfm.cl\/index.php?rest_route=\/wp\/v2\/posts\/64777\/revisions\/64780"}],"wp:featuredmedia":[{"embeddable":true,"href":"https:\/\/radiorevelacionfm.cl\/index.php?rest_route=\/wp\/v2\/media\/64778"}],"wp:attachment":[{"href":"https:\/\/radiorevelacionfm.cl\/index.php?rest_route=%2Fwp%2Fv2%2Fmedia&parent=64777"}],"wp:term":[{"taxonomy":"category","embeddable":true,"href":"https:\/\/radiorevelacionfm.cl\/index.php?rest_route=%2Fwp%2Fv2%2Fcategories&post=64777"},{"taxonomy":"post_tag","embeddable":true,"href":"https:\/\/radiorevelacionfm.cl\/index.php?rest_route=%2Fwp%2Fv2%2Ftags&post=64777"}],"curies":[{"name":"wp","href":"https:\/\/api.w.org\/{rel}","templated":true}]}}