{"id":64774,"date":"2026-03-05T09:59:25","date_gmt":"2026-03-05T12:59:25","guid":{"rendered":"https:\/\/radiorevelacionfm.cl\/?p=64774"},"modified":"2026-03-05T09:59:25","modified_gmt":"2026-03-05T12:59:25","slug":"intensifican-gestiones-para-concretar-proyecto-de-buses-electricos-en-coyhaique","status":"publish","type":"post","link":"https:\/\/radiorevelacionfm.cl\/?p=64774","title":{"rendered":"Intensifican gestiones para concretar proyecto de buses el\u00e9ctricos en Coyhaique"},"content":{"rendered":"<div class=\"flex_column av_one_full  flex_column_div av-zero-column-padding first  avia-builder-el-0  el_before_av_one_full  avia-builder-el-first  \" style='border-radius:0px; '><div  class='avia-image-container  av-styling-    avia-builder-el-1  avia-builder-el-no-sibling  avia-align-center '  itemprop=\"image\" itemscope=\"itemscope\" itemtype=\"https:\/\/schema.org\/ImageObject\"  ><div class='avia-image-container-inner'><div class='avia-image-overlay-wrap'><img decoding=\"async\" class='wp-image-40867 avia-img-lazy-loading-not-40867 avia_image' src=\"https:\/\/radiorevelacionfm.cl\/wp-content\/uploads\/2024\/03\/buses-electricos-2024-03-27-at-4_optimized.23.45-pm-1-1-1.jpeg\" alt='' title='buses-electricos-2024-03-27-at-4_optimized.23.45-pm-(1)-(1) (1)' height=\"600\" width=\"901\"  itemprop=\"thumbnailUrl\" srcset=\"https:\/\/radiorevelacionfm.cl\/wp-content\/uploads\/2024\/03\/buses-electricos-2024-03-27-at-4_optimized.23.45-pm-1-1-1.jpeg 901w, https:\/\/radiorevelacionfm.cl\/wp-content\/uploads\/2024\/03\/buses-electricos-2024-03-27-at-4_optimized.23.45-pm-1-1-1-300x200.jpeg 300w, https:\/\/radiorevelacionfm.cl\/wp-content\/uploads\/2024\/03\/buses-electricos-2024-03-27-at-4_optimized.23.45-pm-1-1-1-768x511.jpeg 768w, https:\/\/radiorevelacionfm.cl\/wp-content\/uploads\/2024\/03\/buses-electricos-2024-03-27-at-4_optimized.23.45-pm-1-1-1-705x469.jpeg 705w, https:\/\/radiorevelacionfm.cl\/wp-content\/uploads\/2024\/03\/buses-electricos-2024-03-27-at-4_optimized.23.45-pm-1-1-1-450x300.jpeg 450w, https:\/\/radiorevelacionfm.cl\/wp-content\/uploads\/2024\/03\/buses-electricos-2024-03-27-at-4_optimized.23.45-pm-1-1-1-600x400.jpeg 600w\" sizes=\"(max-width: 901px) 100vw, 901px\" \/><\/div><\/div><\/div><\/div><div class=\"flex_column av_one_full  flex_column_div av-zero-column-padding first  avia-builder-el-2  el_after_av_one_full  el_before_av_one_full  column-top-margin\" style='border-radius:0px; '><section class=\"av_textblock_section \"  itemscope=\"itemscope\" itemtype=\"https:\/\/schema.org\/BlogPosting\" itemprop=\"blogPost\" ><div class='avia_textblock  '   itemprop=\"text\" ><p style=\"text-align: center;\"><strong><span style=\"font-size: 18pt;\">Intensifican gestiones para concretar proyecto de buses el\u00e9ctricos en Coyhaique<\/span><\/strong><\/p>\n<div id=\"gtx-trans\" style=\"position: absolute; left: -50px; top: 4.31534px;\">\n<div class=\"gtx-trans-icon\"><\/div>\n<\/div>\n<\/div><\/section><\/div><\/p>\n<div class=\"flex_column av_one_full  flex_column_div av-zero-column-padding first  avia-builder-el-4  el_after_av_one_full  el_before_av_hr  column-top-margin\" style='border-radius:0px; '><section class=\"av_textblock_section \"  itemscope=\"itemscope\" itemtype=\"https:\/\/schema.org\/BlogPosting\" itemprop=\"blogPost\" ><div class='avia_textblock  '   itemprop=\"text\" ><p style=\"text-align: justify;\">La Ilustre Municipalidad de Coyhaique contin\u00faa desarrollando una intensa agenda de gestiones ante el Gobierno nacional entrante y el Ministerio de Transportes y Telecomunicaciones, con el objetivo de asegurar la concreci\u00f3n del proyecto \u201cSistema de Transporte P\u00fablico Mayor Buses El\u00e9ctricos en Coyhaique\u201d.<\/p>\n<p style=\"text-align: justify;\">En una reciente reuni\u00f3n sostenida entre el Alcalde de Coyhaique y el Ministro de Transportes, el municipio manifest\u00f3 la urgencia de avanzar en esta iniciativa estrat\u00e9gica que contempla la incorporaci\u00f3n de aproximadamente 37 buses el\u00e9ctricos de alto est\u00e1ndar, junto con la infraestructura de carga necesaria para su operaci\u00f3n.<\/p>\n<p style=\"text-align: justify;\"><strong>Liderazgo municipal para destrabar el proyecto<\/strong><\/p>\n<p style=\"text-align: justify;\">Durante el encuentro, el alcalde expuso la importancia de otorgar viabilidad t\u00e9cnica y presupuestaria al proyecto, que actualmente enfrenta observaciones t\u00e9cnicas y la necesidad de aprobaci\u00f3n formal por parte del Ministerio, situaci\u00f3n que podr\u00eda afectar su incorporaci\u00f3n en el presupuesto 2026.<\/p>\n<p style=\"text-align: justify;\">En este contexto, el municipio solicit\u00f3 establecer una hoja de ruta conjunta que permita resolver las observaciones pendientes, especialmente en materia de cuantificaci\u00f3n de demanda, y avanzar con claridad en los compromisos institucionales necesarios para su ejecuci\u00f3n<\/p>\n<p style=\"text-align: justify;\"><strong>Coordinaci\u00f3n para financiamiento e infraestructura<\/strong><\/p>\n<p style=\"text-align: justify;\">La Municipalidad de Coyhaique ha impulsado activamente la articulaci\u00f3n entre el Gobierno Regional de Ays\u00e9n \u2014que ya aprob\u00f3 el cofinanciamiento del proyecto\u2014 y los organismos sectoriales competentes, con el fin de asegurar los recursos y respaldos necesarios. Adem\u00e1s, el municipio ha planteado la necesidad de abordar de manera integral las obras complementarias que permitir\u00e1n que el sistema funcione adecuadamente, entre ellas:<\/p>\n<ul style=\"text-align: justify;\">\n<li><strong>Mejoramiento y adecuaci\u00f3n de calzadas.<\/strong><\/li>\n<\/ul>\n<ul style=\"text-align: justify;\">\n<li><strong>Construcci\u00f3n y modernizaci\u00f3n de paraderos.<\/strong><\/li>\n<\/ul>\n<ul style=\"text-align: justify;\">\n<li><strong>Implementaci\u00f3n de se\u00f1al\u00e9tica urbana.<\/strong><\/li>\n<\/ul>\n<ul style=\"text-align: justify;\">\n<li><strong>Instalaci\u00f3n de electrolineras y puntos de recarga para garantizar la operaci\u00f3n diaria de la flota.<\/strong><\/li>\n<\/ul>\n<p style=\"text-align: justify;\">Estas mejoras no solo permitir\u00e1n la llegada de los buses el\u00e9ctricos, sino que significar\u00e1n un salto cualitativo en la infraestructura urbana de la capital regional.<\/p>\n<p style=\"text-align: justify;\">Desde el municipio se enfatiz\u00f3 que Coyhaique no cuenta actualmente con un sistema de transporte p\u00fablico urbano estructurado, por lo que esta iniciativa representa una oportunidad hist\u00f3rica para dotar a la comuna de un servicio moderno, sustentable y accesible, alineado con la pol\u00edtica nacional de electromovilidad.<\/p>\n<\/div><\/section><\/div>\n<div  style='height:50px' class='hr hr-invisible   avia-builder-el-6  el_after_av_one_full  el_before_av_social_share '><span class='hr-inner ' ><span class='hr-inner-style'><\/span><\/span><\/div>\n<div  class='av-social-sharing-box  avia-builder-el-7  el_after_av_hr  el_before_av_hr  '><div class='av-share-box'><h5 class='av-share-link-description av-no-toc '>Compartir esta noticia<\/h5><ul class='av-share-box-list noLightbox'><li class='av-share-link av-social-link-facebook' ><a target=\"_blank\" aria-label=\"Compartir en Facebook\" href='https:\/\/www.facebook.com\/sharer.php?u=https:\/\/radiorevelacionfm.cl\/?p=64774&#038;t=Intensifican%20gestiones%20para%20concretar%20proyecto%20de%20buses%20el%C3%A9ctricos%20en%20Coyhaique' aria-hidden='false' data-av_icon='\ue8f3' data-av_iconfont='entypo-fontello' title='' data-avia-related-tooltip='Compartir en Facebook' rel=\"noopener\"><span class='avia_hidden_link_text'>Compartir en Facebook<\/span><\/a><\/li><li class='av-share-link av-social-link-twitter' ><a target=\"_blank\" aria-label=\"Compartir en Twitter\" href='https:\/\/twitter.com\/share?text=Intensifican%20gestiones%20para%20concretar%20proyecto%20de%20buses%20el%C3%A9ctricos%20en%20Coyhaique&#038;url=https:\/\/radiorevelacionfm.cl\/?p=64774' aria-hidden='false' data-av_icon='\ue8f1' data-av_iconfont='entypo-fontello' title='' data-avia-related-tooltip='Compartir en Twitter' rel=\"noopener\"><span class='avia_hidden_link_text'>Compartir en Twitter<\/span><\/a><\/li><li class='av-share-link av-social-link-whatsapp' ><a target=\"_blank\" aria-label=\"Compartir en Whatsapp\" href='https:\/\/api.whatsapp.com\/send?text=https:\/\/radiorevelacionfm.cl\/?p=64774' aria-hidden='false' data-av_icon='\uf232' data-av_iconfont='entypo-fontello' title='' data-avia-related-tooltip='Compartir en Whatsapp' rel=\"noopener\"><span class='avia_hidden_link_text'>Compartir en Whatsapp<\/span><\/a><\/li><li class='av-share-link av-social-link-linkedin' ><a target=\"_blank\" aria-label=\"Compartir en LinkedIn\" href='https:\/\/linkedin.com\/shareArticle?mini=true&#038;title=Intensifican%20gestiones%20para%20concretar%20proyecto%20de%20buses%20el%C3%A9ctricos%20en%20Coyhaique&#038;url=https:\/\/radiorevelacionfm.cl\/?p=64774' aria-hidden='false' data-av_icon='\ue8fc' data-av_iconfont='entypo-fontello' title='' data-avia-related-tooltip='Compartir en LinkedIn' rel=\"noopener\"><span class='avia_hidden_link_text'>Compartir en LinkedIn<\/span><\/a><\/li><li class='av-share-link av-social-link-mail' ><a  aria-label=\"Compartir por correo\" href='mailto:?subject=Intensifican%20gestiones%20para%20concretar%20proyecto%20de%20buses%20el%C3%A9ctricos%20en%20Coyhaique&#038;body=https:\/\/radiorevelacionfm.cl\/?p=64774' aria-hidden='false' data-av_icon='\ue805' data-av_iconfont='entypo-fontello' title='' data-avia-related-tooltip='Compartir por correo'><span class='avia_hidden_link_text'>Compartir por correo<\/span><\/a><\/li><\/ul><\/div><\/div>\n<div  style='height:50px' class='hr hr-invisible   avia-builder-el-8  el_after_av_social_share  el_before_av_comments_list '><span class='hr-inner ' ><span class='hr-inner-style'><\/span><\/span><\/div>\n<div  class='av-buildercomment  av-blog-meta-html-info-disabled av-blog-meta-tag-disabled  '><\/div>\n","protected":false},"excerpt":{"rendered":"","protected":false},"author":1,"featured_media":40867,"comment_status":"closed","ping_status":"closed","sticky":false,"template":"","format":"standard","meta":{"footnotes":""},"categories":[38],"tags":[],"class_list":["post-64774","post","type-post","status-publish","format-standard","has-post-thumbnail","hentry","category-regional"],"jetpack_featured_media_url":"https:\/\/radiorevelacionfm.cl\/wp-content\/uploads\/2024\/03\/buses-electricos-2024-03-27-at-4_optimized.23.45-pm-1-1-1.jpeg","_links":{"self":[{"href":"https:\/\/radiorevelacionfm.cl\/index.php?rest_route=\/wp\/v2\/posts\/64774","targetHints":{"allow":["GET"]}}],"collection":[{"href":"https:\/\/radiorevelacionfm.cl\/index.php?rest_route=\/wp\/v2\/posts"}],"about":[{"href":"https:\/\/radiorevelacionfm.cl\/index.php?rest_route=\/wp\/v2\/types\/post"}],"author":[{"embeddable":true,"href":"https:\/\/radiorevelacionfm.cl\/index.php?rest_route=\/wp\/v2\/users\/1"}],"replies":[{"embeddable":true,"href":"https:\/\/radiorevelacionfm.cl\/index.php?rest_route=%2Fwp%2Fv2%2Fcomments&post=64774"}],"version-history":[{"count":3,"href":"https:\/\/radiorevelacionfm.cl\/index.php?rest_route=\/wp\/v2\/posts\/64774\/revisions"}],"predecessor-version":[{"id":64785,"href":"https:\/\/radiorevelacionfm.cl\/index.php?rest_route=\/wp\/v2\/posts\/64774\/revisions\/64785"}],"wp:featuredmedia":[{"embeddable":true,"href":"https:\/\/radiorevelacionfm.cl\/index.php?rest_route=\/wp\/v2\/media\/40867"}],"wp:attachment":[{"href":"https:\/\/radiorevelacionfm.cl\/index.php?rest_route=%2Fwp%2Fv2%2Fmedia&parent=64774"}],"wp:term":[{"taxonomy":"category","embeddable":true,"href":"https:\/\/radiorevelacionfm.cl\/index.php?rest_route=%2Fwp%2Fv2%2Fcategories&post=64774"},{"taxonomy":"post_tag","embeddable":true,"href":"https:\/\/radiorevelacionfm.cl\/index.php?rest_route=%2Fwp%2Fv2%2Ftags&post=64774"}],"curies":[{"name":"wp","href":"https:\/\/api.w.org\/{rel}","templated":true}]}}