{"id":64771,"date":"2026-03-06T10:19:55","date_gmt":"2026-03-06T13:19:55","guid":{"rendered":"https:\/\/radiorevelacionfm.cl\/?p=64771"},"modified":"2026-03-06T10:19:55","modified_gmt":"2026-03-06T13:19:55","slug":"senadora-ordenes-sobre-deficit-fiscal-el-gran-desafio-que-viene-es-que-construyamos-un-acuerdo-politico-sobre-esta-materia","status":"publish","type":"post","link":"https:\/\/radiorevelacionfm.cl\/?p=64771","title":{"rendered":"Senadora \u00d3rdenes sobre d\u00e9ficit fiscal: \u201cEl gran desaf\u00edo que viene es que construyamos un acuerdo pol\u00edtico sobre esta materia\u201d"},"content":{"rendered":"<div class=\"flex_column av_one_full  flex_column_div av-zero-column-padding first  avia-builder-el-0  el_before_av_one_full  avia-builder-el-first  \" style='border-radius:0px; '><div  class='avia-image-container  av-styling-    avia-builder-el-1  avia-builder-el-no-sibling  avia-align-center '  itemprop=\"image\" itemscope=\"itemscope\" itemtype=\"https:\/\/schema.org\/ImageObject\"  ><div class='avia-image-container-inner'><div class='avia-image-overlay-wrap'><img decoding=\"async\" class='wp-image-64772 avia-img-lazy-loading-not-64772 avia_image' src=\"https:\/\/radiorevelacionfm.cl\/wp-content\/uploads\/2026\/03\/FOTO-27-1-1.jpeg\" alt='' title='FOTO (27) (1) (1)' height=\"600\" width=\"900\"  itemprop=\"thumbnailUrl\" srcset=\"https:\/\/radiorevelacionfm.cl\/wp-content\/uploads\/2026\/03\/FOTO-27-1-1.jpeg 900w, https:\/\/radiorevelacionfm.cl\/wp-content\/uploads\/2026\/03\/FOTO-27-1-1-300x200.jpeg 300w, https:\/\/radiorevelacionfm.cl\/wp-content\/uploads\/2026\/03\/FOTO-27-1-1-768x512.jpeg 768w, https:\/\/radiorevelacionfm.cl\/wp-content\/uploads\/2026\/03\/FOTO-27-1-1-705x470.jpeg 705w, https:\/\/radiorevelacionfm.cl\/wp-content\/uploads\/2026\/03\/FOTO-27-1-1-450x300.jpeg 450w, https:\/\/radiorevelacionfm.cl\/wp-content\/uploads\/2026\/03\/FOTO-27-1-1-600x400.jpeg 600w\" sizes=\"(max-width: 900px) 100vw, 900px\" \/><\/div><\/div><\/div><\/div><div class=\"flex_column av_one_full  flex_column_div av-zero-column-padding first  avia-builder-el-2  el_after_av_one_full  el_before_av_one_full  column-top-margin\" style='border-radius:0px; '><section class=\"av_textblock_section \"  itemscope=\"itemscope\" itemtype=\"https:\/\/schema.org\/BlogPosting\" itemprop=\"blogPost\" ><div class='avia_textblock  '   itemprop=\"text\" ><p style=\"text-align: center;\"><strong><span style=\"font-size: 18pt;\">Senadora \u00d3rdenes sobre d\u00e9ficit fiscal: \u201cEl gran desaf\u00edo que viene es que construyamos un acuerdo pol\u00edtico sobre esta materia\u201d<\/span><\/strong><\/p>\n<div id=\"gtx-trans\" style=\"position: absolute; left: -50px; top: 4.31534px;\">\n<div class=\"gtx-trans-icon\"><\/div>\n<\/div>\n<\/div><\/section><\/div><div class=\"flex_column av_one_full  flex_column_div av-zero-column-padding first  avia-builder-el-4  el_after_av_one_full  el_before_av_hr  column-top-margin\" style='border-radius:0px; '><section class=\"av_textblock_section \"  itemscope=\"itemscope\" itemtype=\"https:\/\/schema.org\/BlogPosting\" itemprop=\"blogPost\" ><div class='avia_textblock  '   itemprop=\"text\" ><p style=\"text-align: justify;\">La senadora por la regi\u00f3n de Ays\u00e9n, Ximena Ordenes Neira, e integrante de la Comisi\u00f3n Especial Mixta de Presupuestos, se refiri\u00f3 a la discusi\u00f3n sobre el balance fiscal que tuvo lugar durante esta semana. Entre las preocupaciones relacionadas al d\u00e9ficit fiscal y la posibilidad de que este sea motivo para reducir beneficios sociales, la legisladora se mostr\u00f3 inquieta por la narrativa que pretende instalar el gobierno entrante, incentivando a que se d\u00e9 una discusi\u00f3n pol\u00edtica que busque acuerdos.<\/p>\n<p style=\"text-align: justify;\">La representante aysenina record\u00f3 que \u201cel d\u00e9ficit fiscal persiste hace una d\u00e9cada. Este no es un tema de traspaso solo de este gobierno. Ac\u00e1 hay un problema que tiene una d\u00e9cada de historia que ha sido persistente en el tiempo respecto a los ingresos, particularmente los no mineros. Yo creo que el gran desaf\u00edo para el gobierno que viene es que construyamos un acuerdo pol\u00edtico en esta materia\u201d.<\/p>\n<p style=\"text-align: justify;\">\u201c\u00bfLa pregunta es qu\u00e9 se va a recortar? \u00bfProgramas sociales? Esto lo veo con mucha preocupaci\u00f3n, porque para nosotros es una l\u00ednea roja y lo vamos a plantear as\u00ed. Creo que no podemos tener ning\u00fan retroceso en esta materia. Adem\u00e1s, en el informe est\u00e1 claro que el gasto se ha reducido incluso con temas como la PGU y la reforma de pensiones. Entonces, \u00bfC\u00f3mo generamos mayor crecimiento econ\u00f3mico? Creo ah\u00ed es donde tenemos que apuntar. Para tener mayores ingresos hay que volver a crecer y en ese sentido, debemos lograr un acuerdo, porque tenemos miradas distintas\u201d, insisti\u00f3 la parlamentaria, con especial \u00e9nfasis en que no se puede apelar a recortar los beneficios alcanzados.<\/p>\n<p style=\"text-align: justify;\"><strong>Enfoque regional de la senadora Ximena Ordenes<\/strong><\/p>\n<p style=\"text-align: justify;\">\u201cA m\u00ed me encantar\u00eda que en el corto espacio que queda logremos abordar en Sala la ley de reactivaci\u00f3n del Turismo\u201d, se\u00f1al\u00f3 la senadora a modo de ejemplo en medio de su intervenci\u00f3n. \u201cMe parece que es un sector muy importante para la econom\u00eda del pa\u00eds y ah\u00ed es donde damos se\u00f1ales desde este Congreso Nacional\u201d, manifest\u00f3.<\/p>\n<p style=\"text-align: justify;\">Ordenes recalc\u00f3 que, si bien esta no es necesariamente la soluci\u00f3n al problema, son se\u00f1ales importantes que deben ser parte del acuerdo pol\u00edtico que se debe alcanzar. Del mismo modo, insisti\u00f3 que \u201csi hay un estancamiento de la recaudaci\u00f3n, de la tributaci\u00f3n de los contribuyentes no mineros, la soluci\u00f3n no es rebajar los impuestos a las grandes empresas\u201d, apuntando al relato que ha esbozado el gobierno entrante.<\/p>\n<p style=\"text-align: justify;\">Con estos \u00faltimos puntos, la senadora Ordenes termin\u00f3 enfatizando nuevamente que se debe avanzar en un acuerdo y no caer en medidas reduccionistas, que no abordan el problema y que no responden a los desaf\u00edos econ\u00f3micos que hoy presenta el pa\u00eds.<\/p>\n<\/div><\/section><\/div><div  style='height:50px' class='hr hr-invisible   avia-builder-el-6  el_after_av_one_full  el_before_av_social_share '><span class='hr-inner ' ><span class='hr-inner-style'><\/span><\/span><\/div><\/p>\n<div  class='av-social-sharing-box  avia-builder-el-7  el_after_av_hr  el_before_av_hr  '><div class='av-share-box'><h5 class='av-share-link-description av-no-toc '>Compartir esta noticia<\/h5><ul class='av-share-box-list noLightbox'><li class='av-share-link av-social-link-facebook' ><a target=\"_blank\" aria-label=\"Compartir en Facebook\" href='https:\/\/www.facebook.com\/sharer.php?u=https:\/\/radiorevelacionfm.cl\/?p=64771&#038;t=Senadora%20%C3%93rdenes%20sobre%20d%C3%A9ficit%20fiscal%3A%20%E2%80%9CEl%20gran%20desaf%C3%ADo%20que%20viene%20es%20que%20construyamos%20un%20acuerdo%20pol%C3%ADtico%20sobre%20esta%20materia%E2%80%9D' aria-hidden='false' data-av_icon='\ue8f3' data-av_iconfont='entypo-fontello' title='' data-avia-related-tooltip='Compartir en Facebook' rel=\"noopener\"><span class='avia_hidden_link_text'>Compartir en Facebook<\/span><\/a><\/li><li class='av-share-link av-social-link-twitter' ><a target=\"_blank\" aria-label=\"Compartir en Twitter\" href='https:\/\/twitter.com\/share?text=Senadora%20%C3%93rdenes%20sobre%20d%C3%A9ficit%20fiscal%3A%20%E2%80%9CEl%20gran%20desaf%C3%ADo%20que%20viene%20es%20que%20construyamos%20un%20acuerdo%20pol%C3%ADtico%20sobre%20esta%20materia%E2%80%9D&#038;url=https:\/\/radiorevelacionfm.cl\/?p=64771' aria-hidden='false' data-av_icon='\ue8f1' data-av_iconfont='entypo-fontello' title='' data-avia-related-tooltip='Compartir en Twitter' rel=\"noopener\"><span class='avia_hidden_link_text'>Compartir en Twitter<\/span><\/a><\/li><li class='av-share-link av-social-link-whatsapp' ><a target=\"_blank\" aria-label=\"Compartir en Whatsapp\" href='https:\/\/api.whatsapp.com\/send?text=https:\/\/radiorevelacionfm.cl\/?p=64771' aria-hidden='false' data-av_icon='\uf232' data-av_iconfont='entypo-fontello' title='' data-avia-related-tooltip='Compartir en Whatsapp' rel=\"noopener\"><span class='avia_hidden_link_text'>Compartir en Whatsapp<\/span><\/a><\/li><li class='av-share-link av-social-link-linkedin' ><a target=\"_blank\" aria-label=\"Compartir en LinkedIn\" href='https:\/\/linkedin.com\/shareArticle?mini=true&#038;title=Senadora%20%C3%93rdenes%20sobre%20d%C3%A9ficit%20fiscal%3A%20%E2%80%9CEl%20gran%20desaf%C3%ADo%20que%20viene%20es%20que%20construyamos%20un%20acuerdo%20pol%C3%ADtico%20sobre%20esta%20materia%E2%80%9D&#038;url=https:\/\/radiorevelacionfm.cl\/?p=64771' aria-hidden='false' data-av_icon='\ue8fc' data-av_iconfont='entypo-fontello' title='' data-avia-related-tooltip='Compartir en LinkedIn' rel=\"noopener\"><span class='avia_hidden_link_text'>Compartir en LinkedIn<\/span><\/a><\/li><li class='av-share-link av-social-link-mail' ><a  aria-label=\"Compartir por correo\" href='mailto:?subject=Senadora%20%C3%93rdenes%20sobre%20d%C3%A9ficit%20fiscal%3A%20%E2%80%9CEl%20gran%20desaf%C3%ADo%20que%20viene%20es%20que%20construyamos%20un%20acuerdo%20pol%C3%ADtico%20sobre%20esta%20materia%E2%80%9D&#038;body=https:\/\/radiorevelacionfm.cl\/?p=64771' aria-hidden='false' data-av_icon='\ue805' data-av_iconfont='entypo-fontello' title='' data-avia-related-tooltip='Compartir por correo'><span class='avia_hidden_link_text'>Compartir por correo<\/span><\/a><\/li><\/ul><\/div><\/div>\n<div  style='height:50px' class='hr hr-invisible   avia-builder-el-8  el_after_av_social_share  el_before_av_comments_list '><span class='hr-inner ' ><span class='hr-inner-style'><\/span><\/span><\/div>\n<div  class='av-buildercomment  av-blog-meta-html-info-disabled av-blog-meta-tag-disabled  '><\/div>\n","protected":false},"excerpt":{"rendered":"","protected":false},"author":1,"featured_media":64772,"comment_status":"closed","ping_status":"closed","sticky":false,"template":"","format":"standard","meta":{"footnotes":""},"categories":[35],"tags":[],"class_list":["post-64771","post","type-post","status-publish","format-standard","has-post-thumbnail","hentry","category-politica"],"jetpack_featured_media_url":"https:\/\/radiorevelacionfm.cl\/wp-content\/uploads\/2026\/03\/FOTO-27-1-1.jpeg","_links":{"self":[{"href":"https:\/\/radiorevelacionfm.cl\/index.php?rest_route=\/wp\/v2\/posts\/64771","targetHints":{"allow":["GET"]}}],"collection":[{"href":"https:\/\/radiorevelacionfm.cl\/index.php?rest_route=\/wp\/v2\/posts"}],"about":[{"href":"https:\/\/radiorevelacionfm.cl\/index.php?rest_route=\/wp\/v2\/types\/post"}],"author":[{"embeddable":true,"href":"https:\/\/radiorevelacionfm.cl\/index.php?rest_route=\/wp\/v2\/users\/1"}],"replies":[{"embeddable":true,"href":"https:\/\/radiorevelacionfm.cl\/index.php?rest_route=%2Fwp%2Fv2%2Fcomments&post=64771"}],"version-history":[{"count":2,"href":"https:\/\/radiorevelacionfm.cl\/index.php?rest_route=\/wp\/v2\/posts\/64771\/revisions"}],"predecessor-version":[{"id":64831,"href":"https:\/\/radiorevelacionfm.cl\/index.php?rest_route=\/wp\/v2\/posts\/64771\/revisions\/64831"}],"wp:featuredmedia":[{"embeddable":true,"href":"https:\/\/radiorevelacionfm.cl\/index.php?rest_route=\/wp\/v2\/media\/64772"}],"wp:attachment":[{"href":"https:\/\/radiorevelacionfm.cl\/index.php?rest_route=%2Fwp%2Fv2%2Fmedia&parent=64771"}],"wp:term":[{"taxonomy":"category","embeddable":true,"href":"https:\/\/radiorevelacionfm.cl\/index.php?rest_route=%2Fwp%2Fv2%2Fcategories&post=64771"},{"taxonomy":"post_tag","embeddable":true,"href":"https:\/\/radiorevelacionfm.cl\/index.php?rest_route=%2Fwp%2Fv2%2Ftags&post=64771"}],"curies":[{"name":"wp","href":"https:\/\/api.w.org\/{rel}","templated":true}]}}