{"id":6477,"date":"2021-07-21T10:47:33","date_gmt":"2021-07-21T13:47:33","guid":{"rendered":"https:\/\/radiorevelacionfm.cl\/?p=6477"},"modified":"2021-07-21T10:47:33","modified_gmt":"2021-07-21T13:47:33","slug":"senda-dio-inicio-a-sesiones-de-capacitacion-en-tratamientos-por-consumo-para-adultos-en-la-region","status":"publish","type":"post","link":"https:\/\/radiorevelacionfm.cl\/?p=6477","title":{"rendered":"Senda dio inicio a sesiones de capacitaci\u00f3n en Tratamientos por Consumo para Adultos en la regi\u00f3n"},"content":{"rendered":"<div class=\"flex_column av_one_full  flex_column_div av-zero-column-padding first  avia-builder-el-0  el_before_av_one_full  avia-builder-el-first  \" style='border-radius:0px; '><div  class='avia-image-container  av-styling-    avia-builder-el-1  avia-builder-el-no-sibling  avia-align-center '  itemprop=\"image\" itemscope=\"itemscope\" itemtype=\"https:\/\/schema.org\/ImageObject\"  ><div class='avia-image-container-inner'><div class='avia-image-overlay-wrap'><img decoding=\"async\" class='wp-image-0 avia-img-lazy-loading-not-0 avia_image' src=\"https:\/\/radiorevelacionfm.cl\/wp-content\/uploads\/2021\/07\/capacitacion-tratamiendo-adultos-1_optimized.jpg\" alt='' title=''   itemprop=\"thumbnailUrl\"  \/><\/div><\/div><\/div><\/div>\n<div class=\"flex_column av_one_full  flex_column_div av-zero-column-padding first  avia-builder-el-2  el_after_av_one_full  el_before_av_one_full  column-top-margin\" style='border-radius:0px; '><section class=\"av_textblock_section \"  itemscope=\"itemscope\" itemtype=\"https:\/\/schema.org\/BlogPosting\" itemprop=\"blogPost\" ><div class='avia_textblock  '   itemprop=\"text\" ><p style=\"text-align: center;\"><strong><span style=\"font-size: 18pt;\">Senda dio inicio a sesiones de capacitaci\u00f3n en Tratamientos por Consumo para Adultos en la regi\u00f3n<\/span><\/strong><\/p>\n<div id=\"gtx-trans\" style=\"position: absolute; left: -50px; top: 4.31534px;\">\n<div class=\"gtx-trans-icon\"><\/div>\n<\/div>\n<\/div><\/section><\/div><div class=\"flex_column av_one_full  flex_column_div av-zero-column-padding first  avia-builder-el-4  el_after_av_one_full  el_before_av_hr  column-top-margin\" style='border-radius:0px; '><section class=\"av_textblock_section \"  itemscope=\"itemscope\" itemtype=\"https:\/\/schema.org\/BlogPosting\" itemprop=\"blogPost\" ><div class='avia_textblock  '   itemprop=\"text\" ><p style=\"text-align: justify;\">Una propuesta innovadora y regional de capacitaci\u00f3n, realizada por el \u00e1rea de Tratamiento de SENDA AYS\u00c9N y el Asesor Cl\u00ednico especializado del Servicio Nacional para la Prevenci\u00f3n y Rehabilitaci\u00f3n del Consumo de Drogas y Alcohol, el Psic\u00f3logo Francisco Mahaluf Pinto, se est\u00e1 ejecutando en modalidad remota para los profesionales y t\u00e9cnicos de los equipos tratantes de la Red de SENDA y SALUD de la Regi\u00f3n de Ays\u00e9n que realizan tratamiento de manera directa con adultos que se encuentren en intervenci\u00f3n cl\u00ednica por consumo de sustancias.<\/p>\n<p style=\"text-align: justify;\">Dentro de esta capacitaci\u00f3n, se trabajar\u00e1 con el sistema Birmingham Treatment Effectiveness Initiative o bien conocido como \u201cBTEI\u201d metodolog\u00eda de trabajo, que busca entregar una serie de herramientas pr\u00e1cticas, concretas y aplicables, a los equipos que trabajan en el campo de las adicciones, que buscan mejorar la calidad y los resultados de los tratamientos de adicciones. En este sentido, el BTEI busca el fomento motivacional a trav\u00e9s del uso de mapas visuales; lo que ha mostrado obtener importantes beneficios para el tratamiento mejora de la adherencia, mayor involucramiento en el tratamiento, facilitaci\u00f3n del proceso de elaboraci\u00f3n de Planes de Tratamiento, entre otros.<\/p>\n<p style=\"text-align: justify;\">De esta manera, durante la capacitaci\u00f3n, se trabajar\u00e1n t\u00e9cnicas para organizar visualmente la informaci\u00f3n cl\u00ednica que se despliega a lo largo del proceso, ofreciendo algunas directrices que permitan la familiarizaci\u00f3n del trabajo.<\/p>\n<p style=\"text-align: justify;\">Por su parte, consultada sobre esta actividad a la Directora Regional de Senda, Annie Katherine Hunter Guti\u00e9rrez se\u00f1al\u00f3: \u201cEsta iniciativa del \u00c1rea de Tratamiento de SENDA regi\u00f3n de Ays\u00e9n en coordinaci\u00f3n con la mesa de convenios regional se suma a otra que est\u00e1 dirigida a los profesionales que atienden a poblaci\u00f3n adolescente y es una\u00a0 muestra m\u00e1s del inter\u00e9s prioritario que posee SENDA en torno a entregar atenci\u00f3n de calidad, poniendo a las personas en el centro de su quehacer\u201d.<\/p>\n<p style=\"text-align: justify;\">Finalmente, precisar que esta iniciativa en el \u00e1mbito de la capacitaci\u00f3n se suma a la oferta que SENDA pone a disposici\u00f3n, no solo a profesionales sino que a la poblaci\u00f3n en general, en forma gratuita y en modalidad online en su p\u00e1gina web. https:\/\/cursos.senda.gob.cl\/<\/p>\n<\/div><\/section><\/div><\/p>\n<div  style='height:50px' class='hr hr-invisible   avia-builder-el-6  el_after_av_one_full  el_before_av_social_share '><span class='hr-inner ' ><span class='hr-inner-style'><\/span><\/span><\/div>\n<div  class='av-social-sharing-box  avia-builder-el-7  el_after_av_hr  el_before_av_hr  '><div class='av-share-box'><h5 class='av-share-link-description av-no-toc '>Compartir esta noticia<\/h5><ul class='av-share-box-list noLightbox'><li class='av-share-link av-social-link-facebook' ><a target=\"_blank\" aria-label=\"Compartir en Facebook\" href='https:\/\/www.facebook.com\/sharer.php?u=https:\/\/radiorevelacionfm.cl\/?p=6477&#038;t=Senda%20dio%20inicio%20a%20sesiones%20de%20capacitaci%C3%B3n%20en%20Tratamientos%20por%20Consumo%20para%20Adultos%20en%20la%20regi%C3%B3n' aria-hidden='false' data-av_icon='\ue8f3' data-av_iconfont='entypo-fontello' title='' data-avia-related-tooltip='Compartir en Facebook' rel=\"noopener\"><span class='avia_hidden_link_text'>Compartir en Facebook<\/span><\/a><\/li><li class='av-share-link av-social-link-twitter' ><a target=\"_blank\" aria-label=\"Compartir en Twitter\" href='https:\/\/twitter.com\/share?text=Senda%20dio%20inicio%20a%20sesiones%20de%20capacitaci%C3%B3n%20en%20Tratamientos%20por%20Consumo%20para%20Adultos%20en%20la%20regi%C3%B3n&#038;url=https:\/\/radiorevelacionfm.cl\/?p=6477' aria-hidden='false' data-av_icon='\ue8f1' data-av_iconfont='entypo-fontello' title='' data-avia-related-tooltip='Compartir en Twitter' rel=\"noopener\"><span class='avia_hidden_link_text'>Compartir en Twitter<\/span><\/a><\/li><li class='av-share-link av-social-link-whatsapp' ><a target=\"_blank\" aria-label=\"Compartir en Whatsapp\" href='https:\/\/api.whatsapp.com\/send?text=https:\/\/radiorevelacionfm.cl\/?p=6477' aria-hidden='false' data-av_icon='\uf232' data-av_iconfont='entypo-fontello' title='' data-avia-related-tooltip='Compartir en Whatsapp' rel=\"noopener\"><span class='avia_hidden_link_text'>Compartir en Whatsapp<\/span><\/a><\/li><li class='av-share-link av-social-link-linkedin' ><a target=\"_blank\" aria-label=\"Compartir en LinkedIn\" href='https:\/\/linkedin.com\/shareArticle?mini=true&#038;title=Senda%20dio%20inicio%20a%20sesiones%20de%20capacitaci%C3%B3n%20en%20Tratamientos%20por%20Consumo%20para%20Adultos%20en%20la%20regi%C3%B3n&#038;url=https:\/\/radiorevelacionfm.cl\/?p=6477' aria-hidden='false' data-av_icon='\ue8fc' data-av_iconfont='entypo-fontello' title='' data-avia-related-tooltip='Compartir en LinkedIn' rel=\"noopener\"><span class='avia_hidden_link_text'>Compartir en LinkedIn<\/span><\/a><\/li><li class='av-share-link av-social-link-mail' ><a  aria-label=\"Compartir por correo\" href='mailto:?subject=Senda%20dio%20inicio%20a%20sesiones%20de%20capacitaci%C3%B3n%20en%20Tratamientos%20por%20Consumo%20para%20Adultos%20en%20la%20regi%C3%B3n&#038;body=https:\/\/radiorevelacionfm.cl\/?p=6477' aria-hidden='false' data-av_icon='\ue805' data-av_iconfont='entypo-fontello' title='' data-avia-related-tooltip='Compartir por correo'><span class='avia_hidden_link_text'>Compartir por correo<\/span><\/a><\/li><\/ul><\/div><\/div>\n<div  style='height:50px' class='hr hr-invisible   avia-builder-el-8  el_after_av_social_share  el_before_av_comments_list '><span class='hr-inner ' ><span class='hr-inner-style'><\/span><\/span><\/div>\n<div  class='av-buildercomment  av-blog-meta-html-info-disabled av-blog-meta-tag-disabled  '><\/div>\n","protected":false},"excerpt":{"rendered":"","protected":false},"author":1,"featured_media":0,"comment_status":"open","ping_status":"open","sticky":false,"template":"","format":"standard","meta":{"footnotes":""},"categories":[38],"tags":[],"class_list":["post-6477","post","type-post","status-publish","format-standard","hentry","category-regional"],"jetpack_featured_media_url":"","_links":{"self":[{"href":"https:\/\/radiorevelacionfm.cl\/index.php?rest_route=\/wp\/v2\/posts\/6477","targetHints":{"allow":["GET"]}}],"collection":[{"href":"https:\/\/radiorevelacionfm.cl\/index.php?rest_route=\/wp\/v2\/posts"}],"about":[{"href":"https:\/\/radiorevelacionfm.cl\/index.php?rest_route=\/wp\/v2\/types\/post"}],"author":[{"embeddable":true,"href":"https:\/\/radiorevelacionfm.cl\/index.php?rest_route=\/wp\/v2\/users\/1"}],"replies":[{"embeddable":true,"href":"https:\/\/radiorevelacionfm.cl\/index.php?rest_route=%2Fwp%2Fv2%2Fcomments&post=6477"}],"version-history":[{"count":2,"href":"https:\/\/radiorevelacionfm.cl\/index.php?rest_route=\/wp\/v2\/posts\/6477\/revisions"}],"predecessor-version":[{"id":6480,"href":"https:\/\/radiorevelacionfm.cl\/index.php?rest_route=\/wp\/v2\/posts\/6477\/revisions\/6480"}],"wp:attachment":[{"href":"https:\/\/radiorevelacionfm.cl\/index.php?rest_route=%2Fwp%2Fv2%2Fmedia&parent=6477"}],"wp:term":[{"taxonomy":"category","embeddable":true,"href":"https:\/\/radiorevelacionfm.cl\/index.php?rest_route=%2Fwp%2Fv2%2Fcategories&post=6477"},{"taxonomy":"post_tag","embeddable":true,"href":"https:\/\/radiorevelacionfm.cl\/index.php?rest_route=%2Fwp%2Fv2%2Ftags&post=6477"}],"curies":[{"name":"wp","href":"https:\/\/api.w.org\/{rel}","templated":true}]}}