{"id":64769,"date":"2026-03-05T10:21:26","date_gmt":"2026-03-05T13:21:26","guid":{"rendered":"https:\/\/radiorevelacionfm.cl\/?p=64769"},"modified":"2026-03-05T10:21:26","modified_gmt":"2026-03-05T13:21:26","slug":"diputada-marcia-raphael-rechazo-proyecto-de-educacion-sexual-integral-esi-en-comision-de-educacion","status":"publish","type":"post","link":"https:\/\/radiorevelacionfm.cl\/?p=64769","title":{"rendered":"Diputada Marcia Raphael rechaz\u00f3 proyecto de Educaci\u00f3n Sexual Integral (ESI) en Comisi\u00f3n de Educaci\u00f3n"},"content":{"rendered":"<div class=\"flex_column av_one_full  flex_column_div av-zero-column-padding first  avia-builder-el-0  el_before_av_one_full  avia-builder-el-first  \" style='border-radius:0px; '><div  class='avia-image-container  av-styling-    avia-builder-el-1  avia-builder-el-no-sibling  avia-align-center '  itemprop=\"image\" itemscope=\"itemscope\" itemtype=\"https:\/\/schema.org\/ImageObject\"  ><div class='avia-image-container-inner'><div class='avia-image-overlay-wrap'><img decoding=\"async\" class='wp-image-61805 avia-img-lazy-loading-not-61805 avia_image' src=\"https:\/\/radiorevelacionfm.cl\/wp-content\/uploads\/2025\/11\/MarciaRaphael-Comision-1-1.jpeg\" alt='' title='MarciaRaphael-Comisi\u00f3n (1) (1)' height=\"600\" width=\"899\"  itemprop=\"thumbnailUrl\" srcset=\"https:\/\/radiorevelacionfm.cl\/wp-content\/uploads\/2025\/11\/MarciaRaphael-Comision-1-1.jpeg 899w, https:\/\/radiorevelacionfm.cl\/wp-content\/uploads\/2025\/11\/MarciaRaphael-Comision-1-1-300x200.jpeg 300w, https:\/\/radiorevelacionfm.cl\/wp-content\/uploads\/2025\/11\/MarciaRaphael-Comision-1-1-768x513.jpeg 768w, https:\/\/radiorevelacionfm.cl\/wp-content\/uploads\/2025\/11\/MarciaRaphael-Comision-1-1-705x471.jpeg 705w, https:\/\/radiorevelacionfm.cl\/wp-content\/uploads\/2025\/11\/MarciaRaphael-Comision-1-1-450x300.jpeg 450w, https:\/\/radiorevelacionfm.cl\/wp-content\/uploads\/2025\/11\/MarciaRaphael-Comision-1-1-600x400.jpeg 600w\" sizes=\"(max-width: 899px) 100vw, 899px\" \/><\/div><\/div><\/div><\/div><div class=\"flex_column av_one_full  flex_column_div av-zero-column-padding first  avia-builder-el-2  el_after_av_one_full  el_before_av_one_full  column-top-margin\" style='border-radius:0px; '><section class=\"av_textblock_section \"  itemscope=\"itemscope\" itemtype=\"https:\/\/schema.org\/BlogPosting\" itemprop=\"blogPost\" ><div class='avia_textblock  '   itemprop=\"text\" ><p style=\"text-align: center;\"><strong><span style=\"font-size: 18pt;\">Diputada Marcia Raphael rechaz\u00f3 proyecto de Educaci\u00f3n Sexual Integral (ESI) en Comisi\u00f3n de Educaci\u00f3n<\/span><\/strong><\/p>\n<div id=\"gtx-trans\" style=\"position: absolute; left: -50px; top: 4.31534px;\">\n<div class=\"gtx-trans-icon\"><\/div>\n<\/div>\n<\/div><\/section><\/div><div class=\"flex_column av_one_full  flex_column_div av-zero-column-padding first  avia-builder-el-4  el_after_av_one_full  el_before_av_hr  column-top-margin\" style='border-radius:0px; '><section class=\"av_textblock_section \"  itemscope=\"itemscope\" itemtype=\"https:\/\/schema.org\/BlogPosting\" itemprop=\"blogPost\" ><div class='avia_textblock  '   itemprop=\"text\" ><p style=\"text-align: justify;\"><em>\u00abCuestionar el instrumento no es relativizar el objetivo. Es exigir que la herramienta sea adecuada y segura\u00bb, <\/em><em>enfatiz\u00f3 Marcia<\/em><em> Raphael durante la sesi\u00f3n<\/em><em> de la Comisi\u00f3n<\/em><em>.<\/em><\/p>\n<p style=\"text-align: justify;\">En una tensa sesi\u00f3n de la Comisi\u00f3n de Educaci\u00f3n de la C\u00e1mara de Diputados, la legisladora de Renovaci\u00f3n Nacional, Marcia Raphael Mora, rechaz\u00f3 el proyecto de Educaci\u00f3n Sexual Integral (ESI), que finalmente fue aprobado en general con 8 votos a favor y 5 en contra. La votaci\u00f3n se produjo en medio de una sorpresiva reactivaci\u00f3n por parte del gobierno, que impuso su discusi\u00f3n inmediata de 30 d\u00edas, desatando cr\u00edticas tambi\u00e9n en diversos sectores por fijarlo as\u00ed en la recta final del mandato.<\/p>\n<p style=\"text-align: justify;\">La diputada Raphael fue enf\u00e1tica en se\u00f1alar que \u201cla prevenci\u00f3n del abuso sexual infantil es una causa transversal y necesaria de abordar en el pa\u00eds, el proyecto actual presenta deficiencias de fondo que comprometen el bienestar de los menores de edad\u201d.<\/p>\n<p style=\"text-align: justify;\"><strong>Incertidumbre jur\u00eddica y falta de definiciones<\/strong><\/p>\n<p style=\"text-align: justify;\">La parlamentaria de la Regi\u00f3n de Ays\u00e9n alert\u00f3 que el texto legal modifica la Ley N\u00b0 20.418 incorporando la obligaci\u00f3n de informar sobre \u00abg\u00e9nero\u00bb, sin que dicho concepto est\u00e9 definido en el articulado. Raphael advirti\u00f3 que esta omisi\u00f3n deja la interpretaci\u00f3n abierta a marcos administrativos y orientaciones internacionales.<\/p>\n<p style=\"text-align: justify;\">\u00abNo es razonable que una categor\u00eda altamente debatida en el \u00e1mbito acad\u00e9mico, m\u00e9dico y psicol\u00f3gico quede entregada a interpretaciones cambiantes y sin un marco claro establecido por ley\u00bb, fustig\u00f3 la legisladora durante su intervenci\u00f3n.<\/p>\n<p style=\"text-align: justify;\">Otro de los puntos abordados en la discusi\u00f3n por la diputada Raphael fue el alcance de informar de manera completa sobre sexualidad. Bas\u00e1ndose en antecedentes del propio MINEDUC y tesis acad\u00e9micas, denunci\u00f3 que bajo este enfoque se han propuesto actividades como dramatizaciones de expresiones sexuales o la observaci\u00f3n de im\u00e1genes expl\u00edcitas en niveles tan tempranos como quinto b\u00e1sico.<\/p>\n<p style=\"text-align: justify;\">Para la diputada, la prevenci\u00f3n efectiva se basa en educaci\u00f3n en l\u00edmites corporales, identificaci\u00f3n de conductas abusivas, el fortalecimiento del v\u00ednculo protector y la denuncia oportuna. \u00abNada de eso requiere introducir categor\u00edas identitarias, ni menos adelantar contenidos propios de etapas posteriores del desarrollo\u00bb, asegur\u00f3.<\/p>\n<p style=\"text-align: justify;\">Finalmente, Raphael cuestion\u00f3 que la iniciativa no resguarda adecuadamente el derecho preferente de los padres a educar y decidir por sus hijos, calificando de \u00abambiguo\u00bb el rol que se les asigna en el texto propuesto.<\/p>\n<p style=\"text-align: justify;\">Al cerrar su intervenci\u00f3n, la diputada reiter\u00f3 que su voto en contra responde a la falta de rigor t\u00e9cnico de la propuesta. \u00abEste proyecto, tal como est\u00e1 formulado, no otorga certezas jur\u00eddicas, no delimita conceptos esenciales y abre espacios de interpretaci\u00f3n que pueden terminar afectando el bienestar ps\u00edquico y formativo de los menores\u00bb, concluy\u00f3.<\/p>\n<\/div><\/section><\/div><div  style='height:50px' class='hr hr-invisible   avia-builder-el-6  el_after_av_one_full  el_before_av_social_share '><span class='hr-inner ' ><span class='hr-inner-style'><\/span><\/span><\/div><\/p>\n<div  class='av-social-sharing-box  avia-builder-el-7  el_after_av_hr  el_before_av_hr  '><div class='av-share-box'><h5 class='av-share-link-description av-no-toc '>Compartir esta noticia<\/h5><ul class='av-share-box-list noLightbox'><li class='av-share-link av-social-link-facebook' ><a target=\"_blank\" aria-label=\"Compartir en Facebook\" href='https:\/\/www.facebook.com\/sharer.php?u=https:\/\/radiorevelacionfm.cl\/?p=64769&#038;t=Diputada%20Marcia%20Raphael%20rechaz%C3%B3%20proyecto%20de%20Educaci%C3%B3n%20Sexual%20Integral%20%28ESI%29%20en%20Comisi%C3%B3n%20de%20Educaci%C3%B3n' aria-hidden='false' data-av_icon='\ue8f3' data-av_iconfont='entypo-fontello' title='' data-avia-related-tooltip='Compartir en Facebook' rel=\"noopener\"><span class='avia_hidden_link_text'>Compartir en Facebook<\/span><\/a><\/li><li class='av-share-link av-social-link-twitter' ><a target=\"_blank\" aria-label=\"Compartir en Twitter\" href='https:\/\/twitter.com\/share?text=Diputada%20Marcia%20Raphael%20rechaz%C3%B3%20proyecto%20de%20Educaci%C3%B3n%20Sexual%20Integral%20%28ESI%29%20en%20Comisi%C3%B3n%20de%20Educaci%C3%B3n&#038;url=https:\/\/radiorevelacionfm.cl\/?p=64769' aria-hidden='false' data-av_icon='\ue8f1' data-av_iconfont='entypo-fontello' title='' data-avia-related-tooltip='Compartir en Twitter' rel=\"noopener\"><span class='avia_hidden_link_text'>Compartir en Twitter<\/span><\/a><\/li><li class='av-share-link av-social-link-whatsapp' ><a target=\"_blank\" aria-label=\"Compartir en Whatsapp\" href='https:\/\/api.whatsapp.com\/send?text=https:\/\/radiorevelacionfm.cl\/?p=64769' aria-hidden='false' data-av_icon='\uf232' data-av_iconfont='entypo-fontello' title='' data-avia-related-tooltip='Compartir en Whatsapp' rel=\"noopener\"><span class='avia_hidden_link_text'>Compartir en Whatsapp<\/span><\/a><\/li><li class='av-share-link av-social-link-linkedin' ><a target=\"_blank\" aria-label=\"Compartir en LinkedIn\" href='https:\/\/linkedin.com\/shareArticle?mini=true&#038;title=Diputada%20Marcia%20Raphael%20rechaz%C3%B3%20proyecto%20de%20Educaci%C3%B3n%20Sexual%20Integral%20%28ESI%29%20en%20Comisi%C3%B3n%20de%20Educaci%C3%B3n&#038;url=https:\/\/radiorevelacionfm.cl\/?p=64769' aria-hidden='false' data-av_icon='\ue8fc' data-av_iconfont='entypo-fontello' title='' data-avia-related-tooltip='Compartir en LinkedIn' rel=\"noopener\"><span class='avia_hidden_link_text'>Compartir en LinkedIn<\/span><\/a><\/li><li class='av-share-link av-social-link-mail' ><a  aria-label=\"Compartir por correo\" href='mailto:?subject=Diputada%20Marcia%20Raphael%20rechaz%C3%B3%20proyecto%20de%20Educaci%C3%B3n%20Sexual%20Integral%20%28ESI%29%20en%20Comisi%C3%B3n%20de%20Educaci%C3%B3n&#038;body=https:\/\/radiorevelacionfm.cl\/?p=64769' aria-hidden='false' data-av_icon='\ue805' data-av_iconfont='entypo-fontello' title='' data-avia-related-tooltip='Compartir por correo'><span class='avia_hidden_link_text'>Compartir por correo<\/span><\/a><\/li><\/ul><\/div><\/div>\n<div  style='height:50px' class='hr hr-invisible   avia-builder-el-8  el_after_av_social_share  el_before_av_comments_list '><span class='hr-inner ' ><span class='hr-inner-style'><\/span><\/span><\/div>\n<div  class='av-buildercomment  av-blog-meta-html-info-disabled av-blog-meta-tag-disabled  '><\/div>\n","protected":false},"excerpt":{"rendered":"","protected":false},"author":1,"featured_media":61805,"comment_status":"closed","ping_status":"closed","sticky":false,"template":"","format":"standard","meta":{"footnotes":""},"categories":[35],"tags":[],"class_list":["post-64769","post","type-post","status-publish","format-standard","has-post-thumbnail","hentry","category-politica"],"jetpack_featured_media_url":"https:\/\/radiorevelacionfm.cl\/wp-content\/uploads\/2025\/11\/MarciaRaphael-Comision-1-1.jpeg","_links":{"self":[{"href":"https:\/\/radiorevelacionfm.cl\/index.php?rest_route=\/wp\/v2\/posts\/64769","targetHints":{"allow":["GET"]}}],"collection":[{"href":"https:\/\/radiorevelacionfm.cl\/index.php?rest_route=\/wp\/v2\/posts"}],"about":[{"href":"https:\/\/radiorevelacionfm.cl\/index.php?rest_route=\/wp\/v2\/types\/post"}],"author":[{"embeddable":true,"href":"https:\/\/radiorevelacionfm.cl\/index.php?rest_route=\/wp\/v2\/users\/1"}],"replies":[{"embeddable":true,"href":"https:\/\/radiorevelacionfm.cl\/index.php?rest_route=%2Fwp%2Fv2%2Fcomments&post=64769"}],"version-history":[{"count":2,"href":"https:\/\/radiorevelacionfm.cl\/index.php?rest_route=\/wp\/v2\/posts\/64769\/revisions"}],"predecessor-version":[{"id":64793,"href":"https:\/\/radiorevelacionfm.cl\/index.php?rest_route=\/wp\/v2\/posts\/64769\/revisions\/64793"}],"wp:featuredmedia":[{"embeddable":true,"href":"https:\/\/radiorevelacionfm.cl\/index.php?rest_route=\/wp\/v2\/media\/61805"}],"wp:attachment":[{"href":"https:\/\/radiorevelacionfm.cl\/index.php?rest_route=%2Fwp%2Fv2%2Fmedia&parent=64769"}],"wp:term":[{"taxonomy":"category","embeddable":true,"href":"https:\/\/radiorevelacionfm.cl\/index.php?rest_route=%2Fwp%2Fv2%2Fcategories&post=64769"},{"taxonomy":"post_tag","embeddable":true,"href":"https:\/\/radiorevelacionfm.cl\/index.php?rest_route=%2Fwp%2Fv2%2Ftags&post=64769"}],"curies":[{"name":"wp","href":"https:\/\/api.w.org\/{rel}","templated":true}]}}