{"id":64765,"date":"2026-03-04T20:57:59","date_gmt":"2026-03-04T23:57:59","guid":{"rendered":"https:\/\/radiorevelacionfm.cl\/?p=64765"},"modified":"2026-03-04T20:57:59","modified_gmt":"2026-03-04T23:57:59","slug":"en-el-liceo-emblematico-josefina-aguirre-montenegro-de-coyhaique-dieron-el-vamos-al-ano-escolar-2026","status":"publish","type":"post","link":"https:\/\/radiorevelacionfm.cl\/?p=64765","title":{"rendered":"En el Liceo Emblem\u00e1tico Josefina Aguirre Montenegro de Coyhaique dieron el vamos al A\u00f1o Escolar 2026"},"content":{"rendered":"<div class=\"flex_column av_one_full  flex_column_div av-zero-column-padding first  avia-builder-el-0  el_before_av_one_full  avia-builder-el-first  \" style='border-radius:0px; '><div  class='avia-image-container  av-styling-    avia-builder-el-1  avia-builder-el-no-sibling  avia-align-center '  itemprop=\"image\" itemscope=\"itemscope\" itemtype=\"https:\/\/schema.org\/ImageObject\"  ><div class='avia-image-container-inner'><div class='avia-image-overlay-wrap'><img decoding=\"async\" class='wp-image-64766 avia-img-lazy-loading-not-64766 avia_image' src=\"https:\/\/radiorevelacionfm.cl\/wp-content\/uploads\/2026\/03\/seremi-hablando1-1-1.jpeg\" alt='' title='seremi hablando1 (1) (1)' height=\"600\" width=\"900\"  itemprop=\"thumbnailUrl\" srcset=\"https:\/\/radiorevelacionfm.cl\/wp-content\/uploads\/2026\/03\/seremi-hablando1-1-1.jpeg 900w, https:\/\/radiorevelacionfm.cl\/wp-content\/uploads\/2026\/03\/seremi-hablando1-1-1-300x200.jpeg 300w, https:\/\/radiorevelacionfm.cl\/wp-content\/uploads\/2026\/03\/seremi-hablando1-1-1-768x512.jpeg 768w, https:\/\/radiorevelacionfm.cl\/wp-content\/uploads\/2026\/03\/seremi-hablando1-1-1-705x470.jpeg 705w, https:\/\/radiorevelacionfm.cl\/wp-content\/uploads\/2026\/03\/seremi-hablando1-1-1-450x300.jpeg 450w, https:\/\/radiorevelacionfm.cl\/wp-content\/uploads\/2026\/03\/seremi-hablando1-1-1-600x400.jpeg 600w\" sizes=\"(max-width: 900px) 100vw, 900px\" \/><\/div><\/div><\/div><\/div><div class=\"flex_column av_one_full  flex_column_div av-zero-column-padding first  avia-builder-el-2  el_after_av_one_full  el_before_av_one_full  column-top-margin\" style='border-radius:0px; '><section class=\"av_textblock_section \"  itemscope=\"itemscope\" itemtype=\"https:\/\/schema.org\/BlogPosting\" itemprop=\"blogPost\" ><div class='avia_textblock  '   itemprop=\"text\" ><p style=\"text-align: center;\"><span style=\"font-size: 18pt;\"><b>En el Liceo Emblem\u00e1tico Josefina Aguirre Montenegro de Coyhaique dieron el vamos al A\u00f1o Escolar 2026<\/b><\/span><\/p>\n<div id=\"gtx-trans\" style=\"position: absolute; left: -50px; top: 4.31534px;\">\n<div class=\"gtx-trans-icon\"><\/div>\n<\/div>\n<\/div><\/section><\/div><div class=\"flex_column av_one_full  flex_column_div av-zero-column-padding first  avia-builder-el-4  el_after_av_one_full  el_before_av_hr  column-top-margin\" style='border-radius:0px; '><section class=\"av_textblock_section \"  itemscope=\"itemscope\" itemtype=\"https:\/\/schema.org\/BlogPosting\" itemprop=\"blogPost\" ><div class='avia_textblock  '   itemprop=\"text\" ><p style=\"font-weight: 400; text-align: justify;\"><em>Durante el acto oficial autoridades de Gobierno destacaron como hitos del periodo la reactivaci\u00f3n educativa post pandemia junto a la instalaci\u00f3n y fortalecimiento de la Nueva Educaci\u00f3n\u00a0 P\u00fablica.<\/em><\/p>\n<p style=\"font-weight: 400; text-align: justify;\">Hoy mi\u00e9rcoles 04 de marzo en el gimnasio del Liceo Emblem\u00e1tico Josefina Aguirre Montenegro de Coyhaique autoridades regionales y comunales junto a la comunidad del plantel dieron el vamos al A\u00f1o Escolar 2026 que inician m\u00e1s de 21 mil estudiantes,\u00a0 de k\u00ednder de 1\u00b0 B\u00e1sico a IV Medio.<\/p>\n<p style=\"font-weight: 400; text-align: justify;\">A la ceremonia asistieron el Delegado Presidencial Regional Jorge D\u00edaz Guzm\u00e1n, la Seremi de Educaci\u00f3n Katherine Miqueles, el representante del Gobernador Regional, Omar Mu\u00f1oz, el Director Ejecutivo del Slep Ays\u00e9n Sebasti\u00e1n Gonz\u00e1lez, representantes de gremios de la educaci\u00f3n, entre otros.<\/p>\n<p style=\"font-weight: 400; text-align: justify;\">Al dar la bienvenida a los presentes el director del liceo anfitri\u00f3n Claudio Morales expres\u00f3: \u201cNos sentimos honrados por la denominaci\u00f3n de Liceo Emblem\u00e1tico de\u00a0 Ays\u00e9n, una distinci\u00f3n que la asumimos con convicci\u00f3n. porque queremos ser el mejor liceo de la regi\u00f3n. Son m\u00e1s de 60 a\u00f1os de historia que han visto pasar a generaciones por nuestro liceo y ello nos motiva para enfrentar con orgullo el futuro\u201d.<\/p>\n<p style=\"font-weight: 400; text-align: justify;\">Por su parte, el Director del Slep en su intervenci\u00f3n hizo un reconocimiento al profesor Robinson C\u00e1rdenas de la Escuela Rural de Mall\u00edn Grande, quien recientemente falleci\u00f3 y que cumpli\u00f3 40 a\u00f1os de fruct\u00edfera labor en esa localidad.<\/p>\n<p style=\"font-weight: 400; text-align: justify;\">\u201cRobinson C\u00e1rdenas\u00a0 falleci\u00f3 en enero y dio su vida por la educaci\u00f3n p\u00fablica, y la educaci\u00f3n p\u00fablica la construyen personas como \u00e9l. Por ello, reconocemos la labor de los docentes, de los asistentes de la educaci\u00f3n que son centrales para el funcionamiento del servicio local de educaci\u00f3n p\u00fablica. Hoy 65 establecimientos p\u00fablicos en nuestra regi\u00f3n han ingresado a clases funcionando con normalidad, no exentos de dificultades pero funcionando gracias al esfuerzo de nuestros funcionarios. Saludamos a nuestros estudiantes que son el motivo de nuestro trabajo y deseamos que tengan un excelente a\u00f1o de clases 2026\u201d.<\/p>\n<p style=\"font-weight: 400; text-align: justify;\">En su alocuci\u00f3n, Katherine Miqueles destac\u00f3 hitos de la gesti\u00f3n en el \u00e1mbito educativo durante el\u00a0 gobierno del Presidente Gabriel Boric.<\/p>\n<p style=\"font-weight: 400; text-align: justify;\">\u201cAsumimos uno de los desaf\u00edos m\u00e1s complejos de nuestra historia reciente: la salida de la pandemia. Pasamos del encierro y las clases virtuales a reencontrarnos en las aulas con enormes brechas de aprendizaje, con crisis de presencialidad y con estudiantes que hab\u00edan quedado fuera del sistema. Fue un tiempo dif\u00edcil, pero tambi\u00e9n fue una invitaci\u00f3n a so\u00f1ar la educaci\u00f3n de otra manera. A correr, aunque fuera un poco, el cerco de lo posible\u201d.<\/p>\n<p style=\"font-weight: 400; text-align: justify;\">\u201cHace cuatro a\u00f1os recibimos un sistema golpeado. Y tambi\u00e9n un proceso de instalaci\u00f3n de la Nueva Educaci\u00f3n P\u00fablica a\u00fan incipiente: al inicio del gobierno hab\u00eda solo 11 Servicios Locales de Educaci\u00f3n P\u00fablica en r\u00e9gimen. Hoy, en 2026, contamos con 36 SLEP funcionando plenamente, administrando m\u00e1s de 3.000 establecimientos y atendiendo a m\u00e1s de 600 mil estudiantes en el pa\u00eds. Este no es solo un avance administrativo: es un cambio estructural para construir un sistema centrado en la educaci\u00f3n, con foco en la calidad y en la equidad territorial. Gracias al Plan de Reactivaci\u00f3n Educativa, hoy podemos hablar con datos, pero tambi\u00e9n con esperanza\u201d.<\/p>\n<p style=\"font-weight: 400; text-align: justify;\">\u201cEn aprendizajes, el SIMCE 2024 marc\u00f3 hitos hist\u00f3ricos: en 4\u00b0 b\u00e1sico alcanzamos 278 puntos en Lectura y 264 en Matem\u00e1tica, los puntajes m\u00e1s altos desde que existe evaluaci\u00f3n comparable. En 2\u00b0 medio se registraron dos a\u00f1os consecutivos de mejora, recuperando niveles equivalentes a la prepandemia en Lectura. En asistencia, tambi\u00e9n avanzamos. En 2025 la asistencia acumulada nacional alcanz\u00f3 87,7%, casi cinco puntos m\u00e1s que en 2022. En educaci\u00f3n parvularia llegamos a 78,9%, con una recuperaci\u00f3n hist\u00f3rica de 16,5 puntos. Cada punto de asistencia no es una cifra: son d\u00edas de aprendizaje recuperados, son v\u00ednculos que se fortalecen\u201d.<\/p>\n<p style=\"font-weight: 400; text-align: justify;\">\u201cEn revinculaci\u00f3n escolar, asumimos una convicci\u00f3n profunda: ning\u00fan estudiante sobra en nuestro pa\u00eds. En 2024 alcanzamos la tasa de desvinculaci\u00f3n m\u00e1s baja desde que existen registros: 1,3%. M\u00e1s de 18 mil estudiantes volvieron al sistema y cerca de 10 mil adicionales permanecieron en \u00e9l entre 2023 y 2024\u201d.<\/p>\n<p style=\"font-weight: 400; text-align: justify;\">\u201cY junto con ello, una inversi\u00f3n hist\u00f3rica en infraestructura: m\u00e1s de 421 mil millones de pesos entre 2022 y 2025, financiando 1.358 proyectos a lo largo del pa\u00eds. Porque no se aprende bien en espacios indignos. La calidad tambi\u00e9n se construye con condiciones materiales adecuadas\u201d.<\/p>\n<p style=\"font-weight: 400; text-align: justify;\">\u201cHoy iniciamos 2026 con la casa m\u00e1s ordenada, con aprendizajes recuperados, con mayor asistencia, con m\u00e1s estudiantes dentro del sistema y con una Nueva Educaci\u00f3n P\u00fablica m\u00e1s consolidada. Pero el desaf\u00edo contin\u00faa. La educaci\u00f3n p\u00fablica debe seguir siendo una pol\u00edtica de Estado, m\u00e1s all\u00e1 de cualquier ciclo pol\u00edtico, porque es el pilar de una sociedad m\u00e1s justa y m\u00e1s democr\u00e1tica\u201d.<\/p>\n<p style=\"font-weight: 400; text-align: justify;\">Correspondi\u00f3 al Delegado Presidencial Regional Jorge D\u00edaz Guzm\u00e1n inaugurar el A\u00f1o Escolar 2026 se\u00f1alando que el Gobierno trabaj\u00f3 por la instalaci\u00f3n de la Educaci\u00f3n P\u00fablica en la regi\u00f3n, la consolidaci\u00f3n de la educaci\u00f3n superior estatal y el mejoramiento de la infraestructura educacional y las condiciones de acceso y conectividad de las familias hacia los colegios.<\/p>\n<p style=\"font-weight: 400; text-align: justify;\">\u201cHoy un ni\u00f1o y una ni\u00f1a nacida en cualquier localidad de la regi\u00f3n de Ays\u00e9n puede hacer toda su trayectoria educativa, educaci\u00f3n parvularia, b\u00e1sica, medio y superior ac\u00e1 en la regi\u00f3n sin tener que irse a otra regi\u00f3n como ocurr\u00eda d\u00e9cadas atr\u00e1s y ello se ha consolidado durante este gobierno\u201d, coment\u00f3 Jorge D\u00edaz Guzm\u00e1n.<\/p>\n<\/div><\/section><\/div><div  style='height:50px' class='hr hr-invisible   avia-builder-el-6  el_after_av_one_full  el_before_av_social_share '><span class='hr-inner ' ><span class='hr-inner-style'><\/span><\/span><\/div><\/p>\n<div  class='av-social-sharing-box  avia-builder-el-7  el_after_av_hr  el_before_av_hr  '><div class='av-share-box'><h5 class='av-share-link-description av-no-toc '>Compartir esta noticia<\/h5><ul class='av-share-box-list noLightbox'><li class='av-share-link av-social-link-facebook' ><a target=\"_blank\" aria-label=\"Compartir en Facebook\" href='https:\/\/www.facebook.com\/sharer.php?u=https:\/\/radiorevelacionfm.cl\/?p=64765&#038;t=En%20el%20Liceo%20Emblem%C3%A1tico%20Josefina%20Aguirre%20Montenegro%20de%20Coyhaique%20dieron%20el%20vamos%20al%20A%C3%B1o%20Escolar%202026' aria-hidden='false' data-av_icon='\ue8f3' data-av_iconfont='entypo-fontello' title='' data-avia-related-tooltip='Compartir en Facebook' rel=\"noopener\"><span class='avia_hidden_link_text'>Compartir en Facebook<\/span><\/a><\/li><li class='av-share-link av-social-link-twitter' ><a target=\"_blank\" aria-label=\"Compartir en Twitter\" href='https:\/\/twitter.com\/share?text=En%20el%20Liceo%20Emblem%C3%A1tico%20Josefina%20Aguirre%20Montenegro%20de%20Coyhaique%20dieron%20el%20vamos%20al%20A%C3%B1o%20Escolar%202026&#038;url=https:\/\/radiorevelacionfm.cl\/?p=64765' aria-hidden='false' data-av_icon='\ue8f1' data-av_iconfont='entypo-fontello' title='' data-avia-related-tooltip='Compartir en Twitter' rel=\"noopener\"><span class='avia_hidden_link_text'>Compartir en Twitter<\/span><\/a><\/li><li class='av-share-link av-social-link-whatsapp' ><a target=\"_blank\" aria-label=\"Compartir en Whatsapp\" href='https:\/\/api.whatsapp.com\/send?text=https:\/\/radiorevelacionfm.cl\/?p=64765' aria-hidden='false' data-av_icon='\uf232' data-av_iconfont='entypo-fontello' title='' data-avia-related-tooltip='Compartir en Whatsapp' rel=\"noopener\"><span class='avia_hidden_link_text'>Compartir en Whatsapp<\/span><\/a><\/li><li class='av-share-link av-social-link-linkedin' ><a target=\"_blank\" aria-label=\"Compartir en LinkedIn\" href='https:\/\/linkedin.com\/shareArticle?mini=true&#038;title=En%20el%20Liceo%20Emblem%C3%A1tico%20Josefina%20Aguirre%20Montenegro%20de%20Coyhaique%20dieron%20el%20vamos%20al%20A%C3%B1o%20Escolar%202026&#038;url=https:\/\/radiorevelacionfm.cl\/?p=64765' aria-hidden='false' data-av_icon='\ue8fc' data-av_iconfont='entypo-fontello' title='' data-avia-related-tooltip='Compartir en LinkedIn' rel=\"noopener\"><span class='avia_hidden_link_text'>Compartir en LinkedIn<\/span><\/a><\/li><li class='av-share-link av-social-link-mail' ><a  aria-label=\"Compartir por correo\" href='mailto:?subject=En%20el%20Liceo%20Emblem%C3%A1tico%20Josefina%20Aguirre%20Montenegro%20de%20Coyhaique%20dieron%20el%20vamos%20al%20A%C3%B1o%20Escolar%202026&#038;body=https:\/\/radiorevelacionfm.cl\/?p=64765' aria-hidden='false' data-av_icon='\ue805' data-av_iconfont='entypo-fontello' title='' data-avia-related-tooltip='Compartir por correo'><span class='avia_hidden_link_text'>Compartir por correo<\/span><\/a><\/li><\/ul><\/div><\/div>\n<div  style='height:50px' class='hr hr-invisible   avia-builder-el-8  el_after_av_social_share  el_before_av_comments_list '><span class='hr-inner ' ><span class='hr-inner-style'><\/span><\/span><\/div>\n<div  class='av-buildercomment  av-blog-meta-html-info-disabled av-blog-meta-tag-disabled  '><\/div>\n","protected":false},"excerpt":{"rendered":"","protected":false},"author":1,"featured_media":64766,"comment_status":"closed","ping_status":"closed","sticky":false,"template":"","format":"standard","meta":{"footnotes":""},"categories":[49],"tags":[],"class_list":["post-64765","post","type-post","status-publish","format-standard","has-post-thumbnail","hentry","category-educacion"],"jetpack_featured_media_url":"https:\/\/radiorevelacionfm.cl\/wp-content\/uploads\/2026\/03\/seremi-hablando1-1-1.jpeg","_links":{"self":[{"href":"https:\/\/radiorevelacionfm.cl\/index.php?rest_route=\/wp\/v2\/posts\/64765","targetHints":{"allow":["GET"]}}],"collection":[{"href":"https:\/\/radiorevelacionfm.cl\/index.php?rest_route=\/wp\/v2\/posts"}],"about":[{"href":"https:\/\/radiorevelacionfm.cl\/index.php?rest_route=\/wp\/v2\/types\/post"}],"author":[{"embeddable":true,"href":"https:\/\/radiorevelacionfm.cl\/index.php?rest_route=\/wp\/v2\/users\/1"}],"replies":[{"embeddable":true,"href":"https:\/\/radiorevelacionfm.cl\/index.php?rest_route=%2Fwp%2Fv2%2Fcomments&post=64765"}],"version-history":[{"count":2,"href":"https:\/\/radiorevelacionfm.cl\/index.php?rest_route=\/wp\/v2\/posts\/64765\/revisions"}],"predecessor-version":[{"id":64781,"href":"https:\/\/radiorevelacionfm.cl\/index.php?rest_route=\/wp\/v2\/posts\/64765\/revisions\/64781"}],"wp:featuredmedia":[{"embeddable":true,"href":"https:\/\/radiorevelacionfm.cl\/index.php?rest_route=\/wp\/v2\/media\/64766"}],"wp:attachment":[{"href":"https:\/\/radiorevelacionfm.cl\/index.php?rest_route=%2Fwp%2Fv2%2Fmedia&parent=64765"}],"wp:term":[{"taxonomy":"category","embeddable":true,"href":"https:\/\/radiorevelacionfm.cl\/index.php?rest_route=%2Fwp%2Fv2%2Fcategories&post=64765"},{"taxonomy":"post_tag","embeddable":true,"href":"https:\/\/radiorevelacionfm.cl\/index.php?rest_route=%2Fwp%2Fv2%2Ftags&post=64765"}],"curies":[{"name":"wp","href":"https:\/\/api.w.org\/{rel}","templated":true}]}}