{"id":64762,"date":"2026-03-04T20:22:33","date_gmt":"2026-03-04T23:22:33","guid":{"rendered":"https:\/\/radiorevelacionfm.cl\/?p=64762"},"modified":"2026-03-04T20:22:33","modified_gmt":"2026-03-04T23:22:33","slug":"inmunizaciones-contra-virus-respiratorio-sincicial-han-disminuido-evacuaciones-medicas-fuera-de-la-region","status":"publish","type":"post","link":"https:\/\/radiorevelacionfm.cl\/?p=64762","title":{"rendered":"Inmunizaciones contra Virus Respiratorio Sincicial han disminuido evacuaciones m\u00e9dicas fuera de la regi\u00f3n"},"content":{"rendered":"<div class=\"flex_column av_one_full  flex_column_div av-zero-column-padding first  avia-builder-el-0  el_before_av_one_full  avia-builder-el-first  \" style='border-radius:0px; '><div  class='avia-image-container  av-styling-    avia-builder-el-1  avia-builder-el-no-sibling  avia-align-center '  itemprop=\"image\" itemscope=\"itemscope\" itemtype=\"https:\/\/schema.org\/ImageObject\"  ><div class='avia-image-container-inner'><div class='avia-image-overlay-wrap'><img decoding=\"async\" class='wp-image-64763 avia-img-lazy-loading-not-64763 avia_image' src=\"https:\/\/radiorevelacionfm.cl\/wp-content\/uploads\/2026\/03\/recien-nacido-1_optimized-1.jpg\" alt='' title='reci\u00e9n-nacido-(1)_optimized (1)' height=\"600\" width=\"1065\"  itemprop=\"thumbnailUrl\" srcset=\"https:\/\/radiorevelacionfm.cl\/wp-content\/uploads\/2026\/03\/recien-nacido-1_optimized-1.jpg 1065w, https:\/\/radiorevelacionfm.cl\/wp-content\/uploads\/2026\/03\/recien-nacido-1_optimized-1-300x169.jpg 300w, https:\/\/radiorevelacionfm.cl\/wp-content\/uploads\/2026\/03\/recien-nacido-1_optimized-1-1030x580.jpg 1030w, https:\/\/radiorevelacionfm.cl\/wp-content\/uploads\/2026\/03\/recien-nacido-1_optimized-1-768x433.jpg 768w, https:\/\/radiorevelacionfm.cl\/wp-content\/uploads\/2026\/03\/recien-nacido-1_optimized-1-705x397.jpg 705w, https:\/\/radiorevelacionfm.cl\/wp-content\/uploads\/2026\/03\/recien-nacido-1_optimized-1-450x254.jpg 450w, https:\/\/radiorevelacionfm.cl\/wp-content\/uploads\/2026\/03\/recien-nacido-1_optimized-1-600x338.jpg 600w\" sizes=\"(max-width: 1065px) 100vw, 1065px\" \/><\/div><\/div><\/div><\/div><div class=\"flex_column av_one_full  flex_column_div av-zero-column-padding first  avia-builder-el-2  el_after_av_one_full  el_before_av_one_full  column-top-margin\" style='border-radius:0px; '><section class=\"av_textblock_section \"  itemscope=\"itemscope\" itemtype=\"https:\/\/schema.org\/BlogPosting\" itemprop=\"blogPost\" ><div class='avia_textblock  '   itemprop=\"text\" ><p style=\"text-align: center;\"><strong><span style=\"font-size: 18pt;\">Inmunizaciones contra Virus Respiratorio Sincicial han disminuido evacuaciones m\u00e9dicas fuera de la regi\u00f3n<\/span><\/strong><\/p>\n<div id=\"gtx-trans\" style=\"position: absolute; left: -50px; top: 4.31534px;\">\n<div class=\"gtx-trans-icon\"><\/div>\n<\/div>\n<\/div><\/section><\/div><div class=\"flex_column av_one_full  flex_column_div av-zero-column-padding first  avia-builder-el-4  el_after_av_one_full  el_before_av_hr  column-top-margin\" style='border-radius:0px; '><section class=\"av_textblock_section \"  itemscope=\"itemscope\" itemtype=\"https:\/\/schema.org\/BlogPosting\" itemprop=\"blogPost\" ><div class='avia_textblock  '   itemprop=\"text\" ><p style=\"text-align: justify;\"><em>La administraci\u00f3n del anticuerpo monoclonal, NIRSEVIMAB, en lactantes y reci\u00e9n nacidos ha incidido directamente en la disminuci\u00f3n de traslados m\u00e9dicos de menores fuera de la regi\u00f3n producto de enfermedades respiratorias graves.<\/em><\/p>\n<p style=\"text-align: justify;\">El virus respiratorio sincicial (VRS), es reconocido como una de las causas m\u00e1s comunes de enfermedades respiratorias infantiles y es la causa m\u00e1s com\u00fan de hospitalizaci\u00f3n en los lactantes, afectando incluso a otros grupos de edad. Sin embargo, desde el inicio de la inmunizaci\u00f3n con el anticuerpo NIRSEVIMAB en Chile, por dos a\u00f1os consecutivos (2024-2025) no se han producido fallecimientos por esta enfermedad en reci\u00e9n nacidos y lactantes; situaci\u00f3n que, en el caso de Ays\u00e9n, tambi\u00e9n ha incidido en la disminuci\u00f3n de traslados m\u00e9dicos en este segmento de la poblaci\u00f3n hacia el norte del pa\u00eds.<\/p>\n<p style=\"text-align: justify;\">As\u00ed lo dieron a conocer autoridades del sector salud, quienes encabezadas por la Seremi Gloria \u00c1guila Schmeisser, manifestaron la importancia de esta pol\u00edtica de salud p\u00fablica durante una visita al Hospital Regional Coyhaique.\u00a0 \u201cVisitamos el hospital, y con mucho orgullo y placer vimos a un pap\u00e1 haciendo apego con su primer hijo, y fue muy lindo porque despu\u00e9s de ese momento, se procedi\u00f3 a la inmunizaci\u00f3n contra el Virus Respiratorio Sincicial. Este es un medicamento que contiene un anticuerpo monoclonal que permite que al ni\u00f1o prevenir esta infecci\u00f3n respiratoria grave que aqu\u00ed en la regi\u00f3n ha disminuido alrededor del 85% de los traslados de ni\u00f1os graves a otra regi\u00f3n, disminuyendo tambi\u00e9n en cerca de un 62% la hospitalizaci\u00f3n de menores por esta enfermedad\u201d.<\/p>\n<p style=\"text-align: justify;\">En la oportunidad, la directora (s) del Hospital Regional de Coyhaique, Victoria Pinto Henr\u00edquez, destac\u00f3 los alcances de la inmunizaci\u00f3n con el anticuerpo en menores. \u201cCon este anticuerpo, se ve una disminuci\u00f3n de la circulaci\u00f3n del virus sincicial respiratorio del 22% respecto al periodo previo a la iniciaci\u00f3n de las campa\u00f1as.\u00a0 Por lo tanto, estamos con un escenario de tener menos ni\u00f1os enfermos, o que enfermen de gravedad.\u00a0 Sin duda es una tremenda oportunidad para que tambi\u00e9n nosotros podamos tener un nivel menor de desarraigo de las familias cuando los ni\u00f1os se enferman y deben ser trasladados,\u201d puntualiz\u00f3.<\/p>\n<p style=\"text-align: justify;\">Finalmente, la subdirectora de Gesti\u00f3n Asistencial del Servicio de Salud Ays\u00e9n, Natalie Duffau Alvear, hizo un llamado a la comunidad a acceder a estos procesos gratuitos de vacunaci\u00f3n e inmunizaci\u00f3n.\u00a0 \u201cLlamamos a las familias a vacunarse. Nosotros desde el 1 de marzo ya estamos desplegados como Red Asistencial en todos nuestros establecimientos con las vacunas, tanto de influenza, como de COVID, como tambi\u00e9n en la maternidad del Hospital Regional de la NIRSEVIMAB y en toda la Red para los lactantes. En la p\u00e1gina de nuestro Servicio de Salud (<a href=\"http:\/\/www.serviciodesaludaysen.cl\">www.serviciodesaludaysen.cl<\/a>) y nuestras redes sociales, tenemos todos los vacunatorios que hoy d\u00eda est\u00e1n disponibles. Entre antes nos inmunicemos es mejor, sobre todo los grupos de riesgo que son los menores de cinco a\u00f1os, 11 meses, 29 d\u00edas y los adultos mayores.\u201d<\/p>\n<p style=\"text-align: justify;\">De esta forma, cabe se\u00f1alar que el NIRSEVIMAB es un anticuerpo monoclonal que a diferencia de las vacunas o infecciones que estimulan el sistema inmunol\u00f3gico para generar una respuesta activa de protecci\u00f3n, este producto proporciona una protecci\u00f3n inmediata, por lo tanto, se hace un llamado a todas las familias de los grupos objetivos mencionados anteriormente a\u00a0 acudir a\u00a0 los establecimientos de salud m\u00e1s cercanos para recibir a tiempo esta inmunizaci\u00f3n tan importante para mantener la protecci\u00f3n de los m\u00e1s peque\u00f1os durante este invierno.<\/p>\n<\/div><\/section><\/div><div  style='height:50px' class='hr hr-invisible   avia-builder-el-6  el_after_av_one_full  el_before_av_social_share '><span class='hr-inner ' ><span class='hr-inner-style'><\/span><\/span><\/div><\/p>\n<div  class='av-social-sharing-box  avia-builder-el-7  el_after_av_hr  el_before_av_hr  '><div class='av-share-box'><h5 class='av-share-link-description av-no-toc '>Compartir esta noticia<\/h5><ul class='av-share-box-list noLightbox'><li class='av-share-link av-social-link-facebook' ><a target=\"_blank\" aria-label=\"Compartir en Facebook\" href='https:\/\/www.facebook.com\/sharer.php?u=https:\/\/radiorevelacionfm.cl\/?p=64762&#038;t=Inmunizaciones%20contra%20Virus%20Respiratorio%20Sincicial%20han%20disminuido%20evacuaciones%20m%C3%A9dicas%20fuera%20de%20la%20regi%C3%B3n' aria-hidden='false' data-av_icon='\ue8f3' data-av_iconfont='entypo-fontello' title='' data-avia-related-tooltip='Compartir en Facebook' rel=\"noopener\"><span class='avia_hidden_link_text'>Compartir en Facebook<\/span><\/a><\/li><li class='av-share-link av-social-link-twitter' ><a target=\"_blank\" aria-label=\"Compartir en Twitter\" href='https:\/\/twitter.com\/share?text=Inmunizaciones%20contra%20Virus%20Respiratorio%20Sincicial%20han%20disminuido%20evacuaciones%20m%C3%A9dicas%20fuera%20de%20la%20regi%C3%B3n&#038;url=https:\/\/radiorevelacionfm.cl\/?p=64762' aria-hidden='false' data-av_icon='\ue8f1' data-av_iconfont='entypo-fontello' title='' data-avia-related-tooltip='Compartir en Twitter' rel=\"noopener\"><span class='avia_hidden_link_text'>Compartir en Twitter<\/span><\/a><\/li><li class='av-share-link av-social-link-whatsapp' ><a target=\"_blank\" aria-label=\"Compartir en Whatsapp\" href='https:\/\/api.whatsapp.com\/send?text=https:\/\/radiorevelacionfm.cl\/?p=64762' aria-hidden='false' data-av_icon='\uf232' data-av_iconfont='entypo-fontello' title='' data-avia-related-tooltip='Compartir en Whatsapp' rel=\"noopener\"><span class='avia_hidden_link_text'>Compartir en Whatsapp<\/span><\/a><\/li><li class='av-share-link av-social-link-linkedin' ><a target=\"_blank\" aria-label=\"Compartir en LinkedIn\" href='https:\/\/linkedin.com\/shareArticle?mini=true&#038;title=Inmunizaciones%20contra%20Virus%20Respiratorio%20Sincicial%20han%20disminuido%20evacuaciones%20m%C3%A9dicas%20fuera%20de%20la%20regi%C3%B3n&#038;url=https:\/\/radiorevelacionfm.cl\/?p=64762' aria-hidden='false' data-av_icon='\ue8fc' data-av_iconfont='entypo-fontello' title='' data-avia-related-tooltip='Compartir en LinkedIn' rel=\"noopener\"><span class='avia_hidden_link_text'>Compartir en LinkedIn<\/span><\/a><\/li><li class='av-share-link av-social-link-mail' ><a  aria-label=\"Compartir por correo\" href='mailto:?subject=Inmunizaciones%20contra%20Virus%20Respiratorio%20Sincicial%20han%20disminuido%20evacuaciones%20m%C3%A9dicas%20fuera%20de%20la%20regi%C3%B3n&#038;body=https:\/\/radiorevelacionfm.cl\/?p=64762' aria-hidden='false' data-av_icon='\ue805' data-av_iconfont='entypo-fontello' title='' data-avia-related-tooltip='Compartir por correo'><span class='avia_hidden_link_text'>Compartir por correo<\/span><\/a><\/li><\/ul><\/div><\/div>\n<div  style='height:50px' class='hr hr-invisible   avia-builder-el-8  el_after_av_social_share  el_before_av_comments_list '><span class='hr-inner ' ><span class='hr-inner-style'><\/span><\/span><\/div>\n<div  class='av-buildercomment  av-blog-meta-html-info-disabled av-blog-meta-tag-disabled  '><\/div>\n","protected":false},"excerpt":{"rendered":"","protected":false},"author":1,"featured_media":64763,"comment_status":"closed","ping_status":"closed","sticky":false,"template":"","format":"standard","meta":{"footnotes":""},"categories":[46],"tags":[],"class_list":["post-64762","post","type-post","status-publish","format-standard","has-post-thumbnail","hentry","category-salud"],"jetpack_featured_media_url":"https:\/\/radiorevelacionfm.cl\/wp-content\/uploads\/2026\/03\/recien-nacido-1_optimized-1.jpg","_links":{"self":[{"href":"https:\/\/radiorevelacionfm.cl\/index.php?rest_route=\/wp\/v2\/posts\/64762","targetHints":{"allow":["GET"]}}],"collection":[{"href":"https:\/\/radiorevelacionfm.cl\/index.php?rest_route=\/wp\/v2\/posts"}],"about":[{"href":"https:\/\/radiorevelacionfm.cl\/index.php?rest_route=\/wp\/v2\/types\/post"}],"author":[{"embeddable":true,"href":"https:\/\/radiorevelacionfm.cl\/index.php?rest_route=\/wp\/v2\/users\/1"}],"replies":[{"embeddable":true,"href":"https:\/\/radiorevelacionfm.cl\/index.php?rest_route=%2Fwp%2Fv2%2Fcomments&post=64762"}],"version-history":[{"count":2,"href":"https:\/\/radiorevelacionfm.cl\/index.php?rest_route=\/wp\/v2\/posts\/64762\/revisions"}],"predecessor-version":[{"id":64776,"href":"https:\/\/radiorevelacionfm.cl\/index.php?rest_route=\/wp\/v2\/posts\/64762\/revisions\/64776"}],"wp:featuredmedia":[{"embeddable":true,"href":"https:\/\/radiorevelacionfm.cl\/index.php?rest_route=\/wp\/v2\/media\/64763"}],"wp:attachment":[{"href":"https:\/\/radiorevelacionfm.cl\/index.php?rest_route=%2Fwp%2Fv2%2Fmedia&parent=64762"}],"wp:term":[{"taxonomy":"category","embeddable":true,"href":"https:\/\/radiorevelacionfm.cl\/index.php?rest_route=%2Fwp%2Fv2%2Fcategories&post=64762"},{"taxonomy":"post_tag","embeddable":true,"href":"https:\/\/radiorevelacionfm.cl\/index.php?rest_route=%2Fwp%2Fv2%2Ftags&post=64762"}],"curies":[{"name":"wp","href":"https:\/\/api.w.org\/{rel}","templated":true}]}}