{"id":64756,"date":"2026-03-04T17:58:53","date_gmt":"2026-03-04T20:58:53","guid":{"rendered":"https:\/\/radiorevelacionfm.cl\/?p=64756"},"modified":"2026-03-04T18:00:24","modified_gmt":"2026-03-04T21:00:24","slug":"en-coyhaique-120-personas-emprendedoras-finalizan-exitosamente-programas-del-fosis-con-muestra-de-productos","status":"publish","type":"post","link":"https:\/\/radiorevelacionfm.cl\/?p=64756","title":{"rendered":"En Coyhaique: 120 personas emprendedoras finalizan exitosamente programas del FOSIS con muestra de productos"},"content":{"rendered":"<div class=\"flex_column av_one_full  flex_column_div av-zero-column-padding first  avia-builder-el-0  el_before_av_one_full  avia-builder-el-first  \" style='border-radius:0px; '><div  class='avia-image-container  av-styling-    avia-builder-el-1  avia-builder-el-no-sibling  avia-align-center '  itemprop=\"image\" itemscope=\"itemscope\" itemtype=\"https:\/\/schema.org\/ImageObject\"  ><div class='avia-image-container-inner'><div class='avia-image-overlay-wrap'><img decoding=\"async\" class='wp-image-64757 avia-img-lazy-loading-not-64757 avia_image' src=\"https:\/\/radiorevelacionfm.cl\/wp-content\/uploads\/2026\/03\/muestra-programas-empendamos-coyhaique-fosis-1_optimized.jpeg\" alt='' title='muestra-programas-empendamos-coyhaique-fosis-(1)_optimized' height=\"600\" width=\"1067\"  itemprop=\"thumbnailUrl\" srcset=\"https:\/\/radiorevelacionfm.cl\/wp-content\/uploads\/2026\/03\/muestra-programas-empendamos-coyhaique-fosis-1_optimized.jpeg 1067w, https:\/\/radiorevelacionfm.cl\/wp-content\/uploads\/2026\/03\/muestra-programas-empendamos-coyhaique-fosis-1_optimized-300x169.jpeg 300w, https:\/\/radiorevelacionfm.cl\/wp-content\/uploads\/2026\/03\/muestra-programas-empendamos-coyhaique-fosis-1_optimized-1030x579.jpeg 1030w, https:\/\/radiorevelacionfm.cl\/wp-content\/uploads\/2026\/03\/muestra-programas-empendamos-coyhaique-fosis-1_optimized-768x432.jpeg 768w, https:\/\/radiorevelacionfm.cl\/wp-content\/uploads\/2026\/03\/muestra-programas-empendamos-coyhaique-fosis-1_optimized-705x396.jpeg 705w, https:\/\/radiorevelacionfm.cl\/wp-content\/uploads\/2026\/03\/muestra-programas-empendamos-coyhaique-fosis-1_optimized-450x253.jpeg 450w, https:\/\/radiorevelacionfm.cl\/wp-content\/uploads\/2026\/03\/muestra-programas-empendamos-coyhaique-fosis-1_optimized-600x337.jpeg 600w\" sizes=\"(max-width: 1067px) 100vw, 1067px\" \/><\/div><\/div><\/div><\/div>\n<div class=\"flex_column av_one_full  flex_column_div av-zero-column-padding first  avia-builder-el-2  el_after_av_one_full  el_before_av_one_full  column-top-margin\" style='border-radius:0px; '><section class=\"av_textblock_section \"  itemscope=\"itemscope\" itemtype=\"https:\/\/schema.org\/BlogPosting\" itemprop=\"blogPost\" ><div class='avia_textblock  '   itemprop=\"text\" ><p style=\"text-align: center;\"><strong><span style=\"font-size: 18pt;\">En Coyhaique: 120 personas emprendedoras finalizan exitosamente programas del FOSIS con muestra de productos<\/span><\/strong><\/p>\n<div id=\"gtx-trans\" style=\"position: absolute; left: -50px; top: 4.31534px;\">\n<div class=\"gtx-trans-icon\"><\/div>\n<\/div>\n<\/div><\/section><\/div><div class=\"flex_column av_one_full  flex_column_div av-zero-column-padding first  avia-builder-el-4  el_after_av_one_full  el_before_av_hr  column-top-margin\" style='border-radius:0px; '><section class=\"av_textblock_section \"  itemscope=\"itemscope\" itemtype=\"https:\/\/schema.org\/BlogPosting\" itemprop=\"blogPost\" ><div class='avia_textblock  '   itemprop=\"text\" ><ul>\n<li style=\"text-align: justify;\"><em>Los programas Emprendamos y Emprendamos Semilla permitieron apoyar a negocios, que est\u00e1n en destinitos niveles de avance, a trav\u00e9s de la capacitaci\u00f3n, asesor\u00eda y financiamiento.<\/em><\/li>\n<\/ul>\n<p style=\"text-align: justify;\">En la Plaza Rel\u00e1mpago se realiz\u00f3 una muestra de emprendimientos y la ceremonia de certificaci\u00f3n de los programas Emprendamos y Emprendamos Semilla ejecutados en la comuna Coyhaique, donde 120 personas usuarias dieron t\u00e9rmino exitosamente a todas las etapas que consideran estas instancias program\u00e1ticas de autonom\u00eda econ\u00f3mica del Fondo de Solidaridad e Inversi\u00f3n Social, FOSIS.<\/p>\n<p style=\"text-align: justify;\">Elsa Mendoza, emprendedora y usuaria del programa Emprendamos, valor\u00f3 positivamente la oportunidad de fortalecer su negocio. \u201cMuy lindo, muy buenas compa\u00f1eras tuvimos, estuvo muy bueno el trato, todo anduvo s\u00faper bien. El proyecto fue bueno porque me entregaron un calef\u00f3n, una concina a gas y el resto en insumos porque yo trabajo con venta de mermelada y miel de la zona. Estoy muy agradecida del FOSIS por el apoyo que me dieron\u201d.<\/p>\n<p style=\"text-align: justify;\">La emprendedora Fiamett Soriano destac\u00f3 el aporte que ha significado el FOSIS para poder hacerse cargo de su hijo y percibir ingresos. \u201cSoy artesana y cuidadora de mi hijito, esta es la actividad que me permite estar con \u00e9l, cuidarlo y adem\u00e1s generar ingresos. FOSIS ha sido de mucha ayuda ya que me ha dado el empuj\u00f3n que necesito para participar en ferias, expos y tener stock para mostrarle a mis clientes lo que hago\u201d.<\/p>\n<p style=\"text-align: justify;\">Fernanda Leiva, directora regional del FOSIS, asegur\u00f3 que \u201ctuvimos una gran ceremonia con 120 personas usuarias de Coyhaique y dimos cierre al proceso del que fueron parte. Pudimos conocer sus testimonios y contrastar experiencias de personas emprendedoras que est\u00e1n partiendo con otras que est\u00e1n m\u00e1s consolidadas, en un espacio donde se compartieron distintas vivencias del camino del emprendimiento. Estamos muy contentos, vamos a seguir trabajando y ya estamos preparando todo para este a\u00f1o poder ejecutar estos programas en la regi\u00f3n\u201d.<\/p>\n<p style=\"text-align: justify;\">Los programas de autonom\u00eda econ\u00f3mica del FOSIS entregan capacitaci\u00f3n, asesor\u00eda y el financiamiento de un plan de negocio, para iniciativas productivas que est\u00e9n en distintos niveles de avance, desde una idea de negocio hasta un emprendimiento que ya est\u00e1 en funcionamiento y busca consolidarse.<\/p>\n<\/div><\/section><\/div><\/p>\n<div  style='height:50px' class='hr hr-invisible   avia-builder-el-6  el_after_av_one_full  el_before_av_social_share '><span class='hr-inner ' ><span class='hr-inner-style'><\/span><\/span><\/div>\n<div  class='av-social-sharing-box  avia-builder-el-7  el_after_av_hr  el_before_av_hr  '><div class='av-share-box'><h5 class='av-share-link-description av-no-toc '>Compartir esta noticia<\/h5><ul class='av-share-box-list noLightbox'><li class='av-share-link av-social-link-facebook' ><a target=\"_blank\" aria-label=\"Compartir en Facebook\" href='https:\/\/www.facebook.com\/sharer.php?u=https:\/\/radiorevelacionfm.cl\/?p=64756&#038;t=En%20Coyhaique%3A%20120%20personas%20emprendedoras%20finalizan%20exitosamente%20programas%20del%20FOSIS%20con%20muestra%20de%20productos' aria-hidden='false' data-av_icon='\ue8f3' data-av_iconfont='entypo-fontello' title='' data-avia-related-tooltip='Compartir en Facebook' rel=\"noopener\"><span class='avia_hidden_link_text'>Compartir en Facebook<\/span><\/a><\/li><li class='av-share-link av-social-link-twitter' ><a target=\"_blank\" aria-label=\"Compartir en Twitter\" href='https:\/\/twitter.com\/share?text=En%20Coyhaique%3A%20120%20personas%20emprendedoras%20finalizan%20exitosamente%20programas%20del%20FOSIS%20con%20muestra%20de%20productos&#038;url=https:\/\/radiorevelacionfm.cl\/?p=64756' aria-hidden='false' data-av_icon='\ue8f1' data-av_iconfont='entypo-fontello' title='' data-avia-related-tooltip='Compartir en Twitter' rel=\"noopener\"><span class='avia_hidden_link_text'>Compartir en Twitter<\/span><\/a><\/li><li class='av-share-link av-social-link-whatsapp' ><a target=\"_blank\" aria-label=\"Compartir en Whatsapp\" href='https:\/\/api.whatsapp.com\/send?text=https:\/\/radiorevelacionfm.cl\/?p=64756' aria-hidden='false' data-av_icon='\uf232' data-av_iconfont='entypo-fontello' title='' data-avia-related-tooltip='Compartir en Whatsapp' rel=\"noopener\"><span class='avia_hidden_link_text'>Compartir en Whatsapp<\/span><\/a><\/li><li class='av-share-link av-social-link-linkedin' ><a target=\"_blank\" aria-label=\"Compartir en LinkedIn\" href='https:\/\/linkedin.com\/shareArticle?mini=true&#038;title=En%20Coyhaique%3A%20120%20personas%20emprendedoras%20finalizan%20exitosamente%20programas%20del%20FOSIS%20con%20muestra%20de%20productos&#038;url=https:\/\/radiorevelacionfm.cl\/?p=64756' aria-hidden='false' data-av_icon='\ue8fc' data-av_iconfont='entypo-fontello' title='' data-avia-related-tooltip='Compartir en LinkedIn' rel=\"noopener\"><span class='avia_hidden_link_text'>Compartir en LinkedIn<\/span><\/a><\/li><li class='av-share-link av-social-link-mail' ><a  aria-label=\"Compartir por correo\" href='mailto:?subject=En%20Coyhaique%3A%20120%20personas%20emprendedoras%20finalizan%20exitosamente%20programas%20del%20FOSIS%20con%20muestra%20de%20productos&#038;body=https:\/\/radiorevelacionfm.cl\/?p=64756' aria-hidden='false' data-av_icon='\ue805' data-av_iconfont='entypo-fontello' title='' data-avia-related-tooltip='Compartir por correo'><span class='avia_hidden_link_text'>Compartir por correo<\/span><\/a><\/li><\/ul><\/div><\/div>\n<div  style='height:50px' class='hr hr-invisible   avia-builder-el-8  el_after_av_social_share  el_before_av_comments_list '><span class='hr-inner ' ><span class='hr-inner-style'><\/span><\/span><\/div>\n<div  class='av-buildercomment  av-blog-meta-html-info-disabled av-blog-meta-tag-disabled  '><\/div>\n","protected":false},"excerpt":{"rendered":"","protected":false},"author":1,"featured_media":64757,"comment_status":"closed","ping_status":"closed","sticky":false,"template":"","format":"standard","meta":{"footnotes":""},"categories":[38],"tags":[],"class_list":["post-64756","post","type-post","status-publish","format-standard","has-post-thumbnail","hentry","category-regional"],"jetpack_featured_media_url":"https:\/\/radiorevelacionfm.cl\/wp-content\/uploads\/2026\/03\/muestra-programas-empendamos-coyhaique-fosis-1_optimized.jpeg","_links":{"self":[{"href":"https:\/\/radiorevelacionfm.cl\/index.php?rest_route=\/wp\/v2\/posts\/64756","targetHints":{"allow":["GET"]}}],"collection":[{"href":"https:\/\/radiorevelacionfm.cl\/index.php?rest_route=\/wp\/v2\/posts"}],"about":[{"href":"https:\/\/radiorevelacionfm.cl\/index.php?rest_route=\/wp\/v2\/types\/post"}],"author":[{"embeddable":true,"href":"https:\/\/radiorevelacionfm.cl\/index.php?rest_route=\/wp\/v2\/users\/1"}],"replies":[{"embeddable":true,"href":"https:\/\/radiorevelacionfm.cl\/index.php?rest_route=%2Fwp%2Fv2%2Fcomments&post=64756"}],"version-history":[{"count":3,"href":"https:\/\/radiorevelacionfm.cl\/index.php?rest_route=\/wp\/v2\/posts\/64756\/revisions"}],"predecessor-version":[{"id":64760,"href":"https:\/\/radiorevelacionfm.cl\/index.php?rest_route=\/wp\/v2\/posts\/64756\/revisions\/64760"}],"wp:featuredmedia":[{"embeddable":true,"href":"https:\/\/radiorevelacionfm.cl\/index.php?rest_route=\/wp\/v2\/media\/64757"}],"wp:attachment":[{"href":"https:\/\/radiorevelacionfm.cl\/index.php?rest_route=%2Fwp%2Fv2%2Fmedia&parent=64756"}],"wp:term":[{"taxonomy":"category","embeddable":true,"href":"https:\/\/radiorevelacionfm.cl\/index.php?rest_route=%2Fwp%2Fv2%2Fcategories&post=64756"},{"taxonomy":"post_tag","embeddable":true,"href":"https:\/\/radiorevelacionfm.cl\/index.php?rest_route=%2Fwp%2Fv2%2Ftags&post=64756"}],"curies":[{"name":"wp","href":"https:\/\/api.w.org\/{rel}","templated":true}]}}