{"id":64751,"date":"2026-03-04T18:17:07","date_gmt":"2026-03-04T21:17:07","guid":{"rendered":"https:\/\/radiorevelacionfm.cl\/?p=64751"},"modified":"2026-03-04T18:17:07","modified_gmt":"2026-03-04T21:17:07","slug":"puerto-aysen-colegio-kalem-inicia-su-ano-escolar-2026-con-innovacion-tecnologica-y-un-fuerte-mensaje-de-unidad-para-su-comunidad-educativa","status":"publish","type":"post","link":"https:\/\/radiorevelacionfm.cl\/?p=64751","title":{"rendered":"Puerto Ays\u00e9n: Colegio Kalem inicia su A\u00f1o Escolar 2026 con innovaci\u00f3n tecnol\u00f3gica y un fuerte mensaje de unidad para su comunidad educativa"},"content":{"rendered":"<div class=\"flex_column av_one_full  flex_column_div av-zero-column-padding first  avia-builder-el-0  el_before_av_one_full  avia-builder-el-first  \" style='border-radius:0px; '><div  class='avia-image-container  av-styling-    avia-builder-el-1  avia-builder-el-no-sibling  avia-align-center '  itemprop=\"image\" itemscope=\"itemscope\" itemtype=\"https:\/\/schema.org\/ImageObject\"  ><div class='avia-image-container-inner'><div class='avia-image-overlay-wrap'><img decoding=\"async\" class='wp-image-64754 avia-img-lazy-loading-not-64754 avia_image' src=\"https:\/\/radiorevelacionfm.cl\/wp-content\/uploads\/2026\/03\/foto-2-3-2-1_optimized.jpg\" alt='' title='foto-2-(3)-(2)-(1)_optimized' height=\"600\" width=\"958\"  itemprop=\"thumbnailUrl\" srcset=\"https:\/\/radiorevelacionfm.cl\/wp-content\/uploads\/2026\/03\/foto-2-3-2-1_optimized.jpg 958w, https:\/\/radiorevelacionfm.cl\/wp-content\/uploads\/2026\/03\/foto-2-3-2-1_optimized-300x188.jpg 300w, https:\/\/radiorevelacionfm.cl\/wp-content\/uploads\/2026\/03\/foto-2-3-2-1_optimized-768x481.jpg 768w, https:\/\/radiorevelacionfm.cl\/wp-content\/uploads\/2026\/03\/foto-2-3-2-1_optimized-705x442.jpg 705w, https:\/\/radiorevelacionfm.cl\/wp-content\/uploads\/2026\/03\/foto-2-3-2-1_optimized-450x282.jpg 450w, https:\/\/radiorevelacionfm.cl\/wp-content\/uploads\/2026\/03\/foto-2-3-2-1_optimized-600x376.jpg 600w\" sizes=\"(max-width: 958px) 100vw, 958px\" \/><\/div><\/div><\/div><\/div><div class=\"flex_column av_one_full  flex_column_div av-zero-column-padding first  avia-builder-el-2  el_after_av_one_full  el_before_av_one_full  column-top-margin\" style='border-radius:0px; '><section class=\"av_textblock_section \"  itemscope=\"itemscope\" itemtype=\"https:\/\/schema.org\/BlogPosting\" itemprop=\"blogPost\" ><div class='avia_textblock  '   itemprop=\"text\" ><p style=\"text-align: center;\"><strong><span style=\"font-size: 18pt;\">Puerto Ays\u00e9n: Colegio Kalem inicia su A\u00f1o Escolar 2026 con innovaci\u00f3n tecnol\u00f3gica y un fuerte mensaje de unidad para su comunidad educativa<\/span><\/strong><\/p>\n<div id=\"gtx-trans\" style=\"position: absolute; left: -50px; top: 4.31534px;\">\n<div class=\"gtx-trans-icon\"><\/div>\n<\/div>\n<\/div><\/section><\/div><div class=\"flex_column av_one_full  flex_column_div av-zero-column-padding first  avia-builder-el-4  el_after_av_one_full  el_before_av_hr  column-top-margin\" style='border-radius:0px; '><section class=\"av_textblock_section \"  itemscope=\"itemscope\" itemtype=\"https:\/\/schema.org\/BlogPosting\" itemprop=\"blogPost\" ><div class='avia_textblock  '   itemprop=\"text\" ><p style=\"text-align: justify;\">Este mi\u00e9rcoles 04 de marzo, el Colegio Kalem dio inicio oficial a su a\u00f1o escolar 2026, marcando el esperado reencuentro de estudiantes, docentes, asistentes de la educaci\u00f3n y familias que forman parte de esta comunidad educativa de Puerto Ays\u00e9n.<\/p>\n<p style=\"text-align: justify;\">Desde temprano, el establecimiento se llen\u00f3 de sonrisas y entusiasmo, especialmente entre quienes comenzaron una nueva etapa acad\u00e9mica. El ingreso se desarroll\u00f3 con total normalidad, en un ambiente de organizaci\u00f3n, cercan\u00eda y compromiso frente a los desaf\u00edos que trae este nuevo a\u00f1o.<\/p>\n<p style=\"text-align: justify;\">La directora del establecimiento, Marcela Jarramillo, destac\u00f3 la relevancia de este inicio \u201cprimero que todo darle la bienvenida a los estudiantes y pap\u00e1s de esta comunidad Colegio Kalem y contarle que con toda la contingencia que tenemos en la ciudad por motivos del puente, pensamos que iba a ser el comienzo un poco m\u00e1s ca\u00f3tico pero no fue as\u00ed ya que desde el primer d\u00eda y antes que entraran los estudiantes se tomaron las medidas necesarias para un regreso tranquilo a clases y las medidas se ir\u00e1n analizando a medida que avancen las semanas. Ver nuevamente los rostros de nuestros estudiantes nos lleva de alegr\u00eda, ya que son el alma de esta comunidad educativa, destacando tambi\u00e9n la presentaci\u00f3n personal y asistencia de los estudiantes a este primer d\u00eda de clases<\/p>\n<p style=\"text-align: justify;\">Asimismo, valor\u00f3 el trabajo previo realizado por el equipo docente y administrativo \u201cNuestros profesores y asistentes de la educaci\u00f3n han demostrado una gran vocaci\u00f3n y profesionalismo. Este a\u00f1o seguimos fortaleciendo nuestro proyecto educativo, poniendo en el centro a nuestros estudiantes y sus familias\u201d.<\/p>\n<p style=\"text-align: justify;\">En esa misma l\u00ednea, la directora relev\u00f3 la importante inversi\u00f3n realizada durante el receso escolar, que permitir\u00e1 fortalecer el proceso de ense\u00f1anza-aprendizaje en todos los niveles \u201cDurante este a\u00f1o hemos concretado una inversi\u00f3n significativa en ense\u00f1anza preb\u00e1sica, b\u00e1sica y media, incorporando pantallas digitales en reemplazo de los tradicionales pizarrones. Somos el primer establecimiento en la comuna de Ays\u00e9n en implementar este m\u00e9todo de ense\u00f1anza en todas nuestras salas, lo que nos permite avanzar hacia una educaci\u00f3n m\u00e1s interactiva, din\u00e1mica y acorde a los desaf\u00edos del siglo XXI\u201d.<\/p>\n<p style=\"text-align: justify;\">Finalmente, entreg\u00f3 un mensaje a toda la comunidad educativa que inicia este nuevo ciclo \u201cQuiero invitar a nuestros estudiantes a so\u00f1ar en grande y a aprovechar cada oportunidad de aprendizaje. A los padres y apoderados, agradecerles la confianza que depositan en nuestro proyecto educativo. Este 2026 lo enfrentamos unidos, con optimismo y la convicci\u00f3n de que, trabajando en conjunto, lograremos grandes avances y experiencias significativas para cada uno de nuestros alumnos\u201d.<\/p>\n<p style=\"text-align: justify;\">De esta manera, el Colegio Kalem dio el vamos a un nuevo a\u00f1o escolar, reafirmando su compromiso con la formaci\u00f3n integral de sus estudiantes y fortaleciendo el v\u00ednculo con toda la comunidad educativa. El 2026 comienza con energ\u00eda, innovaci\u00f3n y la certeza de que ser\u00e1 un a\u00f1o lleno de aprendizajes y crecimiento para todos.<\/p>\n<\/div><\/section><\/div><div  style='height:50px' class='hr hr-invisible   avia-builder-el-6  el_after_av_one_full  el_before_av_social_share '><span class='hr-inner ' ><span class='hr-inner-style'><\/span><\/span><\/div><\/p>\n<div  class='av-social-sharing-box  avia-builder-el-7  el_after_av_hr  el_before_av_hr  '><div class='av-share-box'><h5 class='av-share-link-description av-no-toc '>Compartir esta noticia<\/h5><ul class='av-share-box-list noLightbox'><li class='av-share-link av-social-link-facebook' ><a target=\"_blank\" aria-label=\"Compartir en Facebook\" href='https:\/\/www.facebook.com\/sharer.php?u=https:\/\/radiorevelacionfm.cl\/?p=64751&#038;t=Puerto%20Ays%C3%A9n%3A%20Colegio%20Kalem%20inicia%20su%20A%C3%B1o%20Escolar%202026%20con%20innovaci%C3%B3n%20tecnol%C3%B3gica%20y%20un%20fuerte%20mensaje%20de%20unidad%20para%20su%20comunidad%20educativa' aria-hidden='false' data-av_icon='\ue8f3' data-av_iconfont='entypo-fontello' title='' data-avia-related-tooltip='Compartir en Facebook' rel=\"noopener\"><span class='avia_hidden_link_text'>Compartir en Facebook<\/span><\/a><\/li><li class='av-share-link av-social-link-twitter' ><a target=\"_blank\" aria-label=\"Compartir en Twitter\" href='https:\/\/twitter.com\/share?text=Puerto%20Ays%C3%A9n%3A%20Colegio%20Kalem%20inicia%20su%20A%C3%B1o%20Escolar%202026%20con%20innovaci%C3%B3n%20tecnol%C3%B3gica%20y%20un%20fuerte%20mensaje%20de%20unidad%20para%20su%20comunidad%20educativa&#038;url=https:\/\/radiorevelacionfm.cl\/?p=64751' aria-hidden='false' data-av_icon='\ue8f1' data-av_iconfont='entypo-fontello' title='' data-avia-related-tooltip='Compartir en Twitter' rel=\"noopener\"><span class='avia_hidden_link_text'>Compartir en Twitter<\/span><\/a><\/li><li class='av-share-link av-social-link-whatsapp' ><a target=\"_blank\" aria-label=\"Compartir en Whatsapp\" href='https:\/\/api.whatsapp.com\/send?text=https:\/\/radiorevelacionfm.cl\/?p=64751' aria-hidden='false' data-av_icon='\uf232' data-av_iconfont='entypo-fontello' title='' data-avia-related-tooltip='Compartir en Whatsapp' rel=\"noopener\"><span class='avia_hidden_link_text'>Compartir en Whatsapp<\/span><\/a><\/li><li class='av-share-link av-social-link-linkedin' ><a target=\"_blank\" aria-label=\"Compartir en LinkedIn\" href='https:\/\/linkedin.com\/shareArticle?mini=true&#038;title=Puerto%20Ays%C3%A9n%3A%20Colegio%20Kalem%20inicia%20su%20A%C3%B1o%20Escolar%202026%20con%20innovaci%C3%B3n%20tecnol%C3%B3gica%20y%20un%20fuerte%20mensaje%20de%20unidad%20para%20su%20comunidad%20educativa&#038;url=https:\/\/radiorevelacionfm.cl\/?p=64751' aria-hidden='false' data-av_icon='\ue8fc' data-av_iconfont='entypo-fontello' title='' data-avia-related-tooltip='Compartir en LinkedIn' rel=\"noopener\"><span class='avia_hidden_link_text'>Compartir en LinkedIn<\/span><\/a><\/li><li class='av-share-link av-social-link-mail' ><a  aria-label=\"Compartir por correo\" href='mailto:?subject=Puerto%20Ays%C3%A9n%3A%20Colegio%20Kalem%20inicia%20su%20A%C3%B1o%20Escolar%202026%20con%20innovaci%C3%B3n%20tecnol%C3%B3gica%20y%20un%20fuerte%20mensaje%20de%20unidad%20para%20su%20comunidad%20educativa&#038;body=https:\/\/radiorevelacionfm.cl\/?p=64751' aria-hidden='false' data-av_icon='\ue805' data-av_iconfont='entypo-fontello' title='' data-avia-related-tooltip='Compartir por correo'><span class='avia_hidden_link_text'>Compartir por correo<\/span><\/a><\/li><\/ul><\/div><\/div>\n<div  style='height:50px' class='hr hr-invisible   avia-builder-el-8  el_after_av_social_share  el_before_av_comments_list '><span class='hr-inner ' ><span class='hr-inner-style'><\/span><\/span><\/div>\n<div  class='av-buildercomment  av-blog-meta-html-info-disabled av-blog-meta-tag-disabled  '><\/div>\n","protected":false},"excerpt":{"rendered":"","protected":false},"author":1,"featured_media":64754,"comment_status":"closed","ping_status":"closed","sticky":false,"template":"","format":"standard","meta":{"footnotes":""},"categories":[49],"tags":[],"class_list":["post-64751","post","type-post","status-publish","format-standard","has-post-thumbnail","hentry","category-educacion"],"jetpack_featured_media_url":"https:\/\/radiorevelacionfm.cl\/wp-content\/uploads\/2026\/03\/foto-2-3-2-1_optimized.jpg","_links":{"self":[{"href":"https:\/\/radiorevelacionfm.cl\/index.php?rest_route=\/wp\/v2\/posts\/64751","targetHints":{"allow":["GET"]}}],"collection":[{"href":"https:\/\/radiorevelacionfm.cl\/index.php?rest_route=\/wp\/v2\/posts"}],"about":[{"href":"https:\/\/radiorevelacionfm.cl\/index.php?rest_route=\/wp\/v2\/types\/post"}],"author":[{"embeddable":true,"href":"https:\/\/radiorevelacionfm.cl\/index.php?rest_route=\/wp\/v2\/users\/1"}],"replies":[{"embeddable":true,"href":"https:\/\/radiorevelacionfm.cl\/index.php?rest_route=%2Fwp%2Fv2%2Fcomments&post=64751"}],"version-history":[{"count":2,"href":"https:\/\/radiorevelacionfm.cl\/index.php?rest_route=\/wp\/v2\/posts\/64751\/revisions"}],"predecessor-version":[{"id":64768,"href":"https:\/\/radiorevelacionfm.cl\/index.php?rest_route=\/wp\/v2\/posts\/64751\/revisions\/64768"}],"wp:featuredmedia":[{"embeddable":true,"href":"https:\/\/radiorevelacionfm.cl\/index.php?rest_route=\/wp\/v2\/media\/64754"}],"wp:attachment":[{"href":"https:\/\/radiorevelacionfm.cl\/index.php?rest_route=%2Fwp%2Fv2%2Fmedia&parent=64751"}],"wp:term":[{"taxonomy":"category","embeddable":true,"href":"https:\/\/radiorevelacionfm.cl\/index.php?rest_route=%2Fwp%2Fv2%2Fcategories&post=64751"},{"taxonomy":"post_tag","embeddable":true,"href":"https:\/\/radiorevelacionfm.cl\/index.php?rest_route=%2Fwp%2Fv2%2Ftags&post=64751"}],"curies":[{"name":"wp","href":"https:\/\/api.w.org\/{rel}","templated":true}]}}