{"id":64747,"date":"2026-03-04T17:16:47","date_gmt":"2026-03-04T20:16:47","guid":{"rendered":"https:\/\/radiorevelacionfm.cl\/?p=64747"},"modified":"2026-03-04T17:16:47","modified_gmt":"2026-03-04T20:16:47","slug":"aysen-avanza-en-su-hoja-de-ruta-deportiva-tras-reuniones-estrategicas-se-busca-posicionar-a-la-comuna-como-polo-del-desarrollo-deportivo","status":"publish","type":"post","link":"https:\/\/radiorevelacionfm.cl\/?p=64747","title":{"rendered":"Ays\u00e9n avanza en su hoja de ruta deportiva tras reuniones estrat\u00e9gicas: Se busca posicionar a la comuna como polo del desarrollo deportivo"},"content":{"rendered":"<div class=\"flex_column av_one_full  flex_column_div av-zero-column-padding first  avia-builder-el-0  el_before_av_one_full  avia-builder-el-first  \" style='border-radius:0px; '><div  class='avia-image-container  av-styling-    avia-builder-el-1  avia-builder-el-no-sibling  avia-align-center '  itemprop=\"image\" itemscope=\"itemscope\" itemtype=\"https:\/\/schema.org\/ImageObject\"  ><div class='avia-image-container-inner'><div class='avia-image-overlay-wrap'><img decoding=\"async\" class='wp-image-64748 avia-img-lazy-loading-not-64748 avia_image' src=\"https:\/\/radiorevelacionfm.cl\/wp-content\/uploads\/2026\/03\/img_4-1_optimized-1.jpeg\" alt='' title='img_4-(1)_optimized (1)' height=\"600\" width=\"1067\"  itemprop=\"thumbnailUrl\" srcset=\"https:\/\/radiorevelacionfm.cl\/wp-content\/uploads\/2026\/03\/img_4-1_optimized-1.jpeg 1067w, https:\/\/radiorevelacionfm.cl\/wp-content\/uploads\/2026\/03\/img_4-1_optimized-1-300x169.jpeg 300w, https:\/\/radiorevelacionfm.cl\/wp-content\/uploads\/2026\/03\/img_4-1_optimized-1-1030x579.jpeg 1030w, https:\/\/radiorevelacionfm.cl\/wp-content\/uploads\/2026\/03\/img_4-1_optimized-1-768x432.jpeg 768w, https:\/\/radiorevelacionfm.cl\/wp-content\/uploads\/2026\/03\/img_4-1_optimized-1-705x396.jpeg 705w, https:\/\/radiorevelacionfm.cl\/wp-content\/uploads\/2026\/03\/img_4-1_optimized-1-450x253.jpeg 450w, https:\/\/radiorevelacionfm.cl\/wp-content\/uploads\/2026\/03\/img_4-1_optimized-1-600x337.jpeg 600w\" sizes=\"(max-width: 1067px) 100vw, 1067px\" \/><\/div><\/div><\/div><\/div><div class=\"flex_column av_one_full  flex_column_div av-zero-column-padding first  avia-builder-el-2  el_after_av_one_full  el_before_av_one_full  column-top-margin\" style='border-radius:0px; '><section class=\"av_textblock_section \"  itemscope=\"itemscope\" itemtype=\"https:\/\/schema.org\/BlogPosting\" itemprop=\"blogPost\" ><div class='avia_textblock  '   itemprop=\"text\" ><p style=\"text-align: center;\"><strong><span style=\"font-size: 18pt;\">Ays\u00e9n avanza en su hoja de ruta deportiva tras reuniones estrat\u00e9gicas: Se busca posicionar a la comuna como polo del desarrollo deportivo<\/span><\/strong><\/p>\n<div id=\"gtx-trans\" style=\"position: absolute; left: -50px; top: 4.31534px;\">\n<div class=\"gtx-trans-icon\"><\/div>\n<\/div>\n<\/div><\/section><\/div><div class=\"flex_column av_one_full  flex_column_div av-zero-column-padding first  avia-builder-el-4  el_after_av_one_full  el_before_av_hr  column-top-margin\" style='border-radius:0px; '><section class=\"av_textblock_section \"  itemscope=\"itemscope\" itemtype=\"https:\/\/schema.org\/BlogPosting\" itemprop=\"blogPost\" ><div class='avia_textblock  '   itemprop=\"text\" ><p style=\"text-align: justify;\">En el marco de un viaje que se realiz\u00f3 a Valdivia, el alcalde de Ays\u00e9n Luis Mart\u00ednez y el Director Ejecutivo de la Corporaci\u00f3n de Deportes, Jorge Villegas Coronado, sostuvieron encuentros clave con las federaciones nacionales de b\u00e1squetbol y canotaje.<\/p>\n<p style=\"text-align: justify;\">Con ello, Ays\u00e9n contin\u00faa avanzando en el trazado de su hoja de ruta deportiva y busca posicionar a la comuna como polo del desarrollo deportivo. El alcalde y presidente de la Corporaci\u00f3n de Deportes, Luis Mart\u00ednez, explic\u00f3 los alcances de estos encuentros.<\/p>\n<p style=\"text-align: justify;\">\u201cViajamos en compa\u00f1\u00eda del director de la Corporaci\u00f3n de Deportes, Jorge Villegas, para poder tener diversas reuniones\u201d, enfatizando que una de ellas fue con la presidenta nacional de la Federaci\u00f3n de B\u00e1squetbol chileno, Karin Heerwagen, y con el Presidente de Consubasquet, Ir\u00e1n Arcos.<\/p>\n<p style=\"text-align: justify;\">Lo anterior, en palabras del jefe comunal, fue con \u201cla idea de poder cerrar un convenio, trabajar y que nuestros deportistas tambi\u00e9n puedan ser capacitados\u201d, lo que adem\u00e1s va de la mano con la intenci\u00f3n de llevar algunas competencias a Puerto Ays\u00e9n.<\/p>\n<p style=\"text-align: justify;\"><strong>Potenciando el R\u00edo Ays\u00e9n: El desaf\u00edo del canotaje<\/strong><\/p>\n<p style=\"text-align: justify;\">El b\u00e1squetbol no fue la \u00fanica disciplina abordada, ya que en dependencias del Centro de Alto Rendimiento, sostuvieron una reuni\u00f3n con la presidenta de la Federaci\u00f3n de Canotaje de Chile, M\u00f3nica Hern\u00e1ndez y su equipo directivo.<\/p>\n<p style=\"text-align: justify;\">Seg\u00fan lo precisado por la autoridad, dicha instancia se realiz\u00f3 a fin de \u201ctraer estos botes que uno ve normalmente en el R\u00edo Calle-Calle a remar a Puerto Ays\u00e9n, que vengan a incentivar y que podamos tener una participaci\u00f3n con nuestros deportistas en ese \u00e1mbito\u201d.<\/p>\n<p style=\"text-align: justify;\">Durante el viaje a Valdivia, tambi\u00e9n se analizaron de primera mano las diferentes formas de trabajar en el canotaje tras una visita efectuada al Club Deportivo Centenario. \u201cPudimos conocer las formas de mantener estos botes y a la gente que necesitamos para poder trabajar\u201d, sostuvo el alcalde, manifestando que el recorrido dej\u00f3 una grata sensaci\u00f3n, ya que hubo una buena recepci\u00f3n y porque se sigue creciendo como comuna en el \u00e1mbito deportivo.<\/p>\n<p style=\"text-align: justify;\">Dentro de las visiones que tiene la comuna es revitalizar el r\u00edo Ays\u00e9n incorporando una mayor cantidad de actividades. \u201cHay bastante actividad, pero creemos que hoy d\u00eda tenemos que entrar ya en una etapa de consolidaci\u00f3n y que nuestros vecinos, que a veces no tienen la oportunidad de tener un bote o estar en uno, puedan hacerlo\u201d, concluy\u00f3 al respecto.<\/p>\n<\/div><\/section><\/div><div  style='height:50px' class='hr hr-invisible   avia-builder-el-6  el_after_av_one_full  el_before_av_social_share '><span class='hr-inner ' ><span class='hr-inner-style'><\/span><\/span><\/div><\/p>\n<div  class='av-social-sharing-box  avia-builder-el-7  el_after_av_hr  el_before_av_hr  '><div class='av-share-box'><h5 class='av-share-link-description av-no-toc '>Compartir esta noticia<\/h5><ul class='av-share-box-list noLightbox'><li class='av-share-link av-social-link-facebook' ><a target=\"_blank\" aria-label=\"Compartir en Facebook\" href='https:\/\/www.facebook.com\/sharer.php?u=https:\/\/radiorevelacionfm.cl\/?p=64747&#038;t=Ays%C3%A9n%20avanza%20en%20su%20hoja%20de%20ruta%20deportiva%20tras%20reuniones%20estrat%C3%A9gicas%3A%20Se%20busca%20posicionar%20a%20la%20comuna%20como%20polo%20del%20desarrollo%20deportivo' aria-hidden='false' data-av_icon='\ue8f3' data-av_iconfont='entypo-fontello' title='' data-avia-related-tooltip='Compartir en Facebook' rel=\"noopener\"><span class='avia_hidden_link_text'>Compartir en Facebook<\/span><\/a><\/li><li class='av-share-link av-social-link-twitter' ><a target=\"_blank\" aria-label=\"Compartir en Twitter\" href='https:\/\/twitter.com\/share?text=Ays%C3%A9n%20avanza%20en%20su%20hoja%20de%20ruta%20deportiva%20tras%20reuniones%20estrat%C3%A9gicas%3A%20Se%20busca%20posicionar%20a%20la%20comuna%20como%20polo%20del%20desarrollo%20deportivo&#038;url=https:\/\/radiorevelacionfm.cl\/?p=64747' aria-hidden='false' data-av_icon='\ue8f1' data-av_iconfont='entypo-fontello' title='' data-avia-related-tooltip='Compartir en Twitter' rel=\"noopener\"><span class='avia_hidden_link_text'>Compartir en Twitter<\/span><\/a><\/li><li class='av-share-link av-social-link-whatsapp' ><a target=\"_blank\" aria-label=\"Compartir en Whatsapp\" href='https:\/\/api.whatsapp.com\/send?text=https:\/\/radiorevelacionfm.cl\/?p=64747' aria-hidden='false' data-av_icon='\uf232' data-av_iconfont='entypo-fontello' title='' data-avia-related-tooltip='Compartir en Whatsapp' rel=\"noopener\"><span class='avia_hidden_link_text'>Compartir en Whatsapp<\/span><\/a><\/li><li class='av-share-link av-social-link-linkedin' ><a target=\"_blank\" aria-label=\"Compartir en LinkedIn\" href='https:\/\/linkedin.com\/shareArticle?mini=true&#038;title=Ays%C3%A9n%20avanza%20en%20su%20hoja%20de%20ruta%20deportiva%20tras%20reuniones%20estrat%C3%A9gicas%3A%20Se%20busca%20posicionar%20a%20la%20comuna%20como%20polo%20del%20desarrollo%20deportivo&#038;url=https:\/\/radiorevelacionfm.cl\/?p=64747' aria-hidden='false' data-av_icon='\ue8fc' data-av_iconfont='entypo-fontello' title='' data-avia-related-tooltip='Compartir en LinkedIn' rel=\"noopener\"><span class='avia_hidden_link_text'>Compartir en LinkedIn<\/span><\/a><\/li><li class='av-share-link av-social-link-mail' ><a  aria-label=\"Compartir por correo\" href='mailto:?subject=Ays%C3%A9n%20avanza%20en%20su%20hoja%20de%20ruta%20deportiva%20tras%20reuniones%20estrat%C3%A9gicas%3A%20Se%20busca%20posicionar%20a%20la%20comuna%20como%20polo%20del%20desarrollo%20deportivo&#038;body=https:\/\/radiorevelacionfm.cl\/?p=64747' aria-hidden='false' data-av_icon='\ue805' data-av_iconfont='entypo-fontello' title='' data-avia-related-tooltip='Compartir por correo'><span class='avia_hidden_link_text'>Compartir por correo<\/span><\/a><\/li><\/ul><\/div><\/div>\n<div  style='height:50px' class='hr hr-invisible   avia-builder-el-8  el_after_av_social_share  el_before_av_comments_list '><span class='hr-inner ' ><span class='hr-inner-style'><\/span><\/span><\/div>\n<div  class='av-buildercomment  av-blog-meta-html-info-disabled av-blog-meta-tag-disabled  '><\/div>\n","protected":false},"excerpt":{"rendered":"","protected":false},"author":1,"featured_media":64748,"comment_status":"closed","ping_status":"closed","sticky":false,"template":"","format":"standard","meta":{"footnotes":""},"categories":[38],"tags":[],"class_list":["post-64747","post","type-post","status-publish","format-standard","has-post-thumbnail","hentry","category-regional"],"jetpack_featured_media_url":"https:\/\/radiorevelacionfm.cl\/wp-content\/uploads\/2026\/03\/img_4-1_optimized-1.jpeg","_links":{"self":[{"href":"https:\/\/radiorevelacionfm.cl\/index.php?rest_route=\/wp\/v2\/posts\/64747","targetHints":{"allow":["GET"]}}],"collection":[{"href":"https:\/\/radiorevelacionfm.cl\/index.php?rest_route=\/wp\/v2\/posts"}],"about":[{"href":"https:\/\/radiorevelacionfm.cl\/index.php?rest_route=\/wp\/v2\/types\/post"}],"author":[{"embeddable":true,"href":"https:\/\/radiorevelacionfm.cl\/index.php?rest_route=\/wp\/v2\/users\/1"}],"replies":[{"embeddable":true,"href":"https:\/\/radiorevelacionfm.cl\/index.php?rest_route=%2Fwp%2Fv2%2Fcomments&post=64747"}],"version-history":[{"count":2,"href":"https:\/\/radiorevelacionfm.cl\/index.php?rest_route=\/wp\/v2\/posts\/64747\/revisions"}],"predecessor-version":[{"id":64750,"href":"https:\/\/radiorevelacionfm.cl\/index.php?rest_route=\/wp\/v2\/posts\/64747\/revisions\/64750"}],"wp:featuredmedia":[{"embeddable":true,"href":"https:\/\/radiorevelacionfm.cl\/index.php?rest_route=\/wp\/v2\/media\/64748"}],"wp:attachment":[{"href":"https:\/\/radiorevelacionfm.cl\/index.php?rest_route=%2Fwp%2Fv2%2Fmedia&parent=64747"}],"wp:term":[{"taxonomy":"category","embeddable":true,"href":"https:\/\/radiorevelacionfm.cl\/index.php?rest_route=%2Fwp%2Fv2%2Fcategories&post=64747"},{"taxonomy":"post_tag","embeddable":true,"href":"https:\/\/radiorevelacionfm.cl\/index.php?rest_route=%2Fwp%2Fv2%2Ftags&post=64747"}],"curies":[{"name":"wp","href":"https:\/\/api.w.org\/{rel}","templated":true}]}}