{"id":64743,"date":"2026-03-04T16:59:48","date_gmt":"2026-03-04T19:59:48","guid":{"rendered":"https:\/\/radiorevelacionfm.cl\/?p=64743"},"modified":"2026-03-04T16:59:48","modified_gmt":"2026-03-04T19:59:48","slug":"cerca-de-200-familias-se-preparan-para-recibir-sus-departamentos-en-el-proyecto-habitacional-lomas-2-de-coyhaique","status":"publish","type":"post","link":"https:\/\/radiorevelacionfm.cl\/?p=64743","title":{"rendered":"Cerca de 200 familias se preparan para recibir sus departamentos en el proyecto habitacional Lomas 2 de Coyhaique"},"content":{"rendered":"<div class=\"flex_column av_one_full  flex_column_div av-zero-column-padding first  avia-builder-el-0  el_before_av_one_full  avia-builder-el-first  \" style='border-radius:0px; '><div  class='avia-image-container  av-styling-    avia-builder-el-1  avia-builder-el-no-sibling  avia-align-center '  itemprop=\"image\" itemscope=\"itemscope\" itemtype=\"https:\/\/schema.org\/ImageObject\"  ><div class='avia-image-container-inner'><div class='avia-image-overlay-wrap'><img decoding=\"async\" class='wp-image-64744 avia-img-lazy-loading-not-64744 avia_image' src=\"https:\/\/radiorevelacionfm.cl\/wp-content\/uploads\/2026\/03\/whatsapp-image-2026-03-04-at-8_optimized.16.05-am-1.jpeg\" alt='' title='whatsapp-image-2026-03-04-at-8_optimized.16.05-am-(1)' height=\"600\" width=\"800\"  itemprop=\"thumbnailUrl\" srcset=\"https:\/\/radiorevelacionfm.cl\/wp-content\/uploads\/2026\/03\/whatsapp-image-2026-03-04-at-8_optimized.16.05-am-1.jpeg 800w, https:\/\/radiorevelacionfm.cl\/wp-content\/uploads\/2026\/03\/whatsapp-image-2026-03-04-at-8_optimized.16.05-am-1-300x225.jpeg 300w, https:\/\/radiorevelacionfm.cl\/wp-content\/uploads\/2026\/03\/whatsapp-image-2026-03-04-at-8_optimized.16.05-am-1-768x576.jpeg 768w, https:\/\/radiorevelacionfm.cl\/wp-content\/uploads\/2026\/03\/whatsapp-image-2026-03-04-at-8_optimized.16.05-am-1-705x529.jpeg 705w, https:\/\/radiorevelacionfm.cl\/wp-content\/uploads\/2026\/03\/whatsapp-image-2026-03-04-at-8_optimized.16.05-am-1-450x338.jpeg 450w, https:\/\/radiorevelacionfm.cl\/wp-content\/uploads\/2026\/03\/whatsapp-image-2026-03-04-at-8_optimized.16.05-am-1-600x450.jpeg 600w\" sizes=\"(max-width: 800px) 100vw, 800px\" \/><\/div><\/div><\/div><\/div><div class=\"flex_column av_one_full  flex_column_div av-zero-column-padding first  avia-builder-el-2  el_after_av_one_full  el_before_av_one_full  column-top-margin\" style='border-radius:0px; '><section class=\"av_textblock_section \"  itemscope=\"itemscope\" itemtype=\"https:\/\/schema.org\/BlogPosting\" itemprop=\"blogPost\" ><div class='avia_textblock  '   itemprop=\"text\" ><p style=\"text-align: center;\"><strong><span style=\"font-size: 18pt;\">Cerca de 200 familias se preparan para recibir sus departamentos en el proyecto habitacional Lomas 2 de Coyhaique<\/span><\/strong><\/p>\n<div id=\"gtx-trans\" style=\"position: absolute; left: -50px; top: 4.31534px;\">\n<div class=\"gtx-trans-icon\"><\/div>\n<\/div>\n<\/div><\/section><\/div><div class=\"flex_column av_one_full  flex_column_div av-zero-column-padding first  avia-builder-el-4  el_after_av_one_full  el_before_av_hr  column-top-margin\" style='border-radius:0px; '><section class=\"av_textblock_section \"  itemscope=\"itemscope\" itemtype=\"https:\/\/schema.org\/BlogPosting\" itemprop=\"blogPost\" ><div class='avia_textblock  '   itemprop=\"text\" ><p style=\"text-align: justify;\">En los \u00faltimos tr\u00e1mites para su recepci\u00f3n final por parte de la Direcci\u00f3n de Obras Municipales y posterior entrega a los futuros propietarios se encuentran los 192 departamentos del proyecto habitacional Lomas II de Coyhaique, el que construye la inmobiliaria Icuadra en el sector alto de la ciudad.<\/p>\n<p style=\"text-align: justify;\">As\u00ed lo confirm\u00f3 la Seremi de Vivienda, Paulina Ruz Delf\u00edn, tras visitar junto a algunas familias el condominio que forma parte del primer proyecto de Integraci\u00f3n Social y Territorial de la regi\u00f3n de Ays\u00e9n, donde adem\u00e1s de la oferta privada se considera un porcentaje de departamentos, en este caso 41 cupos, para ser adquiridos con subsidios que entrega el Estado tanto para familias de clase media como de sectores vulnerables.<\/p>\n<p style=\"text-align: justify;\">Record\u00f3 la autoridad que este gran proyecto forma parte de la gesti\u00f3n del Gobierno que cumpli\u00f3 hace algunos d\u00edas con su meta de entregar 260 mil viviendas sociales en el pa\u00eds durante los cuatro a\u00f1os de gesti\u00f3n. \u201cEsto para nosotros como Gobierno es importante, ya que cumplimos antes nuestra meta del Plan de Emergencia Habitacional, pero esto tambi\u00e9n deja un legado de c\u00f3mo se tiene que construir la pol\u00edtica social en beneficio de las familias que lo necesiten y tambi\u00e9n de aquellas familias que son de sectores medios que puedan acceder a una vivienda de calidad, donde tambi\u00e9n nos preocupamos de la inversi\u00f3n, de la planificaci\u00f3n en materia habitacional y urbana y tambi\u00e9n de crear mejores ciudades, con barrios m\u00e1s justos y seguros para la vida en comunidad. En el caso de Lomas II, logramos reactivar este proyecto y ahora se incorporan estos 192 departamentos, donde luego de algunos tr\u00e1mites administrativos, van a poder ser entregados, donde la idea es que m\u00e1s empresas puedan invertir en la regi\u00f3n de Ays\u00e9n y con ello fomentar tambi\u00e9n el empleo\u201d, indic\u00f3.<\/p>\n<p style=\"text-align: justify;\">Tras un recorrido por el edificio, una de las futuras beneficiarias, Tamara Antim\u00e1n, se mostr\u00f3 feliz y ansiosa por recibir su esperada soluci\u00f3n. \u201cLa verdad es muy satisfactorio tener el agrado de poder recibir mi casita, ya que igual estuve mucho tiempo en un comit\u00e9 esperando respuesta, a\u00f1os que como joven hay que esperar para tener una casita. Estoy muy orgullosa de esta oportunidad, porque tengo 24 a\u00f1os, con una beb\u00e9 de un a\u00f1o y medio. Por eso hoy me siento muy agradecida del Gobierno, de la autoridad, de las gestiones, de los proyectos que nos dan como j\u00f3venes para obtener nuestra soluci\u00f3n en todos los proyectos sociales\u201d, afirm\u00f3.<\/p>\n<p style=\"text-align: justify;\">Tambi\u00e9n la se\u00f1ora Marcia Arancibia pudo conocer el lugar donde se proyecta su futuro y se mostr\u00f3 agradecida por esta gran oportunidad. \u201cYo llevaba muchos a\u00f1os postulando en Serviu para poder tener mi casita y gracias a Dios este a\u00f1o se dio. As\u00ed que muy agradecida de este Gobierno, de toda la gesti\u00f3n que han hecho y la verdad que es un sue\u00f1o, un sue\u00f1o para muchas personas que so\u00f1amos toda la vida con tener una casita y ahora ya la logramos\u201d, manifest\u00f3.<\/p>\n<p style=\"text-align: justify;\">En el encuentro participaron tambi\u00e9n la Seremi de la Mujer y Equidad de G\u00e9nero, Isidora Gacit\u00faa y la Seremi de Gobierno, \u00darsula Mix, quienes compartieron con las familias y destacaron los avances del Gobierno en materia habitacional y urbana para las familias de la regi\u00f3n. \u201cEsta pol\u00edtica del Plan de Emergencia Habitacional ha sido una pol\u00edtica p\u00fablica que le ha tra\u00eddo mucho bienestar a las personas. He tenido la suerte de participar en muchas de las entregas y la gente est\u00e1 fascinada, conociendo su espacio, son lugares seguros, con lindas construcciones, calentita, que uno sabe que ah\u00ed va a tener un hogar de verdad, que va a ser un espacio amable para ella y su familia. Entonces, de verdad ha sido un honor ver c\u00f3mo las personas cumplen sus sue\u00f1os, con todo el esfuerzo y el trabajo que hay detr\u00e1s\u201d, afirmo la Seremi de Gobierno.<\/p>\n<p style=\"text-align: justify;\">Finalmente, la agente comercial de la Inmobiliaria Icuadra, Paola Oyarz\u00fan, tambi\u00e9n destac\u00f3 el trabajo realizado y los buenos resultados de la alianza p\u00fablico privada en la regi\u00f3n. \u201cHemos realizado un arduo trabajo junto a la Seremi, muy agradecida de ella, de la gesti\u00f3n, y tambi\u00e9n de la empresa privada Ingevec, que nos apoy\u00f3 con la construcci\u00f3n del condominio. Y agradecida tambi\u00e9n de las familias que han acogido muy bien nuestro proyecto\u201d, concluy\u00f3.<\/p>\n<p style=\"text-align: justify;\">Cabe recordar que el proyecto Lomas II consider\u00f3 la construcci\u00f3n de 192 departamentos en cinco torres de cuatro pisos, incluyendo \u00e1reas verdes y estacionamientos, ofreciendo a las familias una nueva alternativa de soluci\u00f3n habitacional en altura, la que tuvo positiva acogida con la primera etapa del condominio.<\/p>\n<\/div><\/section><\/div><div  style='height:50px' class='hr hr-invisible   avia-builder-el-6  el_after_av_one_full  el_before_av_social_share '><span class='hr-inner ' ><span class='hr-inner-style'><\/span><\/span><\/div><\/p>\n<div  class='av-social-sharing-box  avia-builder-el-7  el_after_av_hr  el_before_av_hr  '><div class='av-share-box'><h5 class='av-share-link-description av-no-toc '>Compartir esta noticia<\/h5><ul class='av-share-box-list noLightbox'><li class='av-share-link av-social-link-facebook' ><a target=\"_blank\" aria-label=\"Compartir en Facebook\" href='https:\/\/www.facebook.com\/sharer.php?u=https:\/\/radiorevelacionfm.cl\/?p=64743&#038;t=Cerca%20de%20200%20familias%20se%20preparan%20para%20recibir%20sus%20departamentos%20en%20el%20proyecto%20habitacional%20Lomas%202%20de%20Coyhaique' aria-hidden='false' data-av_icon='\ue8f3' data-av_iconfont='entypo-fontello' title='' data-avia-related-tooltip='Compartir en Facebook' rel=\"noopener\"><span class='avia_hidden_link_text'>Compartir en Facebook<\/span><\/a><\/li><li class='av-share-link av-social-link-twitter' ><a target=\"_blank\" aria-label=\"Compartir en Twitter\" href='https:\/\/twitter.com\/share?text=Cerca%20de%20200%20familias%20se%20preparan%20para%20recibir%20sus%20departamentos%20en%20el%20proyecto%20habitacional%20Lomas%202%20de%20Coyhaique&#038;url=https:\/\/radiorevelacionfm.cl\/?p=64743' aria-hidden='false' data-av_icon='\ue8f1' data-av_iconfont='entypo-fontello' title='' data-avia-related-tooltip='Compartir en Twitter' rel=\"noopener\"><span class='avia_hidden_link_text'>Compartir en Twitter<\/span><\/a><\/li><li class='av-share-link av-social-link-whatsapp' ><a target=\"_blank\" aria-label=\"Compartir en Whatsapp\" href='https:\/\/api.whatsapp.com\/send?text=https:\/\/radiorevelacionfm.cl\/?p=64743' aria-hidden='false' data-av_icon='\uf232' data-av_iconfont='entypo-fontello' title='' data-avia-related-tooltip='Compartir en Whatsapp' rel=\"noopener\"><span class='avia_hidden_link_text'>Compartir en Whatsapp<\/span><\/a><\/li><li class='av-share-link av-social-link-linkedin' ><a target=\"_blank\" aria-label=\"Compartir en LinkedIn\" href='https:\/\/linkedin.com\/shareArticle?mini=true&#038;title=Cerca%20de%20200%20familias%20se%20preparan%20para%20recibir%20sus%20departamentos%20en%20el%20proyecto%20habitacional%20Lomas%202%20de%20Coyhaique&#038;url=https:\/\/radiorevelacionfm.cl\/?p=64743' aria-hidden='false' data-av_icon='\ue8fc' data-av_iconfont='entypo-fontello' title='' data-avia-related-tooltip='Compartir en LinkedIn' rel=\"noopener\"><span class='avia_hidden_link_text'>Compartir en LinkedIn<\/span><\/a><\/li><li class='av-share-link av-social-link-mail' ><a  aria-label=\"Compartir por correo\" href='mailto:?subject=Cerca%20de%20200%20familias%20se%20preparan%20para%20recibir%20sus%20departamentos%20en%20el%20proyecto%20habitacional%20Lomas%202%20de%20Coyhaique&#038;body=https:\/\/radiorevelacionfm.cl\/?p=64743' aria-hidden='false' data-av_icon='\ue805' data-av_iconfont='entypo-fontello' title='' data-avia-related-tooltip='Compartir por correo'><span class='avia_hidden_link_text'>Compartir por correo<\/span><\/a><\/li><\/ul><\/div><\/div>\n<div  style='height:50px' class='hr hr-invisible   avia-builder-el-8  el_after_av_social_share  el_before_av_comments_list '><span class='hr-inner ' ><span class='hr-inner-style'><\/span><\/span><\/div>\n<div  class='av-buildercomment  av-blog-meta-html-info-disabled av-blog-meta-tag-disabled  '><\/div>\n","protected":false},"excerpt":{"rendered":"","protected":false},"author":1,"featured_media":64744,"comment_status":"closed","ping_status":"closed","sticky":false,"template":"","format":"standard","meta":{"footnotes":""},"categories":[57],"tags":[],"class_list":["post-64743","post","type-post","status-publish","format-standard","has-post-thumbnail","hentry","category-vivienda"],"jetpack_featured_media_url":"https:\/\/radiorevelacionfm.cl\/wp-content\/uploads\/2026\/03\/whatsapp-image-2026-03-04-at-8_optimized.16.05-am-1.jpeg","_links":{"self":[{"href":"https:\/\/radiorevelacionfm.cl\/index.php?rest_route=\/wp\/v2\/posts\/64743","targetHints":{"allow":["GET"]}}],"collection":[{"href":"https:\/\/radiorevelacionfm.cl\/index.php?rest_route=\/wp\/v2\/posts"}],"about":[{"href":"https:\/\/radiorevelacionfm.cl\/index.php?rest_route=\/wp\/v2\/types\/post"}],"author":[{"embeddable":true,"href":"https:\/\/radiorevelacionfm.cl\/index.php?rest_route=\/wp\/v2\/users\/1"}],"replies":[{"embeddable":true,"href":"https:\/\/radiorevelacionfm.cl\/index.php?rest_route=%2Fwp%2Fv2%2Fcomments&post=64743"}],"version-history":[{"count":2,"href":"https:\/\/radiorevelacionfm.cl\/index.php?rest_route=\/wp\/v2\/posts\/64743\/revisions"}],"predecessor-version":[{"id":64746,"href":"https:\/\/radiorevelacionfm.cl\/index.php?rest_route=\/wp\/v2\/posts\/64743\/revisions\/64746"}],"wp:featuredmedia":[{"embeddable":true,"href":"https:\/\/radiorevelacionfm.cl\/index.php?rest_route=\/wp\/v2\/media\/64744"}],"wp:attachment":[{"href":"https:\/\/radiorevelacionfm.cl\/index.php?rest_route=%2Fwp%2Fv2%2Fmedia&parent=64743"}],"wp:term":[{"taxonomy":"category","embeddable":true,"href":"https:\/\/radiorevelacionfm.cl\/index.php?rest_route=%2Fwp%2Fv2%2Fcategories&post=64743"},{"taxonomy":"post_tag","embeddable":true,"href":"https:\/\/radiorevelacionfm.cl\/index.php?rest_route=%2Fwp%2Fv2%2Ftags&post=64743"}],"curies":[{"name":"wp","href":"https:\/\/api.w.org\/{rel}","templated":true}]}}