{"id":6474,"date":"2021-07-20T20:13:09","date_gmt":"2021-07-20T23:13:09","guid":{"rendered":"https:\/\/radiorevelacionfm.cl\/?p=6474"},"modified":"2021-07-20T20:13:09","modified_gmt":"2021-07-20T23:13:09","slug":"inician-pago-del-mes-de-junio-del-ingreso-familiar-de-emergencia-ife-universal","status":"publish","type":"post","link":"https:\/\/radiorevelacionfm.cl\/?p=6474","title":{"rendered":"Inician pago del mes de junio del Ingreso Familiar de Emergencia (IFE) Universal"},"content":{"rendered":"<div class=\"flex_column av_one_full  flex_column_div av-zero-column-padding first  avia-builder-el-0  el_before_av_one_full  avia-builder-el-first  \" style='border-radius:0px; '><div  class='avia-image-container  av-styling-    avia-builder-el-1  avia-builder-el-no-sibling  avia-align-center '  itemprop=\"image\" itemscope=\"itemscope\" itemtype=\"https:\/\/schema.org\/ImageObject\"  ><div class='avia-image-container-inner'><div class='avia-image-overlay-wrap'><img decoding=\"async\" class='wp-image-0 avia-img-lazy-loading-not-0 avia_image' src=\"https:\/\/radiorevelacionfm.cl\/wp-content\/uploads\/2021\/07\/1-52-1_optimized.jpg\" alt='' title=''   itemprop=\"thumbnailUrl\"  \/><\/div><\/div><\/div><\/div><div class=\"flex_column av_one_full  flex_column_div av-zero-column-padding first  avia-builder-el-2  el_after_av_one_full  el_before_av_one_full  column-top-margin\" style='border-radius:0px; '><section class=\"av_textblock_section \"  itemscope=\"itemscope\" itemtype=\"https:\/\/schema.org\/BlogPosting\" itemprop=\"blogPost\" ><div class='avia_textblock  '   itemprop=\"text\" ><p style=\"text-align: center;\"><strong><span style=\"font-size: 18pt;\">Inician pago del mes de junio del Ingreso Familiar de Emergencia (IFE) Universal<\/span><\/strong><\/p>\n<div id=\"gtx-trans\" style=\"position: absolute; left: -50px; top: 4.31534px;\">\n<div class=\"gtx-trans-icon\"><\/div>\n<\/div>\n<\/div><\/section><\/div><div class=\"flex_column av_one_full  flex_column_div av-zero-column-padding first  avia-builder-el-4  el_after_av_one_full  el_before_av_hr  column-top-margin\" style='border-radius:0px; '><section class=\"av_textblock_section \"  itemscope=\"itemscope\" itemtype=\"https:\/\/schema.org\/BlogPosting\" itemprop=\"blogPost\" ><div class='avia_textblock  '   itemprop=\"text\" ><p style=\"text-align: justify;\">El Ingreso Familiar de Emergencia (IFE) Universal ser\u00e1 pagado por adelantado a partir de este martes, para aquellos beneficiarios que postularon al beneficio entre el 21 y 30 de junio y que tienen Registro Social de Hogares (RSH). Ellos se suman a los beneficiarios autom\u00e1ticos y a quienes postularon en el primer corte de postulaciones (5 al 15 de junio).<\/p>\n<p style=\"text-align: justify;\">El Delegado Presidencial de la provincia de Ays\u00e9n Manuel Ortiz se\u00f1alaba del esfuerzo del Gobierno del Presidente Pi\u00f1era en poder adelantar estos pagos para las familias que lo han pasado mal producto de la pandemia \u201cen nuestras conversaciones que hemos tenido en cada visita que realizamos a las familias, nos hemos podido percatar de lo beneficioso que es para las familias recibir este aporte social, m\u00e1s a\u00fan porque las realidades por las condiciones de vida en nuestra provincia son completamente distintas a las que viven familias en el norte del pa\u00eds, as\u00ed que mejor a\u00fan con esta buena noticia que aquellos que postularon en el mes de julio desde hoy (martes) podr\u00e1n cobrar este beneficio\u201d.<\/p>\n<p style=\"text-align: justify;\">Otra noticia importante destacada por el Delegado Presidencial Provincial es que aquellos que tienen sus pagos como vencidos este 2020 podr\u00e1n ser cobrados a contar desde este viernes 23 de julio \u201cdoble raz\u00f3n para estar contentos, esto porque por alg\u00fan motivo familias no pudieron cobrar el IFE durante el a\u00f1o pasado y tras el trabajo coordinado con los servicios p\u00fablicos vimos reflejado esta situaci\u00f3n a nivel central y el Presidente teniendo todos los antecedentes a nivel pa\u00eds realiz\u00f3 estas gestiones para darle alivio a las familias chilenas\u201d.<\/p>\n<p style=\"text-align: justify;\">Los pagos que estaban considerados como vencidos, podr\u00e1n ser cobrados de manera presencial en caja de Compensaci\u00f3n Los H\u00e9roes, y a trav\u00e9s de BancoEstado el pago ser\u00e1 por dep\u00f3sito.<\/p>\n<\/div><\/section><\/div><div  style='height:50px' class='hr hr-invisible   avia-builder-el-6  el_after_av_one_full  el_before_av_social_share '><span class='hr-inner ' ><span class='hr-inner-style'><\/span><\/span><\/div><\/p>\n<div  class='av-social-sharing-box  avia-builder-el-7  el_after_av_hr  el_before_av_hr  '><div class='av-share-box'><h5 class='av-share-link-description av-no-toc '>Compartir esta noticia<\/h5><ul class='av-share-box-list noLightbox'><li class='av-share-link av-social-link-facebook' ><a target=\"_blank\" aria-label=\"Compartir en Facebook\" href='https:\/\/www.facebook.com\/sharer.php?u=https:\/\/radiorevelacionfm.cl\/?p=6474&#038;t=Inician%20pago%20del%20mes%20de%20junio%20del%20Ingreso%20Familiar%20de%20Emergencia%20%28IFE%29%20Universal' aria-hidden='false' data-av_icon='\ue8f3' data-av_iconfont='entypo-fontello' title='' data-avia-related-tooltip='Compartir en Facebook' rel=\"noopener\"><span class='avia_hidden_link_text'>Compartir en Facebook<\/span><\/a><\/li><li class='av-share-link av-social-link-twitter' ><a target=\"_blank\" aria-label=\"Compartir en Twitter\" href='https:\/\/twitter.com\/share?text=Inician%20pago%20del%20mes%20de%20junio%20del%20Ingreso%20Familiar%20de%20Emergencia%20%28IFE%29%20Universal&#038;url=https:\/\/radiorevelacionfm.cl\/?p=6474' aria-hidden='false' data-av_icon='\ue8f1' data-av_iconfont='entypo-fontello' title='' data-avia-related-tooltip='Compartir en Twitter' rel=\"noopener\"><span class='avia_hidden_link_text'>Compartir en Twitter<\/span><\/a><\/li><li class='av-share-link av-social-link-whatsapp' ><a target=\"_blank\" aria-label=\"Compartir en Whatsapp\" href='https:\/\/api.whatsapp.com\/send?text=https:\/\/radiorevelacionfm.cl\/?p=6474' aria-hidden='false' data-av_icon='\uf232' data-av_iconfont='entypo-fontello' title='' data-avia-related-tooltip='Compartir en Whatsapp' rel=\"noopener\"><span class='avia_hidden_link_text'>Compartir en Whatsapp<\/span><\/a><\/li><li class='av-share-link av-social-link-linkedin' ><a target=\"_blank\" aria-label=\"Compartir en LinkedIn\" href='https:\/\/linkedin.com\/shareArticle?mini=true&#038;title=Inician%20pago%20del%20mes%20de%20junio%20del%20Ingreso%20Familiar%20de%20Emergencia%20%28IFE%29%20Universal&#038;url=https:\/\/radiorevelacionfm.cl\/?p=6474' aria-hidden='false' data-av_icon='\ue8fc' data-av_iconfont='entypo-fontello' title='' data-avia-related-tooltip='Compartir en LinkedIn' rel=\"noopener\"><span class='avia_hidden_link_text'>Compartir en LinkedIn<\/span><\/a><\/li><li class='av-share-link av-social-link-mail' ><a  aria-label=\"Compartir por correo\" href='mailto:?subject=Inician%20pago%20del%20mes%20de%20junio%20del%20Ingreso%20Familiar%20de%20Emergencia%20%28IFE%29%20Universal&#038;body=https:\/\/radiorevelacionfm.cl\/?p=6474' aria-hidden='false' data-av_icon='\ue805' data-av_iconfont='entypo-fontello' title='' data-avia-related-tooltip='Compartir por correo'><span class='avia_hidden_link_text'>Compartir por correo<\/span><\/a><\/li><\/ul><\/div><\/div>\n<div  style='height:50px' class='hr hr-invisible   avia-builder-el-8  el_after_av_social_share  el_before_av_comments_list '><span class='hr-inner ' ><span class='hr-inner-style'><\/span><\/span><\/div>\n<div  class='av-buildercomment  av-blog-meta-html-info-disabled av-blog-meta-tag-disabled  '><\/div>\n","protected":false},"excerpt":{"rendered":"","protected":false},"author":1,"featured_media":0,"comment_status":"open","ping_status":"open","sticky":false,"template":"","format":"standard","meta":{"footnotes":""},"categories":[38],"tags":[],"class_list":["post-6474","post","type-post","status-publish","format-standard","hentry","category-regional"],"jetpack_featured_media_url":"","_links":{"self":[{"href":"https:\/\/radiorevelacionfm.cl\/index.php?rest_route=\/wp\/v2\/posts\/6474","targetHints":{"allow":["GET"]}}],"collection":[{"href":"https:\/\/radiorevelacionfm.cl\/index.php?rest_route=\/wp\/v2\/posts"}],"about":[{"href":"https:\/\/radiorevelacionfm.cl\/index.php?rest_route=\/wp\/v2\/types\/post"}],"author":[{"embeddable":true,"href":"https:\/\/radiorevelacionfm.cl\/index.php?rest_route=\/wp\/v2\/users\/1"}],"replies":[{"embeddable":true,"href":"https:\/\/radiorevelacionfm.cl\/index.php?rest_route=%2Fwp%2Fv2%2Fcomments&post=6474"}],"version-history":[{"count":1,"href":"https:\/\/radiorevelacionfm.cl\/index.php?rest_route=\/wp\/v2\/posts\/6474\/revisions"}],"predecessor-version":[{"id":6476,"href":"https:\/\/radiorevelacionfm.cl\/index.php?rest_route=\/wp\/v2\/posts\/6474\/revisions\/6476"}],"wp:attachment":[{"href":"https:\/\/radiorevelacionfm.cl\/index.php?rest_route=%2Fwp%2Fv2%2Fmedia&parent=6474"}],"wp:term":[{"taxonomy":"category","embeddable":true,"href":"https:\/\/radiorevelacionfm.cl\/index.php?rest_route=%2Fwp%2Fv2%2Fcategories&post=6474"},{"taxonomy":"post_tag","embeddable":true,"href":"https:\/\/radiorevelacionfm.cl\/index.php?rest_route=%2Fwp%2Fv2%2Ftags&post=6474"}],"curies":[{"name":"wp","href":"https:\/\/api.w.org\/{rel}","templated":true}]}}