{"id":64739,"date":"2026-03-04T16:42:07","date_gmt":"2026-03-04T19:42:07","guid":{"rendered":"https:\/\/radiorevelacionfm.cl\/?p=64739"},"modified":"2026-03-04T16:42:07","modified_gmt":"2026-03-04T19:42:07","slug":"coyhaique-inician-trabajos-en-nuevas-bahias-de-estacionamiento-y-baldosas-para-transito-universal-en-calle-freire","status":"publish","type":"post","link":"https:\/\/radiorevelacionfm.cl\/?p=64739","title":{"rendered":"Coyhaique: Inician trabajos en nuevas bah\u00edas de estacionamiento y baldosas para tr\u00e1nsito universal en calle Freire"},"content":{"rendered":"<div class=\"flex_column av_one_full  flex_column_div av-zero-column-padding first  avia-builder-el-0  el_before_av_one_full  avia-builder-el-first  \" style='border-radius:0px; '><div  class='avia-image-container  av-styling-    avia-builder-el-1  avia-builder-el-no-sibling  avia-align-center '  itemprop=\"image\" itemscope=\"itemscope\" itemtype=\"https:\/\/schema.org\/ImageObject\"  ><div class='avia-image-container-inner'><div class='avia-image-overlay-wrap'><img decoding=\"async\" class='wp-image-64740 avia-img-lazy-loading-not-64740 avia_image' src=\"https:\/\/radiorevelacionfm.cl\/wp-content\/uploads\/2026\/03\/img_7337-1_optimized.jpg\" alt='' title='img_7337-(1)_optimized' height=\"600\" width=\"800\"  itemprop=\"thumbnailUrl\" srcset=\"https:\/\/radiorevelacionfm.cl\/wp-content\/uploads\/2026\/03\/img_7337-1_optimized.jpg 800w, https:\/\/radiorevelacionfm.cl\/wp-content\/uploads\/2026\/03\/img_7337-1_optimized-300x225.jpg 300w, https:\/\/radiorevelacionfm.cl\/wp-content\/uploads\/2026\/03\/img_7337-1_optimized-768x576.jpg 768w, https:\/\/radiorevelacionfm.cl\/wp-content\/uploads\/2026\/03\/img_7337-1_optimized-705x529.jpg 705w, https:\/\/radiorevelacionfm.cl\/wp-content\/uploads\/2026\/03\/img_7337-1_optimized-450x338.jpg 450w, https:\/\/radiorevelacionfm.cl\/wp-content\/uploads\/2026\/03\/img_7337-1_optimized-600x450.jpg 600w\" sizes=\"(max-width: 800px) 100vw, 800px\" \/><\/div><\/div><\/div><\/div><div class=\"flex_column av_one_full  flex_column_div av-zero-column-padding first  avia-builder-el-2  el_after_av_one_full  el_before_av_one_full  column-top-margin\" style='border-radius:0px; '><section class=\"av_textblock_section \"  itemscope=\"itemscope\" itemtype=\"https:\/\/schema.org\/BlogPosting\" itemprop=\"blogPost\" ><div class='avia_textblock  '   itemprop=\"text\" ><p style=\"text-align: center;\"><strong><span style=\"font-size: 18pt;\">Coyhaique: Inician trabajos en nuevas bah\u00edas de estacionamiento y baldosas para tr\u00e1nsito universal en calle Freire<\/span><\/strong><\/p>\n<div id=\"gtx-trans\" style=\"position: absolute; left: -50px; top: 4.31534px;\">\n<div class=\"gtx-trans-icon\"><\/div>\n<\/div>\n<\/div><\/section><\/div><div class=\"flex_column av_one_full  flex_column_div av-zero-column-padding first  avia-builder-el-4  el_after_av_one_full  el_before_av_hr  column-top-margin\" style='border-radius:0px; '><section class=\"av_textblock_section \"  itemscope=\"itemscope\" itemtype=\"https:\/\/schema.org\/BlogPosting\" itemprop=\"blogPost\" ><div class='avia_textblock  '   itemprop=\"text\" ><p style=\"text-align: justify;\">Con una inversi\u00f3n de 118 millones de pesos provenientes del Fondo Regional de Iniciativa Local (FRIL) del Gobierno Regional de Ays\u00e9n, la Municipalidad de Coyhaique avanza en la construcci\u00f3n de nuevas bah\u00edas de estacionamiento y la instalaci\u00f3n de baldosas para tr\u00e1nsito universal en calle Freire, obras que forman parte del Plan de Recuperaci\u00f3n de Calles y Veredas impulsado por la actual administraci\u00f3n.<\/p>\n<p style=\"text-align: justify;\">Este proyecto busca mejorar la conectividad, accesibilidad y ordenamiento vial en uno de los sectores con alta circulaci\u00f3n peatonal y comercial de la comuna, incorporando infraestructura que permita un tr\u00e1nsito seguro e inclusivo para todas las personas.<\/p>\n<p style=\"text-align: justify;\">El alcalde Carlos Gatica ha se\u00f1alado en diversas oportunidades que uno de los ejes prioritarios de su gesti\u00f3n es cambiar la cara de la comuna, recuperando espacios p\u00fablicos y mejorando la calidad de las calles y veredas.<\/p>\n<p style=\"text-align: justify;\">El Plan de Recuperaci\u00f3n de Calles y Veredas contempla intervenciones en distintos puntos de Coyhaique, con foco en sectores estrat\u00e9gicos donde el deterioro urbano requer\u00eda una intervenci\u00f3n urgente. En este contexto, la habilitaci\u00f3n de bah\u00edas de estacionamiento permitir\u00e1 ordenar el flujo vehicular, mientras que las nuevas baldosas de tr\u00e1nsito universal garantizan mayor accesibilidad para personas mayores, personas con discapacidad y familias que transitan diariamente por el sector.<\/p>\n<p style=\"text-align: justify;\">Desde el comercio local valoraron positivamente la iniciativa. Ver\u00f3nica Figueroa, representante de la Panader\u00eda Patag\u00f3nico, destac\u00f3 la importancia de estas mejoras, asegurando que \u201cqueremos transmitir tranquilidad a nuestros vecinos y clientes, porque el tr\u00e1nsito peatonal est\u00e1 asegurado y el comercio en la calle seguir\u00e1 abierto al p\u00fablico. Agradecemos estas obras porque significan un gran avance para nuestro sector y nos permiten proyectar un entorno m\u00e1s ordenado y atractivo\u201d.<\/p>\n<p style=\"text-align: justify;\">Por su parte, el arquitecto Pablo Ch\u00e1vez subray\u00f3 el impacto urbano de la intervenci\u00f3n, asegurando que \u201ceste tipo de infraestructura no solo mejora la circulaci\u00f3n y accesibilidad, sino que viene acompa\u00f1ada de un plan de hermoseamiento que apunta a revitalizar el sector. Cuando mejoramos veredas, ordenamos estacionamientos y pensamos en accesibilidad universal, estamos construyendo ciudad y fortaleciendo la identidad urbana\u201d.<\/p>\n<p style=\"text-align: justify;\">Las obras en calle Freire se enmarcan en una estrategia mayor que busca consolidar espacios m\u00e1s seguros, inclusivos y amigables para vecinos y comerciantes, avanzando hacia una comuna m\u00e1s ordenada y moderna.<\/p>\n<\/div><\/section><\/div><div  style='height:50px' class='hr hr-invisible   avia-builder-el-6  el_after_av_one_full  el_before_av_social_share '><span class='hr-inner ' ><span class='hr-inner-style'><\/span><\/span><\/div><\/p>\n<div  class='av-social-sharing-box  avia-builder-el-7  el_after_av_hr  el_before_av_hr  '><div class='av-share-box'><h5 class='av-share-link-description av-no-toc '>Compartir esta noticia<\/h5><ul class='av-share-box-list noLightbox'><li class='av-share-link av-social-link-facebook' ><a target=\"_blank\" aria-label=\"Compartir en Facebook\" href='https:\/\/www.facebook.com\/sharer.php?u=https:\/\/radiorevelacionfm.cl\/?p=64739&#038;t=Coyhaique%3A%20Inician%20trabajos%20en%20nuevas%20bah%C3%ADas%20de%20estacionamiento%20y%20baldosas%20para%20tr%C3%A1nsito%20universal%20en%20calle%20Freire' aria-hidden='false' data-av_icon='\ue8f3' data-av_iconfont='entypo-fontello' title='' data-avia-related-tooltip='Compartir en Facebook' rel=\"noopener\"><span class='avia_hidden_link_text'>Compartir en Facebook<\/span><\/a><\/li><li class='av-share-link av-social-link-twitter' ><a target=\"_blank\" aria-label=\"Compartir en Twitter\" href='https:\/\/twitter.com\/share?text=Coyhaique%3A%20Inician%20trabajos%20en%20nuevas%20bah%C3%ADas%20de%20estacionamiento%20y%20baldosas%20para%20tr%C3%A1nsito%20universal%20en%20calle%20Freire&#038;url=https:\/\/radiorevelacionfm.cl\/?p=64739' aria-hidden='false' data-av_icon='\ue8f1' data-av_iconfont='entypo-fontello' title='' data-avia-related-tooltip='Compartir en Twitter' rel=\"noopener\"><span class='avia_hidden_link_text'>Compartir en Twitter<\/span><\/a><\/li><li class='av-share-link av-social-link-whatsapp' ><a target=\"_blank\" aria-label=\"Compartir en Whatsapp\" href='https:\/\/api.whatsapp.com\/send?text=https:\/\/radiorevelacionfm.cl\/?p=64739' aria-hidden='false' data-av_icon='\uf232' data-av_iconfont='entypo-fontello' title='' data-avia-related-tooltip='Compartir en Whatsapp' rel=\"noopener\"><span class='avia_hidden_link_text'>Compartir en Whatsapp<\/span><\/a><\/li><li class='av-share-link av-social-link-linkedin' ><a target=\"_blank\" aria-label=\"Compartir en LinkedIn\" href='https:\/\/linkedin.com\/shareArticle?mini=true&#038;title=Coyhaique%3A%20Inician%20trabajos%20en%20nuevas%20bah%C3%ADas%20de%20estacionamiento%20y%20baldosas%20para%20tr%C3%A1nsito%20universal%20en%20calle%20Freire&#038;url=https:\/\/radiorevelacionfm.cl\/?p=64739' aria-hidden='false' data-av_icon='\ue8fc' data-av_iconfont='entypo-fontello' title='' data-avia-related-tooltip='Compartir en LinkedIn' rel=\"noopener\"><span class='avia_hidden_link_text'>Compartir en LinkedIn<\/span><\/a><\/li><li class='av-share-link av-social-link-mail' ><a  aria-label=\"Compartir por correo\" href='mailto:?subject=Coyhaique%3A%20Inician%20trabajos%20en%20nuevas%20bah%C3%ADas%20de%20estacionamiento%20y%20baldosas%20para%20tr%C3%A1nsito%20universal%20en%20calle%20Freire&#038;body=https:\/\/radiorevelacionfm.cl\/?p=64739' aria-hidden='false' data-av_icon='\ue805' data-av_iconfont='entypo-fontello' title='' data-avia-related-tooltip='Compartir por correo'><span class='avia_hidden_link_text'>Compartir por correo<\/span><\/a><\/li><\/ul><\/div><\/div>\n<div  style='height:50px' class='hr hr-invisible   avia-builder-el-8  el_after_av_social_share  el_before_av_comments_list '><span class='hr-inner ' ><span class='hr-inner-style'><\/span><\/span><\/div>\n<div  class='av-buildercomment  av-blog-meta-html-info-disabled av-blog-meta-tag-disabled  '><\/div>\n","protected":false},"excerpt":{"rendered":"","protected":false},"author":1,"featured_media":64740,"comment_status":"closed","ping_status":"closed","sticky":false,"template":"","format":"standard","meta":{"footnotes":""},"categories":[38],"tags":[],"class_list":["post-64739","post","type-post","status-publish","format-standard","has-post-thumbnail","hentry","category-regional"],"jetpack_featured_media_url":"https:\/\/radiorevelacionfm.cl\/wp-content\/uploads\/2026\/03\/img_7337-1_optimized.jpg","_links":{"self":[{"href":"https:\/\/radiorevelacionfm.cl\/index.php?rest_route=\/wp\/v2\/posts\/64739","targetHints":{"allow":["GET"]}}],"collection":[{"href":"https:\/\/radiorevelacionfm.cl\/index.php?rest_route=\/wp\/v2\/posts"}],"about":[{"href":"https:\/\/radiorevelacionfm.cl\/index.php?rest_route=\/wp\/v2\/types\/post"}],"author":[{"embeddable":true,"href":"https:\/\/radiorevelacionfm.cl\/index.php?rest_route=\/wp\/v2\/users\/1"}],"replies":[{"embeddable":true,"href":"https:\/\/radiorevelacionfm.cl\/index.php?rest_route=%2Fwp%2Fv2%2Fcomments&post=64739"}],"version-history":[{"count":2,"href":"https:\/\/radiorevelacionfm.cl\/index.php?rest_route=\/wp\/v2\/posts\/64739\/revisions"}],"predecessor-version":[{"id":64742,"href":"https:\/\/radiorevelacionfm.cl\/index.php?rest_route=\/wp\/v2\/posts\/64739\/revisions\/64742"}],"wp:featuredmedia":[{"embeddable":true,"href":"https:\/\/radiorevelacionfm.cl\/index.php?rest_route=\/wp\/v2\/media\/64740"}],"wp:attachment":[{"href":"https:\/\/radiorevelacionfm.cl\/index.php?rest_route=%2Fwp%2Fv2%2Fmedia&parent=64739"}],"wp:term":[{"taxonomy":"category","embeddable":true,"href":"https:\/\/radiorevelacionfm.cl\/index.php?rest_route=%2Fwp%2Fv2%2Fcategories&post=64739"},{"taxonomy":"post_tag","embeddable":true,"href":"https:\/\/radiorevelacionfm.cl\/index.php?rest_route=%2Fwp%2Fv2%2Ftags&post=64739"}],"curies":[{"name":"wp","href":"https:\/\/api.w.org\/{rel}","templated":true}]}}